{"id":10063,"date":"2025-05-03T20:05:21","date_gmt":"2025-05-03T18:05:21","guid":{"rendered":"https:\/\/parafiasmardzewo.pl\/?p=10063"},"modified":"2025-05-03T20:05:21","modified_gmt":"2025-05-03T18:05:21","slug":"msze-swiete-od-5-11-maja-2025-roku","status":"publish","type":"post","link":"https:\/\/parafiasmardzewo.pl\/?p=10063","title":{"rendered":"Msze \u015awi\u0119te od 5 &#8211; 11 maja 2025 roku"},"content":{"rendered":"<p><strong>Poniedzia\u0142ek<\/strong><\/p>\n<p><strong>godz. 7.30 + <\/strong>Marianna Kamaszewska int. p.<\/p>\n<p><strong>godz. 18.00<\/strong> + Czes\u0142awa Szczutowska<\/p>\n<p><strong>Wtorek<\/strong><\/p>\n<p><strong>godz. 7.30 +<\/strong> Roman W\u0142ostowski \u2013 int. p.<\/p>\n<p><strong>godz. 18.00<\/strong> W intencji Ojczyzny<\/p>\n<p><strong>\u015aroda <\/strong><\/p>\n<p><strong>godz. 16.30 +<\/strong> Stanis\u0142aw i Teresa\u00a0 Gawkowscy int. p.<\/p>\n<p><strong>Czwartek\u00a0\u00a0\u00a0\u00a0\u00a0\u00a0\u00a0\u00a0\u00a0\u00a0\u00a0\u00a0\u00a0\u00a0\u00a0\u00a0\u00a0\u00a0\u00a0\u00a0\u00a0\u00a0\u00a0\u00a0\u00a0\u00a0\u00a0\u00a0\u00a0\u00a0\u00a0\u00a0\u00a0\u00a0\u00a0\u00a0\u00a0\u00a0\u00a0\u00a0\u00a0\u00a0\u00a0\u00a0\u00a0\u00a0\u00a0\u00a0\u00a0\u00a0\u00a0\u00a0\u00a0\u00a0\u00a0\u00a0\u00a0\u00a0\u00a0\u00a0\u00a0\u00a0\u00a0\u00a0\u00a0\u00a0\u00a0\u00a0\u00a0\u00a0\u00a0\u00a0\u00a0\u00a0\u00a0\u00a0\u00a0\u00a0\u00a0\u00a0\u00a0\u00a0\u00a0\u00a0\u00a0\u00a0\u00a0\u00a0\u00a0\u00a0\u00a0\u00a0\u00a0\u00a0\u00a0\u00a0\u00a0\u00a0\u00a0\u00a0\u00a0\u00a0\u00a0\u00a0\u00a0\u00a0\u00a0\u00a0\u00a0\u00a0\u00a0\u00a0\u00a0\u00a0\u00a0\u00a0\u00a0\u00a0\u00a0\u00a0\u00a0\u00a0\u00a0\u00a0\u00a0\u00a0\u00a0\u00a0\u00a0\u00a0\u00a0\u00a0\u00a0\u00a0\u00a0\u00a0\u00a0\u00a0\u00a0\u00a0\u00a0\u00a0\u00a0\u00a0\u00a0\u00a0\u00a0\u00a0\u00a0\u00a0\u00a0\u00a0\u00a0\u00a0\u00a0\u00a0\u00a0\u00a0\u00a0 <\/strong><strong>godz. 18.00 <\/strong>+ Adam i Jan Sass i Salomea Jasi\u0144ska <strong>\u00a0<\/strong><\/p>\n<p><strong>\u00a0Pi\u0105tek<\/strong><\/p>\n<p><strong>godz. 7.30 + <\/strong>Marta Banasiewicz int.<\/p>\n<p><strong>godz. 18.00<\/strong> + Zofia Wi\u015bniewska (18 rocz. \u015bmierci), r-c\u00f3w Marta i J\u00f3zef Wi\u015bniewscy i braci Wi\u015bniewskich<\/p>\n<p><strong>Sobota\u00a0\u00a0\u00a0\u00a0\u00a0 <\/strong><strong>\u00a0\u00a0\u00a0\u00a0\u00a0\u00a0\u00a0\u00a0\u00a0\u00a0\u00a0\u00a0\u00a0\u00a0\u00a0\u00a0\u00a0\u00a0\u00a0\u00a0\u00a0\u00a0\u00a0\u00a0\u00a0\u00a0\u00a0\u00a0\u00a0\u00a0\u00a0\u00a0\u00a0\u00a0\u00a0\u00a0\u00a0\u00a0\u00a0\u00a0\u00a0\u00a0\u00a0\u00a0\u00a0\u00a0\u00a0\u00a0\u00a0\u00a0\u00a0\u00a0\u00a0\u00a0\u00a0\u00a0\u00a0\u00a0\u00a0\u00a0\u00a0\u00a0\u00a0\u00a0\u00a0\u00a0\u00a0\u00a0\u00a0\u00a0\u00a0\u00a0\u00a0\u00a0\u00a0\u00a0\u00a0\u00a0\u00a0\u00a0\u00a0\u00a0\u00a0\u00a0\u00a0\u00a0\u00a0\u00a0\u00a0\u00a0\u00a0\u00a0\u00a0\u00a0\u00a0\u00a0\u00a0\u00a0\u00a0\u00a0\u00a0\u00a0\u00a0\u00a0\u00a0\u00a0\u00a0\u00a0\u00a0\u00a0\u00a0\u00a0\u00a0\u00a0\u00a0\u00a0\u00a0\u00a0\u00a0\u00a0\u00a0\u00a0\u00a0\u00a0\u00a0\u00a0\u00a0\u00a0\u00a0\u00a0\u00a0\u00a0\u00a0\u00a0\u00a0\u00a0\u00a0\u00a0\u00a0\u00a0\u00a0\u00a0\u00a0\u00a0\u00a0\u00a0\u00a0\u00a0\u00a0\u00a0\u00a0\u00a0\u00a0<\/strong><\/p>\n<p><strong>godz. 7.30<\/strong> + Piotr B\u0142aszkowski int. p.<\/p>\n<p><strong>godz. 18.00 <\/strong>+ Alina Marciszewska \u2013 int. p.<\/p>\n<p><strong>Niedziela<\/strong><\/p>\n<p><strong>godz. 9.00 \u00a0+<\/strong> W\u0142odzimierz Grabowski i Teresa \u0141ukasiewicz; 2) +dziadk\u00f3w Adam i Marianna, r-c\u00f3w Jan i Anna i siostr\u0119 Roman\u0119 B\u0142aszczak\u00f3w<\/p>\n<p><strong>godz. 10.45<\/strong> O \u0142ask\u0119 zdrowia i opiek\u0119 Matki Bo\u017cej dla wnuk\u00f3w i rodzic\u00f3w; 2) Dzi\u0119kczynna i o Bo\u017ce b\u0142ogos\u0142awie\u0144stwo dla Macieja Kope\u0107 w 18. rocznic\u0119 urodzin<\/p>\n<p><strong>godz. 16.00<\/strong> + Adam Wi\u015bniewski; 2 W intencji parafian i go\u015bci<\/p>\n<p>&nbsp;<\/p>\n","protected":false},"excerpt":{"rendered":"<p>Poniedzia\u0142ek godz. 7.30 + Marianna Kamaszewska int. p. godz. 18.00 + Czes\u0142awa Szczutowska Wtorek godz. 7.30 + Roman W\u0142ostowski \u2013 int. p. godz. 18.00 W intencji Ojczyzny \u015aroda godz. 16.30 + Stanis\u0142aw i Teresa\u00a0 Gawkowscy int. p. Czwartek\u00a0\u00a0\u00a0\u00a0\u00a0\u00a0\u00a0\u00a0\u00a0\u00a0\u00a0\u00a0\u00a0\u00a0\u00a0\u00a0\u00a0\u00a0\u00a0\u00a0\u00a0\u00a0\u00a0\u00a0\u00a0\u00a0\u00a0\u00a0\u00a0\u00a0\u00a0\u00a0\u00a0\u00a0\u00a0\u00a0\u00a0\u00a0\u00a0\u00a0\u00a0\u00a0\u00a0\u00a0\u00a0\u00a0\u00a0\u00a0\u00a0\u00a0\u00a0\u00a0\u00a0\u00a0\u00a0\u00a0\u00a0\u00a0\u00a0\u00a0\u00a0\u00a0\u00a0\u00a0\u00a0\u00a0\u00a0\u00a0\u00a0\u00a0\u00a0\u00a0\u00a0\u00a0\u00a0\u00a0\u00a0\u00a0\u00a0\u00a0\u00a0\u00a0\u00a0\u00a0\u00a0\u00a0\u00a0\u00a0\u00a0\u00a0\u00a0\u00a0\u00a0\u00a0\u00a0\u00a0\u00a0\u00a0\u00a0\u00a0\u00a0\u00a0\u00a0\u00a0\u00a0\u00a0\u00a0\u00a0\u00a0\u00a0\u00a0\u00a0\u00a0\u00a0\u00a0\u00a0\u00a0\u00a0\u00a0\u00a0\u00a0\u00a0\u00a0\u00a0\u00a0\u00a0\u00a0\u00a0\u00a0\u00a0\u00a0\u00a0\u00a0\u00a0\u00a0\u00a0\u00a0\u00a0\u00a0\u00a0\u00a0\u00a0\u00a0\u00a0\u00a0\u00a0\u00a0\u00a0\u00a0\u00a0\u00a0\u00a0\u00a0\u00a0\u00a0\u00a0\u00a0\u00a0\u00a0 godz. 18.00 + Adam i Jan Sass i Salomea Jasi\u0144ska \u00a0 \u00a0Pi\u0105tek godz. 7.30 + Marta Banasiewicz &hellip; <\/p>\n<p><a class=\"more-link btn\" href=\"https:\/\/parafiasmardzewo.pl\/?p=10063\">Kontynuuj czytanie<\/a><\/p>\n","protected":false},"author":2,"featured_media":10008,"comment_status":"open","ping_status":"open","sticky":false,"template":"","format":"standard","meta":[],"categories":[5],"tags":[],"_links":{"self":[{"href":"https:\/\/parafiasmardzewo.pl\/index.php?rest_route=\/wp\/v2\/posts\/10063"}],"collection":[{"href":"https:\/\/parafiasmardzewo.pl\/index.php?rest_route=\/wp\/v2\/posts"}],"about":[{"href":"https:\/\/parafiasmardzewo.pl\/index.php?rest_route=\/wp\/v2\/types\/post"}],"author":[{"embeddable":true,"href":"https:\/\/parafiasmardzewo.pl\/index.php?rest_route=\/wp\/v2\/users\/2"}],"replies":[{"embeddable":true,"href":"https:\/\/parafiasmardzewo.pl\/index.php?rest_route=%2Fwp%2Fv2%2Fcomments&post=10063"}],"version-history":[{"count":1,"href":"https:\/\/parafiasmardzewo.pl\/index.php?rest_route=\/wp\/v2\/posts\/10063\/revisions"}],"predecessor-version":[{"id":10064,"href":"https:\/\/parafiasmardzewo.pl\/index.php?rest_route=\/wp\/v2\/posts\/10063\/revisions\/10064"}],"wp:featuredmedia":[{"embeddable":true,"href":"https:\/\/parafiasmardzewo.pl\/index.php?rest_route=\/wp\/v2\/media\/10008"}],"wp:attachment":[{"href":"https:\/\/parafiasmardzewo.pl\/index.php?rest_route=%2Fwp%2Fv2%2Fmedia&parent=10063"}],"wp:term":[{"taxonomy":"category","embeddable":true,"href":"https:\/\/parafiasmardzewo.pl\/index.php?rest_route=%2Fwp%2Fv2%2Fcategories&post=10063"},{"taxonomy":"post_tag","embeddable":true,"href":"https:\/\/parafiasmardzewo.pl\/index.php?rest_route=%2Fwp%2Fv2%2Ftags&post=10063"}],"curies":[{"name":"wp","href":"https:\/\/api.w.org\/{rel}","templated":true}]}}