{"id":10065,"date":"2025-05-03T20:22:40","date_gmt":"2025-05-03T18:22:40","guid":{"rendered":"https:\/\/parafiasmardzewo.pl\/?p=10065"},"modified":"2025-05-03T20:22:40","modified_gmt":"2025-05-03T18:22:40","slug":"trzecia-niedziela-wielkanocy-4-maja-2025-roku","status":"publish","type":"post","link":"https:\/\/parafiasmardzewo.pl\/?p=10065","title":{"rendered":"TRZECIA NIEDZIELA WIELKANOCY &#8211; 4 maja 2025 roku"},"content":{"rendered":"<p><strong>OG\u0141OSZENIA DUSZPASTERSKIE<\/strong><\/p>\n<ol>\n<li>Dzi\u015b przypada trzecia niedziela Wielkanocy. Jest to r\u00f3wnie\u017c pierwsza niedziela miesi\u0105ca. Po sumie b\u0119dzie adoracja i procesja wok\u00f3\u0142 ko\u015bcio\u0142a. Zapraszam asyst\u0119 procesyjn\u0105. Po Mszy \u015awi\u0119tej o godz. 16.00 zapraszam na spotkanie rodzic\u00f3w, kt\u00f3rych dzieci przyst\u0105pi\u0105 do Pierwszej Komunii \u015awi\u0119tej (25 maja g. 10.45) i rodzic\u00f3w uczni\u00f3w kl. IV, kt\u00f3rzy odnowi\u0105 Przyrzeczenia Chrztu \u015awi\u0119tego (1 czerwca . g. 10.45).<\/li>\n<li>W trzeci\u0105 niedziel\u0119 Wielkanocy we wszystkich diecezjach w Polsce obchodzona jest Niedziela Biblijna, kt\u00f3ra rozpoczyna Tydzie\u0144 Biblijny. Niedziela i Tydzie\u0144 Biblijny to inicjatywa kierowana do ka\u017cdego wierz\u0105cego. Pismo \u015awi\u0119te, zw\u0142aszcza ksi\u0119gi Nowego Testamentu, przybli\u017caj\u0105 nam Chrystusa jako naszego Pana i Mistrza. Nie tylko dzisiaj, w\u00a0Niedziel\u0119 Biblijn\u0105 oraz w ci\u0105gu tego rozpoczynaj\u0105cego si\u0119 Tygodnia Biblijnego, rozwa\u017cajmy s\u0142owo Bo\u017ce, zw\u0142aszcza zawarte w Ewangeliach.<\/li>\n<li>W ca\u0142ym Ko\u015bciele powszechnym w dniach 4 do 5 maja sw\u00f3j Jubileusz obchodz\u0105 przedsi\u0119biorcy w ramach Roku Jubileuszowego 2025. Natomiast od 10 do 11 maja tak samo sw\u00f3j Jubileusz b\u0119d\u0105 celebrowa\u0142y zespo\u0142y muzyczne.<\/li>\n<li>W tym tygodniu przypadaj\u0105 te\u017c kolejne \u015bwi\u0119ta. We wtorek, 6 maja, obchodzimy \u015bwi\u0119to \u015awi\u0119tych Aposto\u0142\u00f3w Filipa i Jakuba. W czwartek, 8 maja, przypada uroczysto\u015b\u0107 \u015awi\u0119tego Stanis\u0142awa, biskupa i m\u0119czennika, g\u0142\u00f3wnego patrona Polski.<\/li>\n<li>Przypominam, \u017ce w naszym ko\u015bciele w maju codziennie sprawujemy nabo\u017ce\u0144stwa majowe ku czci Matki Naj\u015bwi\u0119tszej po Eucharystii o godz. 18.00. W niedziele \u015bpiewamy Litani\u0119 Loreta\u0144sk\u0105 o godz. 16.40.<\/li>\n<li>Za tydzie\u0144 (11 maja po Eucharystii o godz. 10.45) zapraszam na spotkanie m\u0142odzie\u017c z kl. VII i VIII oraz ich rodzic\u00f3w po odbi\u00f3r indeks\u00f3w do bierzmowania.<\/li>\n<li>Zach\u0119cam do nabycia prasy katolickiej.<\/li>\n<\/ol>\n<p>&nbsp;<\/p>\n","protected":false},"excerpt":{"rendered":"<p>OG\u0141OSZENIA DUSZPASTERSKIE Dzi\u015b przypada trzecia niedziela Wielkanocy. Jest to r\u00f3wnie\u017c pierwsza niedziela miesi\u0105ca. Po sumie b\u0119dzie adoracja i procesja wok\u00f3\u0142 ko\u015bcio\u0142a. Zapraszam asyst\u0119 procesyjn\u0105. Po Mszy \u015awi\u0119tej o godz. 16.00 zapraszam na spotkanie rodzic\u00f3w, kt\u00f3rych dzieci przyst\u0105pi\u0105 do Pierwszej Komunii \u015awi\u0119tej (25 maja g. 10.45) i rodzic\u00f3w uczni\u00f3w kl. IV, kt\u00f3rzy odnowi\u0105 Przyrzeczenia Chrztu \u015awi\u0119tego &hellip; <\/p>\n<p><a class=\"more-link btn\" href=\"https:\/\/parafiasmardzewo.pl\/?p=10065\">Kontynuuj czytanie<\/a><\/p>\n","protected":false},"author":2,"featured_media":5378,"comment_status":"open","ping_status":"open","sticky":false,"template":"","format":"standard","meta":[],"categories":[2],"tags":[],"_links":{"self":[{"href":"https:\/\/parafiasmardzewo.pl\/index.php?rest_route=\/wp\/v2\/posts\/10065"}],"collection":[{"href":"https:\/\/parafiasmardzewo.pl\/index.php?rest_route=\/wp\/v2\/posts"}],"about":[{"href":"https:\/\/parafiasmardzewo.pl\/index.php?rest_route=\/wp\/v2\/types\/post"}],"author":[{"embeddable":true,"href":"https:\/\/parafiasmardzewo.pl\/index.php?rest_route=\/wp\/v2\/users\/2"}],"replies":[{"embeddable":true,"href":"https:\/\/parafiasmardzewo.pl\/index.php?rest_route=%2Fwp%2Fv2%2Fcomments&post=10065"}],"version-history":[{"count":1,"href":"https:\/\/parafiasmardzewo.pl\/index.php?rest_route=\/wp\/v2\/posts\/10065\/revisions"}],"predecessor-version":[{"id":10066,"href":"https:\/\/parafiasmardzewo.pl\/index.php?rest_route=\/wp\/v2\/posts\/10065\/revisions\/10066"}],"wp:featuredmedia":[{"embeddable":true,"href":"https:\/\/parafiasmardzewo.pl\/index.php?rest_route=\/wp\/v2\/media\/5378"}],"wp:attachment":[{"href":"https:\/\/parafiasmardzewo.pl\/index.php?rest_route=%2Fwp%2Fv2%2Fmedia&parent=10065"}],"wp:term":[{"taxonomy":"category","embeddable":true,"href":"https:\/\/parafiasmardzewo.pl\/index.php?rest_route=%2Fwp%2Fv2%2Fcategories&post=10065"},{"taxonomy":"post_tag","embeddable":true,"href":"https:\/\/parafiasmardzewo.pl\/index.php?rest_route=%2Fwp%2Fv2%2Ftags&post=10065"}],"curies":[{"name":"wp","href":"https:\/\/api.w.org\/{rel}","templated":true}]}}