{"id":10067,"date":"2025-05-10T21:26:48","date_gmt":"2025-05-10T19:26:48","guid":{"rendered":"https:\/\/parafiasmardzewo.pl\/?p=10067"},"modified":"2025-05-10T21:27:22","modified_gmt":"2025-05-10T19:27:22","slug":"msze-swiete-od-12-18-maja-2025-roku","status":"publish","type":"post","link":"https:\/\/parafiasmardzewo.pl\/?p=10067","title":{"rendered":"Msze \u015awi\u0119te od 12 &#8211; 18 maja 2025 roku"},"content":{"rendered":"<p><strong>Poniedzia\u0142ek<\/strong><\/p>\n<p><strong>godz. 11.00 <\/strong>Msza \u015awi\u0119ta pogrzebowa + Alina Porkuszewska<\/p>\n<p><strong>godz. 18.00<\/strong> Dzi\u0119kczynna i o Bo\u017ce b\u0142ogos\u0142awie\u0144stwo dla P. Mariusza i Katarzyny Dr\u0105\u017ckiewicz\u00f3w w 15. rocznic\u0119 \u015blubu<\/p>\n<p><strong>Wtorek<\/strong><\/p>\n<p><strong>godz. 7.30 +<\/strong> Wies\u0142awa Grzelak \u2013 int. p.<\/p>\n<p><strong>godz. 19.00<\/strong> Dzi\u0119kczynna za ubieg\u0142oroczne plony i pro\u015bba o opiek\u0119 Matki Bo\u017cej dla rodziny P. Czarneckich z \u0106wiklinka<\/p>\n<p><strong>\u015aroda <\/strong><\/p>\n<p><strong>godz. 18.00 +<\/strong> Marcin Dziedzic &#8211; urodzinowa<\/p>\n<p><strong>Czwartek\u00a0 \u00a0 \u00a0 \u00a0 \u00a0 \u00a0 \u00a0 \u00a0 \u00a0 \u00a0 \u00a0 \u00a0 \u00a0 \u00a0 \u00a0 \u00a0 \u00a0 \u00a0 \u00a0 \u00a0 \u00a0 \u00a0 \u00a0 \u00a0 \u00a0 \u00a0 \u00a0 \u00a0 \u00a0 \u00a0 \u00a0 \u00a0 \u00a0 \u00a0 \u00a0 \u00a0 \u00a0 \u00a0 \u00a0 \u00a0 \u00a0 \u00a0 \u00a0 \u00a0 \u00a0 \u00a0 \u00a0 \u00a0 \u00a0 \u00a0 \u00a0 \u00a0 \u00a0 \u00a0 \u00a0 \u00a0 \u00a0 \u00a0 \u00a0 \u00a0 \u00a0 \u00a0 \u00a0 \u00a0 \u00a0 \u00a0 \u00a0 \u00a0 \u00a0 \u00a0 \u00a0 \u00a0 \u00a0 \u00a0 \u00a0 \u00a0 \u00a0 \u00a0 \u00a0 \u00a0 \u00a0 \u00a0 \u00a0 \u00a0 \u00a0 \u00a0 \u00a0 \u00a0 \u00a0 \u00a0 \u00a0 \u00a0 \u00a0 \u00a0 \u00a0 \u00a0 \u00a0 \u00a0 \u00a0 \u00a0 \u00a0 \u00a0 \u00a0 \u00a0 \u00a0 <\/strong><strong>godz. 18.00 <\/strong>+ \u00a0Zofia i Henryk Tomaszewscy, S\u0142awomir Romanowski, Andrzej Tomaszewski, Teresa Lewandowska i Tadeusz Za\u0142\u0119cki<\/p>\n<p><strong>\u00a0Pi\u0105tek<\/strong><\/p>\n<p><strong>godz. 7.30 + <\/strong>\u00a0Barbara K\u0119pczy\u0144ska \u00a0int.<\/p>\n<p><strong>godz. 18.00<\/strong> + \u00a0Zygmunt i Genowefa Wi\u015bniewscy \u2013 int. p.<\/p>\n<p><strong>Sobota\u00a0\u00a0\u00a0\u00a0\u00a0 <\/strong><strong>\u00a0\u00a0\u00a0\u00a0\u00a0\u00a0\u00a0\u00a0\u00a0\u00a0\u00a0\u00a0\u00a0\u00a0\u00a0\u00a0\u00a0\u00a0\u00a0\u00a0\u00a0\u00a0\u00a0\u00a0\u00a0\u00a0\u00a0\u00a0\u00a0\u00a0\u00a0\u00a0\u00a0\u00a0\u00a0\u00a0\u00a0\u00a0\u00a0\u00a0\u00a0\u00a0\u00a0\u00a0\u00a0\u00a0\u00a0\u00a0\u00a0\u00a0\u00a0\u00a0\u00a0\u00a0\u00a0\u00a0\u00a0\u00a0\u00a0\u00a0\u00a0\u00a0\u00a0\u00a0\u00a0\u00a0\u00a0\u00a0\u00a0\u00a0\u00a0\u00a0\u00a0\u00a0\u00a0\u00a0\u00a0\u00a0\u00a0\u00a0\u00a0\u00a0\u00a0\u00a0\u00a0\u00a0\u00a0\u00a0\u00a0\u00a0\u00a0\u00a0\u00a0\u00a0\u00a0\u00a0\u00a0\u00a0\u00a0\u00a0\u00a0\u00a0\u00a0\u00a0\u00a0\u00a0\u00a0\u00a0\u00a0\u00a0\u00a0\u00a0\u00a0\u00a0\u00a0\u00a0\u00a0\u00a0\u00a0\u00a0\u00a0\u00a0\u00a0\u00a0\u00a0\u00a0\u00a0\u00a0\u00a0\u00a0\u00a0\u00a0\u00a0\u00a0\u00a0\u00a0\u00a0\u00a0\u00a0\u00a0\u00a0\u00a0\u00a0\u00a0\u00a0\u00a0\u00a0\u00a0\u00a0\u00a0\u00a0\u00a0\u00a0<\/strong><\/p>\n<p><strong>godz. 7.30<\/strong> + Czes\u0142aw Za\u0142\u0119cki int. p.<\/p>\n<p><strong>godz. 18.00 <\/strong>+ Wanda Zofia Ruszczak, \u0141ukasz Witulski, dziadk\u00f3w Gwiazdowskich, dziadk\u00f3w Doma\u0144skich i Halina Werda<\/p>\n<p><strong>Niedziela<\/strong><\/p>\n<p><strong>godz. 9.00 \u00a0+<\/strong> \u00a0Zofia Gizi\u0144ska i zmar\u0142ych z rodziny Gizi\u0144skich; 2) + Bonifacy Koci\u0144ski\u00a0 \u00a0 \u00a0 \u00a0 \u00a0 \u00a0 \u00a0 \u00a0 \u00a0 \u00a0 \u00a0 \u00a0 \u00a0 \u00a0 \u00a0 \u00a0 \u00a0 \u00a0 \u00a0 \u00a0 \u00a0 \u00a0 \u00a0 \u00a0 \u00a0 \u00a0 \u00a0 \u00a0 <strong>godz. 10.45<\/strong> W intencji parafian i go\u015bci; 2) Dzi\u0119kczynna i o Bo\u017ce b\u0142ogos\u0142awie\u0144stwo dla P. Wies\u0142awa Gierkowskiego w 80. rocznic\u0119 urodzin<\/p>\n<p><strong>godz. 16.00<\/strong> + r-n\u0119 Adamskich i Henryk Krynicki; 2) + Janina i Tadeusz Bluszcz<\/p>\n<p>&nbsp;<\/p>\n<p>&nbsp;<\/p>\n","protected":false},"excerpt":{"rendered":"<p>Poniedzia\u0142ek godz. 11.00 Msza \u015awi\u0119ta pogrzebowa + Alina Porkuszewska godz. 18.00 Dzi\u0119kczynna i o Bo\u017ce b\u0142ogos\u0142awie\u0144stwo dla P. Mariusza i Katarzyny Dr\u0105\u017ckiewicz\u00f3w w 15. rocznic\u0119 \u015blubu Wtorek godz. 7.30 + Wies\u0142awa Grzelak \u2013 int. p. godz. 19.00 Dzi\u0119kczynna za ubieg\u0142oroczne plony i pro\u015bba o opiek\u0119 Matki Bo\u017cej dla rodziny P. Czarneckich z \u0106wiklinka \u015aroda godz. &hellip; <\/p>\n<p><a class=\"more-link btn\" href=\"https:\/\/parafiasmardzewo.pl\/?p=10067\">Kontynuuj czytanie<\/a><\/p>\n","protected":false},"author":2,"featured_media":9988,"comment_status":"open","ping_status":"open","sticky":false,"template":"","format":"standard","meta":[],"categories":[5],"tags":[],"_links":{"self":[{"href":"https:\/\/parafiasmardzewo.pl\/index.php?rest_route=\/wp\/v2\/posts\/10067"}],"collection":[{"href":"https:\/\/parafiasmardzewo.pl\/index.php?rest_route=\/wp\/v2\/posts"}],"about":[{"href":"https:\/\/parafiasmardzewo.pl\/index.php?rest_route=\/wp\/v2\/types\/post"}],"author":[{"embeddable":true,"href":"https:\/\/parafiasmardzewo.pl\/index.php?rest_route=\/wp\/v2\/users\/2"}],"replies":[{"embeddable":true,"href":"https:\/\/parafiasmardzewo.pl\/index.php?rest_route=%2Fwp%2Fv2%2Fcomments&post=10067"}],"version-history":[{"count":2,"href":"https:\/\/parafiasmardzewo.pl\/index.php?rest_route=\/wp\/v2\/posts\/10067\/revisions"}],"predecessor-version":[{"id":10069,"href":"https:\/\/parafiasmardzewo.pl\/index.php?rest_route=\/wp\/v2\/posts\/10067\/revisions\/10069"}],"wp:featuredmedia":[{"embeddable":true,"href":"https:\/\/parafiasmardzewo.pl\/index.php?rest_route=\/wp\/v2\/media\/9988"}],"wp:attachment":[{"href":"https:\/\/parafiasmardzewo.pl\/index.php?rest_route=%2Fwp%2Fv2%2Fmedia&parent=10067"}],"wp:term":[{"taxonomy":"category","embeddable":true,"href":"https:\/\/parafiasmardzewo.pl\/index.php?rest_route=%2Fwp%2Fv2%2Fcategories&post=10067"},{"taxonomy":"post_tag","embeddable":true,"href":"https:\/\/parafiasmardzewo.pl\/index.php?rest_route=%2Fwp%2Fv2%2Ftags&post=10067"}],"curies":[{"name":"wp","href":"https:\/\/api.w.org\/{rel}","templated":true}]}}