{"id":10070,"date":"2025-05-10T21:30:09","date_gmt":"2025-05-10T19:30:09","guid":{"rendered":"https:\/\/parafiasmardzewo.pl\/?p=10070"},"modified":"2025-05-10T21:30:09","modified_gmt":"2025-05-10T19:30:09","slug":"czwarta-niedziela-wielkanocy-11-maja-2025","status":"publish","type":"post","link":"https:\/\/parafiasmardzewo.pl\/?p=10070","title":{"rendered":"CZWARTA NIEDZIELA WIELKANOCY &#8211; 11 maja 2025"},"content":{"rendered":"<p><strong>OG\u0141OSZENIA DUSZPASTERSKIE\u00a0\u00a0\u00a0\u00a0\u00a0\u00a0\u00a0\u00a0\u00a0\u00a0\u00a0\u00a0\u00a0\u00a0\u00a0\u00a0\u00a0\u00a0\u00a0\u00a0\u00a0\u00a0\u00a0\u00a0\u00a0\u00a0\u00a0\u00a0\u00a0\u00a0\u00a0\u00a0\u00a0\u00a0\u00a0\u00a0\u00a0\u00a0\u00a0\u00a0\u00a0\u00a0\u00a0\u00a0\u00a0\u00a0\u00a0\u00a0\u00a0\u00a0\u00a0\u00a0\u00a0\u00a0\u00a0\u00a0\u00a0\u00a0\u00a0\u00a0\u00a0\u00a0\u00a0\u00a0\u00a0\u00a0\u00a0\u00a0\u00a0\u00a0\u00a0\u00a0\u00a0\u00a0\u00a0\u00a0\u00a0\u00a0\u00a0\u00a0\u00a0\u00a0\u00a0\u00a0\u00a0\u00a0\u00a0\u00a0\u00a0\u00a0\u00a0\u00a0\u00a0\u00a0\u00a0\u00a0\u00a0\u00a0\u00a0\u00a0\u00a0\u00a0\u00a0\u00a0\u00a0\u00a0\u00a0\u00a0\u00a0\u00a0\u00a0\u00a0\u00a0\u00a0\u00a0\u00a0\u00a0 <\/strong><\/p>\n<ol>\n<li>Dzisiejsz\u0105 niedziel\u0119 prze\u017cywamy w Ko\u015bciele jako \u015awiatowy Dzie\u0144 Modlitw o Powo\u0142ania Kap\u0142a\u0144skie i Zakonne. Rozpoczynaj\u0105 si\u0119 te\u017c kwartalne dni modlitw o powo\u0142ania do s\u0142u\u017cby w\u00a0Ko\u015bciele. Musimy prosi\u0107 Jezusa Chrystusa \u2013 Dobrego Pasterza, aby nigdy nie zabrak\u0142o nowych pracownik\u00f3w w Bo\u017cej winnicy.<\/li>\n<li>Podczas tego tygodnia b\u0119dziemy szczeg\u00f3lnie prosi\u0107 o powo\u0142ania kap\u0142a\u0144skie i zakonne z\u00a0naszej wsp\u00f3lnoty parafialnej. Pro\u015bmy o pomoc T\u0119, kt\u00f3ra wiernie i do ko\u0144ca trwa\u0142a przy Chrystusie i przy rodz\u0105cym si\u0119 Ko\u015bciele w Dniu Pi\u0119\u0107dziesi\u0105tnicy. Maryja jest najlepsz\u0105 Matk\u0105 wszystkich kap\u0142an\u00f3w i Wychowawczyni\u0105 powo\u0142a\u0144 kap\u0142a\u0144skich.<\/li>\n<li>Dzisiaj, po Mszy \u015awi\u0119tej o godz. 10.45 zapraszam m\u0142odzie\u017c z rodzicami (przynajmniej jeden rodzic) na spotkanie dotycz\u0105ce sakramentu bierzmowania (kl. VII i VIII). Kandydaci do sakramentu bierzmowania otrzymaj\u0105 indeksy.<\/li>\n<li>W poniedzia\u0142ek (12 maja) na godz. 18.45 zapraszam uczni\u00f3w kl. IV na spotkanie przygotowuj\u0105ce do odnowienia Przyrzecze\u0144 Chrztu \u015awi\u0119tego. W \u015brod\u0119 (14 maja) na godz. 18.45 zapraszam uczni\u00f3w kl. III na kolejne spotkanie przygotowuj\u0105ce do Pierwszej Komunii \u015awi\u0119tej.<\/li>\n<li>We wtorek, 13 maja, w liturgii wspominamy Matk\u0119 Bo\u017c\u0105 Fatimsk\u0105 oraz 44. rocznic\u0119 zamachu na \u015awi\u0119tego Jana Paw\u0142a II. <strong>Zapraszam na wieczorn\u0105 Eucharysti\u0119 i nabo\u017ce\u0144stwo fatimskie w naszym ko\u015bciele o godz. 19.00.<\/strong><\/li>\n<li>W \u015brod\u0119, 14 maja, w liturgii czcimy \u015awi\u0119tego Macieja Aposto\u0142a, wybranego do grona Dwunastu w miejsce Judasza<\/li>\n<li>Natomiast w pi\u0105tek, 16 maja, przypada \u015bwi\u0119to patrona Polski, \u015awi\u0119tego Andrzeja Boboli, kap\u0142ana i m\u0119czennika. \u017by\u0142 na prze\u0142omie XVI i XVII wieku i zas\u0142yn\u0105\u0142 jako gorliwy kaznodzieja i duszpasterz jezuicki. Zyska\u0142 miano \u201e\u0142owcy dusz\u201d. Dnia 16 maja 1657 roku zosta\u0142 schwytany przez Kozak\u00f3w. Mimo okrutnych tortur nie wyrzek\u0142 si\u0119 wiary w Jezusa Chrystusa. Jego relikwie znajduj\u0105 si\u0119 w ko\u015bciele oo. jezuit\u00f3w przy ul. Rakowieckiej w\u00a0Warszawie. Niech ten \u015awi\u0119ty Patron b\u0119dzie dla nas wzorem bezkompromisowo\u015bci wiary i\u00a0przywi\u0105zania do Zbawiciela, a zarazem or\u0119downikiem w trudnym budowaniu \u0142adu i jedno\u015bci w naszej Ojczy\u017anie i we wsp\u00f3lnocie narod\u00f3w.<\/li>\n<li>Trwaj\u0105 nabo\u017ce\u0144stwa majowe ku czci Matki Naj\u015bwi\u0119tszej. W naszym ko\u015bciele odprawiamy je po Eucharystii o godz. 18.00. W niedziele nabo\u017ce\u0144stwo majowe o godz. 15.40.<\/li>\n<li>W ca\u0142ym Ko\u015bciele powszechnym w dniach 16 do 18 maja sw\u00f3j Jubileusz obchodz\u0105 bractwa w ramach Roku Jubileuszowego 2025.<\/li>\n<li>Zach\u0119cam do nabycia prasy katolickiej.<\/li>\n<\/ol>\n","protected":false},"excerpt":{"rendered":"<p>OG\u0141OSZENIA DUSZPASTERSKIE\u00a0\u00a0\u00a0\u00a0\u00a0\u00a0\u00a0\u00a0\u00a0\u00a0\u00a0\u00a0\u00a0\u00a0\u00a0\u00a0\u00a0\u00a0\u00a0\u00a0\u00a0\u00a0\u00a0\u00a0\u00a0\u00a0\u00a0\u00a0\u00a0\u00a0\u00a0\u00a0\u00a0\u00a0\u00a0\u00a0\u00a0\u00a0\u00a0\u00a0\u00a0\u00a0\u00a0\u00a0\u00a0\u00a0\u00a0\u00a0\u00a0\u00a0\u00a0\u00a0\u00a0\u00a0\u00a0\u00a0\u00a0\u00a0\u00a0\u00a0\u00a0\u00a0\u00a0\u00a0\u00a0\u00a0\u00a0\u00a0\u00a0\u00a0\u00a0\u00a0\u00a0\u00a0\u00a0\u00a0\u00a0\u00a0\u00a0\u00a0\u00a0\u00a0\u00a0\u00a0\u00a0\u00a0\u00a0\u00a0\u00a0\u00a0\u00a0\u00a0\u00a0\u00a0\u00a0\u00a0\u00a0\u00a0\u00a0\u00a0\u00a0\u00a0\u00a0\u00a0\u00a0\u00a0\u00a0\u00a0\u00a0\u00a0\u00a0\u00a0\u00a0\u00a0\u00a0\u00a0\u00a0 Dzisiejsz\u0105 niedziel\u0119 prze\u017cywamy w Ko\u015bciele jako \u015awiatowy Dzie\u0144 Modlitw o Powo\u0142ania Kap\u0142a\u0144skie i Zakonne. Rozpoczynaj\u0105 si\u0119 te\u017c kwartalne dni modlitw o powo\u0142ania do s\u0142u\u017cby w\u00a0Ko\u015bciele. Musimy prosi\u0107 Jezusa Chrystusa \u2013 Dobrego Pasterza, aby nigdy nie zabrak\u0142o nowych pracownik\u00f3w w Bo\u017cej winnicy. Podczas tego tygodnia b\u0119dziemy szczeg\u00f3lnie prosi\u0107 o powo\u0142ania kap\u0142a\u0144skie i zakonne z\u00a0naszej &hellip; <\/p>\n<p><a class=\"more-link btn\" href=\"https:\/\/parafiasmardzewo.pl\/?p=10070\">Kontynuuj czytanie<\/a><\/p>\n","protected":false},"author":2,"featured_media":5378,"comment_status":"open","ping_status":"open","sticky":false,"template":"","format":"standard","meta":[],"categories":[2],"tags":[],"_links":{"self":[{"href":"https:\/\/parafiasmardzewo.pl\/index.php?rest_route=\/wp\/v2\/posts\/10070"}],"collection":[{"href":"https:\/\/parafiasmardzewo.pl\/index.php?rest_route=\/wp\/v2\/posts"}],"about":[{"href":"https:\/\/parafiasmardzewo.pl\/index.php?rest_route=\/wp\/v2\/types\/post"}],"author":[{"embeddable":true,"href":"https:\/\/parafiasmardzewo.pl\/index.php?rest_route=\/wp\/v2\/users\/2"}],"replies":[{"embeddable":true,"href":"https:\/\/parafiasmardzewo.pl\/index.php?rest_route=%2Fwp%2Fv2%2Fcomments&post=10070"}],"version-history":[{"count":1,"href":"https:\/\/parafiasmardzewo.pl\/index.php?rest_route=\/wp\/v2\/posts\/10070\/revisions"}],"predecessor-version":[{"id":10071,"href":"https:\/\/parafiasmardzewo.pl\/index.php?rest_route=\/wp\/v2\/posts\/10070\/revisions\/10071"}],"wp:featuredmedia":[{"embeddable":true,"href":"https:\/\/parafiasmardzewo.pl\/index.php?rest_route=\/wp\/v2\/media\/5378"}],"wp:attachment":[{"href":"https:\/\/parafiasmardzewo.pl\/index.php?rest_route=%2Fwp%2Fv2%2Fmedia&parent=10070"}],"wp:term":[{"taxonomy":"category","embeddable":true,"href":"https:\/\/parafiasmardzewo.pl\/index.php?rest_route=%2Fwp%2Fv2%2Fcategories&post=10070"},{"taxonomy":"post_tag","embeddable":true,"href":"https:\/\/parafiasmardzewo.pl\/index.php?rest_route=%2Fwp%2Fv2%2Ftags&post=10070"}],"curies":[{"name":"wp","href":"https:\/\/api.w.org\/{rel}","templated":true}]}}