{"id":10073,"date":"2025-05-17T21:52:31","date_gmt":"2025-05-17T19:52:31","guid":{"rendered":"https:\/\/parafiasmardzewo.pl\/?p=10073"},"modified":"2025-05-17T21:52:57","modified_gmt":"2025-05-17T19:52:57","slug":"msze-swiete-od-19-25-maja-2025","status":"publish","type":"post","link":"https:\/\/parafiasmardzewo.pl\/?p=10073","title":{"rendered":"Msze \u015awi\u0119te od 19 -25 maja 2025"},"content":{"rendered":"<p><strong>Poniedzia\u0142ek<\/strong><\/p>\n<p><strong>godz. 7.30 <\/strong>+ Janusz Jakubowski int. p.<\/p>\n<p><strong>godz. 18.00<\/strong> O \u0142ask\u0119 zdrowia dla Miros\u0142awa<\/p>\n<p><strong>Wtorek<\/strong><\/p>\n<p><strong>godz. 7.30 +<\/strong> Monika D\u0142ugo\u0142\u0119cka\u00a0 \u2013 int. p.<\/p>\n<p><strong>godz. 18.00<\/strong> O \u0142ask\u0119 zdrowia dla Wandy<\/p>\n<p><strong>\u015aroda <\/strong><\/p>\n<p><strong>godz. 18.00 +<\/strong> \u00a0Danuta i Barbara Porkuszewskie \u2013 int. p.<\/p>\n<p><strong>Czwartek\u00a0 \u00a0 \u00a0 \u00a0 \u00a0 \u00a0 \u00a0 \u00a0 \u00a0 \u00a0 \u00a0 \u00a0 \u00a0 \u00a0 \u00a0 \u00a0 \u00a0 \u00a0 \u00a0 \u00a0 \u00a0 \u00a0 \u00a0 \u00a0 \u00a0 \u00a0 \u00a0 \u00a0 \u00a0 \u00a0 \u00a0 \u00a0 \u00a0 \u00a0 \u00a0 \u00a0 \u00a0 \u00a0 \u00a0 \u00a0 \u00a0 \u00a0 \u00a0 \u00a0 \u00a0 \u00a0 \u00a0 \u00a0 \u00a0 \u00a0 \u00a0 \u00a0 \u00a0 \u00a0 \u00a0 \u00a0 \u00a0 \u00a0 \u00a0 \u00a0 \u00a0 \u00a0 \u00a0 \u00a0 \u00a0 \u00a0 \u00a0 \u00a0 \u00a0 \u00a0 \u00a0 \u00a0 \u00a0 \u00a0 \u00a0 \u00a0 \u00a0 \u00a0 \u00a0 \u00a0 \u00a0 \u00a0 \u00a0 \u00a0 \u00a0 \u00a0 \u00a0 \u00a0 \u00a0 \u00a0 \u00a0 \u00a0 \u00a0 \u00a0 \u00a0 \u00a0 \u00a0 \u00a0 \u00a0 \u00a0 \u00a0 \u00a0 \u00a0 \u00a0 \u00a0 <\/strong><strong>godz. 18.00 <\/strong>+ \u00a0Krzysztof\u00a0 We\u0142na \u2013 rocznica \u015bmierci (1)<\/p>\n<p><strong>\u00a0Pi\u0105tek<\/strong><\/p>\n<p><strong>godz. 7.30 + <\/strong>\u00a0Barbara Jegli\u0144ska \u00a0int.<strong> p.<\/strong><\/p>\n<p><strong>godz. 18.00<\/strong> + \u00a0Janusz Matczak \u00a0\u2013 int. p.<\/p>\n<p><strong>Sobota\u00a0\u00a0\u00a0\u00a0\u00a0 <\/strong><strong>\u00a0\u00a0\u00a0\u00a0\u00a0\u00a0\u00a0\u00a0\u00a0\u00a0\u00a0\u00a0\u00a0\u00a0\u00a0\u00a0\u00a0\u00a0\u00a0\u00a0\u00a0\u00a0\u00a0\u00a0\u00a0\u00a0\u00a0\u00a0\u00a0\u00a0\u00a0\u00a0\u00a0\u00a0\u00a0\u00a0\u00a0\u00a0\u00a0\u00a0\u00a0\u00a0\u00a0\u00a0\u00a0\u00a0\u00a0\u00a0\u00a0\u00a0\u00a0\u00a0\u00a0\u00a0\u00a0\u00a0\u00a0\u00a0\u00a0\u00a0\u00a0\u00a0\u00a0\u00a0\u00a0\u00a0\u00a0\u00a0\u00a0\u00a0\u00a0\u00a0\u00a0\u00a0\u00a0\u00a0\u00a0\u00a0\u00a0\u00a0\u00a0\u00a0\u00a0\u00a0\u00a0\u00a0\u00a0\u00a0\u00a0\u00a0\u00a0\u00a0\u00a0\u00a0\u00a0\u00a0\u00a0\u00a0\u00a0\u00a0\u00a0\u00a0\u00a0\u00a0\u00a0\u00a0\u00a0\u00a0\u00a0\u00a0\u00a0\u00a0\u00a0\u00a0\u00a0\u00a0\u00a0\u00a0\u00a0\u00a0\u00a0\u00a0\u00a0\u00a0\u00a0\u00a0\u00a0\u00a0\u00a0\u00a0\u00a0\u00a0\u00a0\u00a0\u00a0\u00a0\u00a0\u00a0\u00a0\u00a0\u00a0\u00a0\u00a0\u00a0\u00a0\u00a0\u00a0\u00a0\u00a0\u00a0\u00a0\u00a0\u00a0<\/strong><\/p>\n<p><strong>godz. 7.30<\/strong> + \u00a0Marianna Wolert \u2013 rocznica \u015bmierci (7)<\/p>\n<p><strong>godz. 18.00 <\/strong>+ \u00a0Helena i Wincenty Chojnaccy i zmar\u0142ych z rodziny Chojnackich i Zdyba\u0142\u00f3w<\/p>\n<p><strong>Niedziela<\/strong><\/p>\n<p><strong>godz. 9.00 \u00a0+<\/strong> \u00a0Za zmar\u0142ych z rodziny O\u017adzi\u0144skich i brata\u00a0 Edwarda; 2) + \u00a0Jerzy Nies\u0142uchowski, Stanis\u0142aw Nies\u0142uchowski, Helena i Wincenty Nies\u0142uchowscy, \u00a0Henryka (k) i Franciszek Tyszkiewiczowie\u00a0 \u00a0 \u00a0 \u00a0 \u00a0 \u00a0 \u00a0 \u00a0 \u00a0 \u00a0 \u00a0 \u00a0 \u00a0 \u00a0 \u00a0 \u00a0 \u00a0 <strong>godz. 10.45<\/strong> W intencji dzieci kl. III i ich rodzin; 2) W intencji parafian i go\u015bci<\/p>\n<p><strong>godz. 16.00<\/strong> + \u00a0Marianna (10 rocznica) i Antoni Baranowscy, dziadk\u00f3w Rostkowskich, Zofia i Kazimierz Wili\u0144scy; 2) O \u0142ask\u0119 zdrowia dla Jadwigi Pe\u0142ki<\/p>\n<p>&nbsp;<\/p>\n","protected":false},"excerpt":{"rendered":"<p>Poniedzia\u0142ek godz. 7.30 + Janusz Jakubowski int. p. godz. 18.00 O \u0142ask\u0119 zdrowia dla Miros\u0142awa Wtorek godz. 7.30 + Monika D\u0142ugo\u0142\u0119cka\u00a0 \u2013 int. p. godz. 18.00 O \u0142ask\u0119 zdrowia dla Wandy \u015aroda godz. 18.00 + \u00a0Danuta i Barbara Porkuszewskie \u2013 int. p. Czwartek\u00a0 \u00a0 \u00a0 \u00a0 \u00a0 \u00a0 \u00a0 \u00a0 \u00a0 \u00a0 \u00a0 \u00a0 \u00a0 &hellip; <\/p>\n<p><a class=\"more-link btn\" href=\"https:\/\/parafiasmardzewo.pl\/?p=10073\">Kontynuuj czytanie<\/a><\/p>\n","protected":false},"author":2,"featured_media":10008,"comment_status":"open","ping_status":"open","sticky":false,"template":"","format":"standard","meta":[],"categories":[5],"tags":[],"_links":{"self":[{"href":"https:\/\/parafiasmardzewo.pl\/index.php?rest_route=\/wp\/v2\/posts\/10073"}],"collection":[{"href":"https:\/\/parafiasmardzewo.pl\/index.php?rest_route=\/wp\/v2\/posts"}],"about":[{"href":"https:\/\/parafiasmardzewo.pl\/index.php?rest_route=\/wp\/v2\/types\/post"}],"author":[{"embeddable":true,"href":"https:\/\/parafiasmardzewo.pl\/index.php?rest_route=\/wp\/v2\/users\/2"}],"replies":[{"embeddable":true,"href":"https:\/\/parafiasmardzewo.pl\/index.php?rest_route=%2Fwp%2Fv2%2Fcomments&post=10073"}],"version-history":[{"count":1,"href":"https:\/\/parafiasmardzewo.pl\/index.php?rest_route=\/wp\/v2\/posts\/10073\/revisions"}],"predecessor-version":[{"id":10074,"href":"https:\/\/parafiasmardzewo.pl\/index.php?rest_route=\/wp\/v2\/posts\/10073\/revisions\/10074"}],"wp:featuredmedia":[{"embeddable":true,"href":"https:\/\/parafiasmardzewo.pl\/index.php?rest_route=\/wp\/v2\/media\/10008"}],"wp:attachment":[{"href":"https:\/\/parafiasmardzewo.pl\/index.php?rest_route=%2Fwp%2Fv2%2Fmedia&parent=10073"}],"wp:term":[{"taxonomy":"category","embeddable":true,"href":"https:\/\/parafiasmardzewo.pl\/index.php?rest_route=%2Fwp%2Fv2%2Fcategories&post=10073"},{"taxonomy":"post_tag","embeddable":true,"href":"https:\/\/parafiasmardzewo.pl\/index.php?rest_route=%2Fwp%2Fv2%2Ftags&post=10073"}],"curies":[{"name":"wp","href":"https:\/\/api.w.org\/{rel}","templated":true}]}}