{"id":10075,"date":"2025-05-17T21:57:09","date_gmt":"2025-05-17T19:57:09","guid":{"rendered":"https:\/\/parafiasmardzewo.pl\/?p=10075"},"modified":"2025-05-17T22:00:17","modified_gmt":"2025-05-17T20:00:17","slug":"piata-niedziela-wielkanocy-18-maja-2025","status":"publish","type":"post","link":"https:\/\/parafiasmardzewo.pl\/?p=10075","title":{"rendered":"PI\u0104TA NIEDZIELA WIELKANOCY &#8211; 18 maja 2025"},"content":{"rendered":"<p><strong>OG\u0141OSZENIA DUSZPASTERSKIE<\/strong><\/p>\n<ol>\n<li>Dzi\u015b w pi\u0105t\u0105 niedziel\u0119 Wielkanocy, w Watykanie na placu \u015bw. Piotra, rozpocznie si\u0119 Inauguracja pontyfikatu Papie\u017ca Leona XIV czyli \u00a0oficjalny akt rozpocz\u0119cia okresu panowania papie\u017ca. To uroczysto\u015b\u0107, podczas kt\u00f3rej papie\u017c przyjmuje obowi\u0105zki g\u0142owy Ko\u015bcio\u0142a Katolickiego. Pami\u0119tajmy w osobistych modlitwach w intencji Ojca \u015bwi\u0119tego.<\/li>\n<li>W dzisiejsz\u0105 niedziel\u0119 radujemy si\u0119 te\u017c 105. rocznic\u0105 urodzin \u015awi\u0119tego Jana Paw\u0142a II. Dzi\u0119kujmy Bo\u017cej Opatrzno\u015bci za wielki dar jego d\u0142ugiego pontyfikatu, za przyk\u0142ad mocnej wiary i heroicznej mi\u0142o\u015bci, jaki nam pozostawi\u0142. Wpatrujmy si\u0119 te\u017c w jego \u015bwi\u0119te \u017cycie, aby na jego wz\u00f3r ka\u017cdego dnia by\u0107 bli\u017cej Pana Boga. I jak on ca\u0142kowicie zawierzmy Maryi nasze rodziny i nasze osobiste codzienne sprawy. On uczyni\u0142 to w spos\u00f3b wyj\u0105tkowy, powtarzaj\u0105c s\u0142owa: \u201eTotus Tuus\u201d. W tych intencjach modlimy si\u0119 podczas dzisiejszych Mszy \u015awi\u0119tych.<\/li>\n<li>Nabo\u017ce\u0144stwa majowe w naszej \u015bwi\u0105tyni codziennie po Eucharystii o godz. 18.00. W niedziele o godz. 15.40. Zapraszam na wsp\u00f3ln\u0105 modlitw\u0119, aby uwielbia\u0107 Matk\u0119 Zbawiciela \u015bpiewem Litanii loreta\u0144skiej.<\/li>\n<li>W sobot\u0119, 24 maja, w liturgii wspominamy Naj\u015bwi\u0119tsz\u0105 Maryj\u0119 Pann\u0119 Wspomo\u017cycielk\u0119 Wiernych. Maryja po wniebowst\u0105pieniu Chrystusa z Aposto\u0142ami trwa\u0142a na modlitwie w\u00a0oczekiwaniu na Ducha Pocieszyciela. Dlatego w\u0142a\u015bnie do Niej Ko\u015bci\u00f3\u0142 ucieka\u0142 si\u0119 od pocz\u0105tku we wszystkich potrzebach i troskach. I dzi\u015b wierzymy, \u017ce Maryja jest Szafark\u0105 Bo\u017cych \u0142ask i dba o swoje dzieci.<\/li>\n<li>Z inicjatywy papie\u017ca Benedykta XVI w t\u0119 nadchodz\u0105c\u0105 sobot\u0119 modlimy si\u0119 te\u017c za Ko\u015bci\u00f3\u0142 w Chinach. W\u00a02007 roku Benedykt XVI wyda\u0142 list apostolski, w kt\u00f3rym napisa\u0142, \u017ce 24 maja ma by\u0107 po\u015bwi\u0119cony pami\u0119ci i modlitwom za Ko\u015bci\u00f3\u0142 w tym kraju. Cz\u0119sto zapominamy, \u017ce w\u00a0wielu miejscach na \u015bwiecie Ko\u015bci\u00f3\u0142 jest prze\u015bladowany, \u017ce za wiar\u0119 w Chrystusa wielu chrze\u015bcijan cierpi, a nawet oddaje \u017cycie. Ofiarujmy dar modlitwy i codziennej pami\u0119ci o\u00a0prze\u015bladowanych braciach w wierze; pro\u015bmy Pana Boga, aby i oni mogli cieszy\u0107 si\u0119 paschaln\u0105 rado\u015bci\u0105 Chrystusowego Ko\u015bcio\u0142a.<\/li>\n<li>A w ca\u0142ym Ko\u015bciele powszechnym w dniach 24 do 25 maja sw\u00f3j Jubileusz obchodz\u0105 dzieci w ramach Roku Jubileuszowego 2025.<\/li>\n<li>W nast\u0119pn\u0105 niedziel\u0119 na Mszy \u015awi\u0119tej o godz. 10.45 dzieci z kl. III przyst\u0105pi\u0105 do Pierwszej Komunii \u015awi\u0119tej. Jutro (poniedzia\u0142ek) o godz. 18.45 b\u0119dzie spotkanie dzieci przygotowuj\u0105ce do uroczysto\u015bci Pierwszej Komunii \u015awi\u0119tej. W czwartek na godz. 18.45 zapraszam rodzic\u00f3w do pomocy przy sprz\u0105taniu ko\u015bcio\u0142a przed uroczysto\u015bci\u0105 Pierwszej Komunii \u015awi\u0119tej. W pi\u0105tek od godz. 18.45 spowied\u017a dzieci kl. III, rodzic\u00f3w, chrzestnych i wszystkich, kt\u00f3rzy chc\u0105 ofiarowa\u0107 pe\u0142ne uczestnictwo we Mszy \u015awi\u0119tej w intencji dzieci. We wtorek (20 maja) na godz. 18.45 zapraszam na spotkanie uczni\u00f3w kl. IV, kt\u00f3rzy przygotowuj\u0105 si\u0119 do odnowienia Przyrzecze\u0144 Chrztu \u015awi\u0119tego.<\/li>\n<li>Dzisiaj, w Ciechanowie, w par. p.w. Matki Bo\u017cej Fatimskiej, odbywaj\u0105 si\u0119 uroczysto\u015bci pod przewodnictwem abpa Stanis\u0142awa G\u0105deckiego i bpa Szymona Stu\u0142kowskiego w czasie kt\u00f3rych zostanie ustanowione Sanktuarium \u015bw. Jana Paw\u0142a II.<\/li>\n<li>Zach\u0119cam do nabycia prasy katolickiej.<\/li>\n<li>W tym tygodniu odesz\u0142a do wieczno\u015bci + Alina Porkuszewska, kt\u00f3ra mieszka\u0142a w Nowym Mie\u015bcie. Na cmentarzu w Smardzewie spoczywa jej m\u0105\u017c i w tym grobie spocz\u0119\u0142a zmar\u0142a \u015bw. p. Alina. Od uczestnik\u00f3w pogrzebu b\u0119dzie odprawionych 5 Mszy \u015awi\u0119tych. Pole\u0107my zmar\u0142\u0105 mi\u0142osierdziu Bo\u017cemu: <em>Dobry Jezu, a nasz Panie, daj im wieczne spoczywanie\u2026<\/em><\/li>\n<\/ol>\n<p>&nbsp;<\/p>\n<p>&nbsp;<\/p>\n","protected":false},"excerpt":{"rendered":"<p>OG\u0141OSZENIA DUSZPASTERSKIE Dzi\u015b w pi\u0105t\u0105 niedziel\u0119 Wielkanocy, w Watykanie na placu \u015bw. Piotra, rozpocznie si\u0119 Inauguracja pontyfikatu Papie\u017ca Leona XIV czyli \u00a0oficjalny akt rozpocz\u0119cia okresu panowania papie\u017ca. To uroczysto\u015b\u0107, podczas kt\u00f3rej papie\u017c przyjmuje obowi\u0105zki g\u0142owy Ko\u015bcio\u0142a Katolickiego. Pami\u0119tajmy w osobistych modlitwach w intencji Ojca \u015bwi\u0119tego. W dzisiejsz\u0105 niedziel\u0119 radujemy si\u0119 te\u017c 105. rocznic\u0105 urodzin \u015awi\u0119tego &hellip; <\/p>\n<p><a class=\"more-link btn\" href=\"https:\/\/parafiasmardzewo.pl\/?p=10075\">Kontynuuj czytanie<\/a><\/p>\n","protected":false},"author":2,"featured_media":5378,"comment_status":"open","ping_status":"open","sticky":false,"template":"","format":"standard","meta":[],"categories":[2],"tags":[],"_links":{"self":[{"href":"https:\/\/parafiasmardzewo.pl\/index.php?rest_route=\/wp\/v2\/posts\/10075"}],"collection":[{"href":"https:\/\/parafiasmardzewo.pl\/index.php?rest_route=\/wp\/v2\/posts"}],"about":[{"href":"https:\/\/parafiasmardzewo.pl\/index.php?rest_route=\/wp\/v2\/types\/post"}],"author":[{"embeddable":true,"href":"https:\/\/parafiasmardzewo.pl\/index.php?rest_route=\/wp\/v2\/users\/2"}],"replies":[{"embeddable":true,"href":"https:\/\/parafiasmardzewo.pl\/index.php?rest_route=%2Fwp%2Fv2%2Fcomments&post=10075"}],"version-history":[{"count":1,"href":"https:\/\/parafiasmardzewo.pl\/index.php?rest_route=\/wp\/v2\/posts\/10075\/revisions"}],"predecessor-version":[{"id":10076,"href":"https:\/\/parafiasmardzewo.pl\/index.php?rest_route=\/wp\/v2\/posts\/10075\/revisions\/10076"}],"wp:featuredmedia":[{"embeddable":true,"href":"https:\/\/parafiasmardzewo.pl\/index.php?rest_route=\/wp\/v2\/media\/5378"}],"wp:attachment":[{"href":"https:\/\/parafiasmardzewo.pl\/index.php?rest_route=%2Fwp%2Fv2%2Fmedia&parent=10075"}],"wp:term":[{"taxonomy":"category","embeddable":true,"href":"https:\/\/parafiasmardzewo.pl\/index.php?rest_route=%2Fwp%2Fv2%2Fcategories&post=10075"},{"taxonomy":"post_tag","embeddable":true,"href":"https:\/\/parafiasmardzewo.pl\/index.php?rest_route=%2Fwp%2Fv2%2Ftags&post=10075"}],"curies":[{"name":"wp","href":"https:\/\/api.w.org\/{rel}","templated":true}]}}