{"id":10077,"date":"2025-05-24T20:46:33","date_gmt":"2025-05-24T18:46:33","guid":{"rendered":"https:\/\/parafiasmardzewo.pl\/?p=10077"},"modified":"2025-05-24T20:46:33","modified_gmt":"2025-05-24T18:46:33","slug":"szosta-niedziela-wielkanocy-25-maja-2025","status":"publish","type":"post","link":"https:\/\/parafiasmardzewo.pl\/?p=10077","title":{"rendered":"SZ\u00d3STA NIEDZIELA WIELKANOCY &#8211; 25 maja 2025"},"content":{"rendered":"<p><strong>OG\u0141OSZENIA DUSZPASTERSKIE<\/strong><\/p>\n<ol>\n<li>Dzi\u015b, w sz\u00f3st\u0105 niedziel\u0119 Wielkanocy, dzieci kl. III, na Eucharystii o godz. 10.45, przyst\u0105pi\u0105 do Pierwszej Komunii \u015awi\u0119tej. Od poniedzia\u0142ku do pi\u0105tku w\u0142\u0105cznie zapraszam dzieci na Msz\u0119 \u015awi\u0119t\u0105 o godz. 18.00. Ka\u017cdego dnia dzieci ofiaruj\u0105 swoj\u0105 modlitw\u0119 w nast\u0119puj\u0105cych intencjach:\u00a0 poniedzia\u0142ek &#8211; w intencji rodzic\u00f3w, wtorek &#8211; za chrzestnych, \u015broda \u2013 za babcie i dziadziusi\u00f3w, czwartek &#8211; za kap\u0142an\u00f3w oraz o powo\u0142ania kap\u0142a\u0144skie i zakonne, pi\u0105tek \u2013 za chorych. Rodzicom dzieci pierwszokomunijnych dzi\u0119kuj\u0119 za pomoc w sprz\u0105taniu ko\u015bcio\u0142a i udekorowanie o\u0142tarzy kwiatami, na dzisiejsz\u0105 uroczysto\u015b\u0107. Dzi\u0119kuje r\u00f3wnie\u017c za dar o\u0142tarza \u2013 \u015bwiece olejowe na o\u0142tarz\u00a0 i bielizn\u0119 na kielich.<\/li>\n<li>W poniedzia\u0142ek, 26 maja, obchodzimy Dzie\u0144 Matki. Niech nie zabraknie wdzi\u0119cznej pami\u0119ci o naszych mamach, tych \u017cyj\u0105cych i tych, kt\u00f3re Pan B\u00f3g powo\u0142a\u0142 ju\u017c do siebie. Wszystkich zapraszam na wsp\u00f3ln\u0105 Eucharysti\u0119 i modlitw\u0119 w naszym ko\u015bciele o godz. 18.00, podczas kt\u00f3rej przez wstawiennictwo Naj\u015bwi\u0119tszej z wszystkich matek, Maryi, b\u0119dziemy dzi\u0119kowa\u0107 Bogu za nasze mamy, za ich dobre serca i r\u0119ce, b\u0119dziemy prosi\u0107 o potrzebne \u0142aski w ich codziennym \u017cyciu.<\/li>\n<li>W ten najbli\u017cszy poniedzia\u0142ek rozpoczniemy te\u017c doroczne Dni modlitw o urodzaje i za kraje g\u0142oduj\u0105ce. Do \u015brody w\u0142\u0105cznie przez wstawiennictwo Maryi b\u0119dziemy prosili o Bo\u017ce b\u0142ogos\u0142awie\u0144stwo dla ci\u0119\u017cko pracuj\u0105cych na roli, o sprzyjaj\u0105c\u0105 pogod\u0119 dla wzrostu zasiew\u00f3w i obfitych plon\u00f3w, aby nikomu w naszej Ojczy\u017anie i na ca\u0142ym \u015bwiecie nie brakowa\u0142o chleba powszedniego.<\/li>\n<li>W \u015brod\u0119, 28 maja, przypada 44. rocznica \u015bmierci B\u0142ogos\u0142awionego Kardyna\u0142a Stefana Wyszy\u0144skiego. W\u0142a\u015bnie 28 maja zosta\u0142 wyznaczony w kalendarzu liturgicznym jako dzie\u0144 wspomnienia tego polskiego B\u0142ogos\u0142awionego. Pami\u0119tajmy, \u017ce ten wielki Prymas Polski odda\u0142 nasz nar\u00f3d w macierzy\u0144sk\u0105 niewol\u0119 Maryi. Starajmy si\u0119 wype\u0142nia\u0107 jego testament, a\u00a0jednocze\u015bnie m\u00f3dlmy si\u0119 o jego szybk\u0105 kanonizacj\u0119.<\/li>\n<li>A w przysz\u0142\u0105 sobot\u0119, 31 maja, w liturgii prze\u017cywamy jeszcze jeden mocny maryjny akcent \u2013 \u015bwi\u0119to Nawiedzenia Naj\u015bwi\u0119tszej Maryi Panny. Ona jest \u015bwi\u0105tyni\u0105 Ducha \u015awi\u0119tego od chwili Zwiastowania i niesie Go innym, jak swojej krewnej \u2013 El\u017cbiecie podczas nawiedzenia, aby m\u00f3g\u0142 si\u0119 dalej rozlewa\u0107 na ca\u0142e stworzenie.<\/li>\n<li>Za\u015b w kolejn\u0105 niedziel\u0119, 1 czerwca, b\u0119dziemy prze\u017cywali jako uroczysto\u015b\u0107 Wniebowst\u0105pienia Pa\u0144skiego. Dzieci kl. IV z naszej parafii na Mszy \u015awi\u0119tej o godz. 10.45 odnowi\u0105 Przyrzeczenia Chrzcielne. B\u0119dziemy te\u017c obchodzili Mi\u0119dzynarodowy Dzie\u0144 Dziecka.<\/li>\n<li>Jutro, na godz. 19.00, zapraszam uczni\u00f3w kl. IV na spotkanie przygotowuj\u0105ce do odnowienia Przyrzecze\u0144 Chrzcielnych. W pi\u0105tek o godz. 19.00 b\u0119dzie spowied\u017a dla dzieci kl. IV, rodzic\u00f3w, chrzestnych i wszystkich, kt\u00f3rzy chc\u0105 ofiarowa\u0107 pe\u0142ne uczestnictwo w Mszy \u015awi\u0119tej, w intencji tych, kt\u00f3rzy b\u0119d\u0105 odnawia\u0107 przyrzeczenia chrzcielne.<\/li>\n<li>Z pocz\u0105tkiem czerwca kierujemy swe my\u015bli ku Naj\u015bwi\u0119tszemu Sercu Pana Jezusa. W naszym ko\u015bciele codziennie po Eucharystii o godz. 18.00 b\u0119dziemy odprawiali nabo\u017ce\u0144stwa czerwcowe, podczas kt\u00f3rych odmawiamy Litani\u0119 do Serca Pana Jezusa. Licznie ucz\u0119szczajmy na te nabo\u017ce\u0144stwa, aby wynagrodzi\u0107 Panu Bogu wszystkie nasze grzechy i nieprawo\u015bci.<\/li>\n<li>W dniach 30 maja do 1 czerwca w Ko\u015bciele powszechnym b\u0119dzie trwa\u0142 Jubileusz rodzin, dziadk\u00f3w i os\u00f3b starszych w ramach Roku Jubileuszowego 2025.<\/li>\n<li>Zach\u0119cam do nabycia prasy katolickiej.<\/li>\n<\/ol>\n","protected":false},"excerpt":{"rendered":"<p>OG\u0141OSZENIA DUSZPASTERSKIE Dzi\u015b, w sz\u00f3st\u0105 niedziel\u0119 Wielkanocy, dzieci kl. III, na Eucharystii o godz. 10.45, przyst\u0105pi\u0105 do Pierwszej Komunii \u015awi\u0119tej. Od poniedzia\u0142ku do pi\u0105tku w\u0142\u0105cznie zapraszam dzieci na Msz\u0119 \u015awi\u0119t\u0105 o godz. 18.00. Ka\u017cdego dnia dzieci ofiaruj\u0105 swoj\u0105 modlitw\u0119 w nast\u0119puj\u0105cych intencjach:\u00a0 poniedzia\u0142ek &#8211; w intencji rodzic\u00f3w, wtorek &#8211; za chrzestnych, \u015broda \u2013 za babcie &hellip; <\/p>\n<p><a class=\"more-link btn\" href=\"https:\/\/parafiasmardzewo.pl\/?p=10077\">Kontynuuj czytanie<\/a><\/p>\n","protected":false},"author":2,"featured_media":5378,"comment_status":"open","ping_status":"open","sticky":false,"template":"","format":"standard","meta":[],"categories":[2],"tags":[],"_links":{"self":[{"href":"https:\/\/parafiasmardzewo.pl\/index.php?rest_route=\/wp\/v2\/posts\/10077"}],"collection":[{"href":"https:\/\/parafiasmardzewo.pl\/index.php?rest_route=\/wp\/v2\/posts"}],"about":[{"href":"https:\/\/parafiasmardzewo.pl\/index.php?rest_route=\/wp\/v2\/types\/post"}],"author":[{"embeddable":true,"href":"https:\/\/parafiasmardzewo.pl\/index.php?rest_route=\/wp\/v2\/users\/2"}],"replies":[{"embeddable":true,"href":"https:\/\/parafiasmardzewo.pl\/index.php?rest_route=%2Fwp%2Fv2%2Fcomments&post=10077"}],"version-history":[{"count":1,"href":"https:\/\/parafiasmardzewo.pl\/index.php?rest_route=\/wp\/v2\/posts\/10077\/revisions"}],"predecessor-version":[{"id":10078,"href":"https:\/\/parafiasmardzewo.pl\/index.php?rest_route=\/wp\/v2\/posts\/10077\/revisions\/10078"}],"wp:featuredmedia":[{"embeddable":true,"href":"https:\/\/parafiasmardzewo.pl\/index.php?rest_route=\/wp\/v2\/media\/5378"}],"wp:attachment":[{"href":"https:\/\/parafiasmardzewo.pl\/index.php?rest_route=%2Fwp%2Fv2%2Fmedia&parent=10077"}],"wp:term":[{"taxonomy":"category","embeddable":true,"href":"https:\/\/parafiasmardzewo.pl\/index.php?rest_route=%2Fwp%2Fv2%2Fcategories&post=10077"},{"taxonomy":"post_tag","embeddable":true,"href":"https:\/\/parafiasmardzewo.pl\/index.php?rest_route=%2Fwp%2Fv2%2Ftags&post=10077"}],"curies":[{"name":"wp","href":"https:\/\/api.w.org\/{rel}","templated":true}]}}