{"id":10082,"date":"2025-05-31T21:03:02","date_gmt":"2025-05-31T19:03:02","guid":{"rendered":"https:\/\/parafiasmardzewo.pl\/?p=10082"},"modified":"2025-05-31T21:11:03","modified_gmt":"2025-05-31T19:11:03","slug":"uroczystosc-wniebowstapienia-1-czerwca-2025","status":"publish","type":"post","link":"https:\/\/parafiasmardzewo.pl\/?p=10082","title":{"rendered":"UROCZYSTO\u015a\u0106 WNIEBOWST\u0104PIENIA &#8211; 1 czerwca 2025"},"content":{"rendered":"<p><strong>OG\u0141OSZENIA DUSZPASTERSKIE<\/strong><\/p>\n<ol>\n<li>Dzi\u015b obchodzimy uroczysto\u015b\u0107 Wniebowst\u0105pienia Pa\u0144skiego. Chrystus Pan, zanim opu\u015bci\u0142 ziemi\u0119, powiedzia\u0142 do Aposto\u0142\u00f3w: \u201eA Ja, gdy zostan\u0119 nad ziemi\u0119 wywy\u017cszony, przyci\u0105gn\u0119 wszystkich do siebie\u201d (J 12,32).<\/li>\n<li>Dzisiaj z racji pierwszej niedzieli miesi\u0105ca po Eucharystii o godz. 9.00 b\u0119dzie wystawienie Naj\u015bwi\u0119tszego Sakramentu i odm\u00f3wimy Litanie do Serca Pana Jezusa.\u00a0 <strong>Po sumie nie b\u0119dzie procesji.<\/strong> W czerwcu przez ca\u0142y miesi\u0105c b\u0119dziemy modli\u0107 si\u0119 Litani\u0105 do Serca Pana Jezusa po wieczornej Mszy \u015awi\u0119tej.<\/li>\n<li>Na Eucharystii o godz. 10.45\u00a0 dzieci kl. IV odnowi\u0105 Przyrzeczenia Chrzcielne. Do czwartku w\u0142\u0105cznie zapraszam dzieci na Msz\u0119 \u015awi\u0119t\u0105 o godz. 18.00. Rodzicom i dzieciom kl. IV dzi\u0119kuj\u0119 za dar o\u0142tarza \u2013 \u015bwiece olejowe na o\u0142tarz.<\/li>\n<li>W dzisiejsz\u0105 niedziel\u0119 obchodzimy te\u017c Mi\u0119dzynarodowy Dzie\u0144 Dziecka. Dlatego na ka\u017cdej Mszy \u015awi\u0119tej b\u0119dziemy wsp\u00f3lnie modli\u0107 si\u0119 o czyste i dobre serca dla nich, o ich duchowy wzrost i bezpiecze\u0144stwo w\u00a0trudnych czasach.<\/li>\n<li>W przysz\u0142\u0105 niedziel\u0119, 8 czerwca, przypada uroczysto\u015b\u0107 Zes\u0142ania Ducha \u015awi\u0119tego, tak zwane Zielone \u015awi\u0105tki. Warto te\u017c pami\u0119ta\u0107, \u017ce niedziela ta ko\u0144czy okres Wielkanocy i \u017ce to ostatni moment, aby wype\u0142ni\u0107 przykazanie ko\u015bcielne nakazuj\u0105ce spowied\u017a i Komuni\u0119 \u015awi\u0119t\u0105 wielkanocn\u0105. Wigili\u0119 tej uroczysto\u015bci b\u0119dziemy \u015bwi\u0119towa\u0107 ju\u017c w sobot\u0119, 7 czerwca. Do tej uroczysto\u015bci od jutra przygotowujemy si\u0119 przez specjaln\u0105 nowenn\u0119. W\u0142\u0105czmy si\u0119 do tej modlitwy podczas liturgii w naszym ko\u015bciele lub prywatnie odmawiajmy j\u0105 w domu. W\u00a0uroczysto\u015b\u0107 Zes\u0142ania Ducha \u015awi\u0119tego nasza parafia prze\u017cywa uroczysto\u015b\u0107 odpustow\u0105<strong>. Msze \u015awi\u0119te b\u0119d\u0105 sprawowane o godz. 9.00 \u2013 12.00 \u2013 17.00. W sobot\u0119 o godz. 20.30 zapraszam na nabo\u017ce\u0144stwo czerwcowe i r\u00f3\u017caniec. <\/strong>Szczeg\u00f3\u0142owy program jest zamieszczony w kruchcie ko\u015bcio\u0142a i na stronie internetowej naszej parafii.<\/li>\n<li>W tym tygodniu przypada Pierwszy Czwartek, Pierwszy Pi\u0105tek i Pierwsza Sobota miesi\u0105ca. W Pierwszy Pi\u0105tek (6 czerwca) b\u0119dzie szczeg\u00f3lna okazja do oddania czci Naj\u015bwi\u0119tszemu Sercu Pana Jezusa oraz do pojednania si\u0119 z Bogiem i\u00a0bra\u0107mi. Spowied\u017a od godz. 17.30. W pierwsz\u0105 sobot\u0119 miesi\u0105ca Msza \u015awi\u0119ta o godz. 9.00.<\/li>\n<li>Zaproszenie Biskupa P\u0142ockiego \u2013 Szymona Stu\u0142kowskiego z okazji Uroczysto\u015bci Jubileuszu 950 \u2013 lecia Diecezji P\u0142ockiej.<\/li>\n<li>Zach\u0119cam do nabycia prasy katolickiej.<\/li>\n<\/ol>\n","protected":false},"excerpt":{"rendered":"<p>OG\u0141OSZENIA DUSZPASTERSKIE Dzi\u015b obchodzimy uroczysto\u015b\u0107 Wniebowst\u0105pienia Pa\u0144skiego. Chrystus Pan, zanim opu\u015bci\u0142 ziemi\u0119, powiedzia\u0142 do Aposto\u0142\u00f3w: \u201eA Ja, gdy zostan\u0119 nad ziemi\u0119 wywy\u017cszony, przyci\u0105gn\u0119 wszystkich do siebie\u201d (J 12,32). Dzisiaj z racji pierwszej niedzieli miesi\u0105ca po Eucharystii o godz. 9.00 b\u0119dzie wystawienie Naj\u015bwi\u0119tszego Sakramentu i odm\u00f3wimy Litanie do Serca Pana Jezusa.\u00a0 Po sumie nie b\u0119dzie procesji. &hellip; <\/p>\n<p><a class=\"more-link btn\" href=\"https:\/\/parafiasmardzewo.pl\/?p=10082\">Kontynuuj czytanie<\/a><\/p>\n","protected":false},"author":2,"featured_media":5378,"comment_status":"open","ping_status":"open","sticky":false,"template":"","format":"standard","meta":[],"categories":[2],"tags":[],"_links":{"self":[{"href":"https:\/\/parafiasmardzewo.pl\/index.php?rest_route=\/wp\/v2\/posts\/10082"}],"collection":[{"href":"https:\/\/parafiasmardzewo.pl\/index.php?rest_route=\/wp\/v2\/posts"}],"about":[{"href":"https:\/\/parafiasmardzewo.pl\/index.php?rest_route=\/wp\/v2\/types\/post"}],"author":[{"embeddable":true,"href":"https:\/\/parafiasmardzewo.pl\/index.php?rest_route=\/wp\/v2\/users\/2"}],"replies":[{"embeddable":true,"href":"https:\/\/parafiasmardzewo.pl\/index.php?rest_route=%2Fwp%2Fv2%2Fcomments&post=10082"}],"version-history":[{"count":5,"href":"https:\/\/parafiasmardzewo.pl\/index.php?rest_route=\/wp\/v2\/posts\/10082\/revisions"}],"predecessor-version":[{"id":10087,"href":"https:\/\/parafiasmardzewo.pl\/index.php?rest_route=\/wp\/v2\/posts\/10082\/revisions\/10087"}],"wp:featuredmedia":[{"embeddable":true,"href":"https:\/\/parafiasmardzewo.pl\/index.php?rest_route=\/wp\/v2\/media\/5378"}],"wp:attachment":[{"href":"https:\/\/parafiasmardzewo.pl\/index.php?rest_route=%2Fwp%2Fv2%2Fmedia&parent=10082"}],"wp:term":[{"taxonomy":"category","embeddable":true,"href":"https:\/\/parafiasmardzewo.pl\/index.php?rest_route=%2Fwp%2Fv2%2Fcategories&post=10082"},{"taxonomy":"post_tag","embeddable":true,"href":"https:\/\/parafiasmardzewo.pl\/index.php?rest_route=%2Fwp%2Fv2%2Ftags&post=10082"}],"curies":[{"name":"wp","href":"https:\/\/api.w.org\/{rel}","templated":true}]}}