{"id":10110,"date":"2025-06-14T22:09:39","date_gmt":"2025-06-14T20:09:39","guid":{"rendered":"https:\/\/parafiasmardzewo.pl\/?p=10110"},"modified":"2025-06-14T22:09:39","modified_gmt":"2025-06-14T20:09:39","slug":"najswietszej-trojcy-15-czerwca-2025","status":"publish","type":"post","link":"https:\/\/parafiasmardzewo.pl\/?p=10110","title":{"rendered":"NAJ\u015aWI\u0118TSZEJ TR\u00d3JCY &#8211; 15 czerwca 2025"},"content":{"rendered":"<p><strong>OG\u0141OSZENIA DUSZPASTERSKIE<\/strong><\/p>\n<ol>\n<li>Dzisiaj, w uroczysto\u015b\u0107 Tr\u00f3jcy Przenaj\u015bwi\u0119tszej, ze szczeg\u00f3ln\u0105 czci\u0105 Ko\u015bci\u00f3\u0142 wypowiada modlitw\u0119: <strong>\u201eChwa\u0142a Ojcu i Synowi, i Duchowi \u015awi\u0119temu\u2026\u201d. <\/strong>Warto te\u017c zda\u0107 sobie spraw\u0119, \u017ce ile razy \u015bwiadomie i pobo\u017cnie wykonujemy znak krzy\u017ca, modlitewnie wielbimy Tr\u00f3jc\u0119 Przenaj\u015bwi\u0119tsz\u0105 \u2013 jednego Boga w trzech Osobach. Je\u015bli dzisiaj cz\u0142owiekowi, nawet chrze\u015bcijaninowi, trudno poj\u0105\u0107 t\u0119 prawd\u0119, tym bardziej m\u00f3dlmy si\u0119 o m\u0105dro\u015b\u0107 Bo\u017c\u0105 i\u00a0o\u00a0\u015bwiat\u0142o Ducha \u015awi\u0119tego.<\/li>\n<li>Dzisiaj, w Uroczysto\u015b\u0107 Tr\u00f3jcy \u015awi\u0119tej, parafia nasza prze\u017cywa uroczysto\u015b\u0107 jubileuszow\u0105 950 \u2013 lecia istnienia naszej p\u0142ockiej diecezji. Podczas ka\u017cdej Mszy \u015awi\u0119tej b\u0119dziemy dzi\u0119kowa\u0107 Bogu i ludziom za dobro uczynione w naszej diecezji i prosi\u0107 b\u0119dziemy o Bo\u017ce b\u0142ogos\u0142awie\u0144stwo na kolejne lata.<\/li>\n<li>W najbli\u017cszy czwartek, 19 czerwca, w liturgii b\u0119dziemy celebrowali uroczysto\u015b\u0107 Naj\u015bwi\u0119tszego Cia\u0142a i Krwi Chrystusa \u2013 Bo\u017ce Cia\u0142o. B\u0119dziemy dzi\u0119kowa\u0107 Bogu za dar Eucharystii, b\u0119dziemy prosi\u0107 Chrystusa o b\u0142ogos\u0142awie\u0144stwo i pok\u00f3j dla Ko\u015bcio\u0142a powszechnego, dla naszej Ojczyzny i naszego narodu. Udzia\u0142 w procesji eucharystycznej jest publicznym wyznaniem wiary w to, \u017ce Jezus jest w\u015br\u00f3d nas, \u017ce jest w naszym \u017cyciu zawsze obecny. Uroczyst\u0105 liturgi\u0119 tego dnia rozpoczniemy Msz\u0105 \u015awi\u0119t\u0105 sprawowan\u0105 w\u00a0naszym ko\u015bciele o godz.10.00.<\/li>\n<li>Zapraszam, na Bo\u017ce Cia\u0142o, asyst\u0119 procesyjn\u0105 do niesienia chor\u0105gwi, feretron\u00f3w, dziewczynki do sypania kwiat\u00f3w oraz ministrant\u00f3w. Bardzo serdecznie prosz\u0119 mieszka\u0144c\u00f3w poszczeg\u00f3lnych wiosek o ustrojenie o\u0142tarzy. O\u0142tarz pierwszy przygotowuj\u0105 mieszka\u0144cy: S\u0142oszewo i S\u0142oszewo Kolonia, o\u0142tarz drugi K\u0119pa, o\u0142tarz trzeci Koliszewo P\u00f3\u0142noc, o\u0142tarz czwarty\u00a0 Smardzewo Poduchowne.<\/li>\n<li>Przypominam, \u017ce przez ca\u0142y czerwiec \u2013 miesi\u0105c po\u015bwi\u0119cony Naj\u015bwi\u0119tszemu Sercu Pana Jezusa, codziennie w\u00a0naszym ko\u015bciele po Eucharystii o godz. 18.00 celebrujemy nabo\u017ce\u0144stwo czerwcowe, podczas kt\u00f3rego odmawiamy Litani\u0119 do Serca Pana Jezusa.<\/li>\n<li>Zach\u0119cam do nabycia prasy katolickiej.<\/li>\n<li>W tym tygodniu z naszej wsp\u00f3lnoty odszed\u0142 do wieczno\u015bci \u015bw. p. Jan Sa\u0142kowski, kt\u00f3ry prze\u017cy\u0142 38 lat. Od uczestnik\u00f3w pogrzebu b\u0119dzie odprawionych 14 Mszy \u015bwi\u0119tych. Zmar\u0142ego parafianina pole\u0107my mi\u0142osierdziu Bo\u017cemu: <em>Dobry Jezu, a nasz Panie, daj mu wieczne spoczywanie\u2026<\/em><\/li>\n<\/ol>\n<p>&nbsp;<\/p>\n","protected":false},"excerpt":{"rendered":"<p>OG\u0141OSZENIA DUSZPASTERSKIE Dzisiaj, w uroczysto\u015b\u0107 Tr\u00f3jcy Przenaj\u015bwi\u0119tszej, ze szczeg\u00f3ln\u0105 czci\u0105 Ko\u015bci\u00f3\u0142 wypowiada modlitw\u0119: \u201eChwa\u0142a Ojcu i Synowi, i Duchowi \u015awi\u0119temu\u2026\u201d. Warto te\u017c zda\u0107 sobie spraw\u0119, \u017ce ile razy \u015bwiadomie i pobo\u017cnie wykonujemy znak krzy\u017ca, modlitewnie wielbimy Tr\u00f3jc\u0119 Przenaj\u015bwi\u0119tsz\u0105 \u2013 jednego Boga w trzech Osobach. Je\u015bli dzisiaj cz\u0142owiekowi, nawet chrze\u015bcijaninowi, trudno poj\u0105\u0107 t\u0119 prawd\u0119, tym bardziej &hellip; <\/p>\n<p><a class=\"more-link btn\" href=\"https:\/\/parafiasmardzewo.pl\/?p=10110\">Kontynuuj czytanie<\/a><\/p>\n","protected":false},"author":2,"featured_media":5378,"comment_status":"open","ping_status":"open","sticky":false,"template":"","format":"standard","meta":[],"categories":[2],"tags":[],"_links":{"self":[{"href":"https:\/\/parafiasmardzewo.pl\/index.php?rest_route=\/wp\/v2\/posts\/10110"}],"collection":[{"href":"https:\/\/parafiasmardzewo.pl\/index.php?rest_route=\/wp\/v2\/posts"}],"about":[{"href":"https:\/\/parafiasmardzewo.pl\/index.php?rest_route=\/wp\/v2\/types\/post"}],"author":[{"embeddable":true,"href":"https:\/\/parafiasmardzewo.pl\/index.php?rest_route=\/wp\/v2\/users\/2"}],"replies":[{"embeddable":true,"href":"https:\/\/parafiasmardzewo.pl\/index.php?rest_route=%2Fwp%2Fv2%2Fcomments&post=10110"}],"version-history":[{"count":1,"href":"https:\/\/parafiasmardzewo.pl\/index.php?rest_route=\/wp\/v2\/posts\/10110\/revisions"}],"predecessor-version":[{"id":10111,"href":"https:\/\/parafiasmardzewo.pl\/index.php?rest_route=\/wp\/v2\/posts\/10110\/revisions\/10111"}],"wp:featuredmedia":[{"embeddable":true,"href":"https:\/\/parafiasmardzewo.pl\/index.php?rest_route=\/wp\/v2\/media\/5378"}],"wp:attachment":[{"href":"https:\/\/parafiasmardzewo.pl\/index.php?rest_route=%2Fwp%2Fv2%2Fmedia&parent=10110"}],"wp:term":[{"taxonomy":"category","embeddable":true,"href":"https:\/\/parafiasmardzewo.pl\/index.php?rest_route=%2Fwp%2Fv2%2Fcategories&post=10110"},{"taxonomy":"post_tag","embeddable":true,"href":"https:\/\/parafiasmardzewo.pl\/index.php?rest_route=%2Fwp%2Fv2%2Ftags&post=10110"}],"curies":[{"name":"wp","href":"https:\/\/api.w.org\/{rel}","templated":true}]}}