{"id":10115,"date":"2025-06-21T21:27:27","date_gmt":"2025-06-21T19:27:27","guid":{"rendered":"https:\/\/parafiasmardzewo.pl\/?p=10115"},"modified":"2025-06-21T21:27:36","modified_gmt":"2025-06-21T19:27:36","slug":"dwunasta-niedziela-w-ciagu-roku-22-czerwca-2025","status":"publish","type":"post","link":"https:\/\/parafiasmardzewo.pl\/?p=10115","title":{"rendered":"DWUNASTA NIEDZIELA W CI\u0104GU ROKU &#8211; 22 czerwca 2025"},"content":{"rendered":"<p><strong>OG\u0141OSZENIA DUSZPASTERSKIE<\/strong><\/p>\n<ol>\n<li>Trwa czerwiec \u2013 miesi\u0105c naszej szczeg\u00f3lnej modlitwy do Naj\u015bwi\u0119tszego Serca Pana Jezusa.<\/li>\n<li>W poniedzia\u0142ek, 23 czerwca, obchodzimy Dzie\u0144 Ojca. Naszymi modlitwami obejmiemy wszystkich ojc\u00f3w z naszej wsp\u00f3lnoty parafialnej, aby godnie i z mi\u0142o\u015bci\u0105 wype\u0142niali swoje obowi\u0105zki w codziennych staraniach o w\u0142asne rodziny.<\/li>\n<li>We wtorek, 24 czerwca, przypada uroczysto\u015b\u0107 Narodzenia \u015awi\u0119tego Jana Chrzciciela, kt\u00f3ry przygotowa\u0142 drog\u0119 Panu Jezusowi. T\u0119 uroczysto\u015b\u0107 rozpoczniemy ju\u017c wieczorem w\u00a0poniedzia\u0142ek Msz\u0105 \u015awi\u0119t\u0105 wigilijn\u0105 o godz. 18.00. W sam\u0105 uroczysto\u015b\u0107 Msze \u015awi\u0119te w\u00a0naszym ko\u015bciele o godz. 7.30 i 18.00. W Litanii do Wszystkich \u015bwi\u0119tych \u015awi\u0119ty Jan Chrzciciel jest wymieniany na pierwszym miejscu, zaraz po Maryi. To wielki nauczyciel i \u015bwiadek Bo\u017cej prawdy, kt\u00f3ry by\u0142 za ni\u0105 got\u00f3w odda\u0107 \u017cycie. Parafia Sochocin w tym dniu prze\u017cywa uroczysto\u015b\u0107 odpustow\u0105.<\/li>\n<li>W \u015brod\u0119, 25 czerwca, na boisku szkolnym w Smardzewie odb\u0119d\u0105 si\u0119 uroczysto\u015bci 100 &#8211; lecia Szko\u0142y Podstawowej im. Powsta\u0144c\u00f3w Styczniowych 1863 r. w Smardzewie. <strong>Program uroczysto\u015bci: 10. 00 \u2013 Msza \u015awi\u0119ta polowa; 10.45 &#8211; Cz\u0119\u015b\u0107 artystyczna w wykonaniu uczni\u00f3w i absolwent\u00f3w szko\u0142y; 11.45 \u2013 zwiedzanie ekspozycji pami\u0105tkowej \u2013 historia nauczania w Smardzewie. Serdecznie zapraszamy absolwent\u00f3w, uczni\u00f3w z rodzinami oraz przyjaci\u00f3\u0142 szko\u0142y.<\/strong><\/li>\n<li>W czwartek, 26 czerwca, zako\u0144czenie tradycyjnej oktawy uroczysto\u015bci Bo\u017cego Cia\u0142a. Po wieczornej Mszy \u015awi\u0119tej o godz. 18.00 wyruszy procesja wok\u00f3\u0142 ko\u015bcio\u0142a. Niech liczny udzia\u0142 w tej liturgii \u015bwiadczy o naszej wierze w prawdziw\u0105, realn\u0105 obecno\u015b\u0107 Chrystusa w postaciach eucharystycznych, o naszym odwa\u017cnym wyznawaniu tej tajemnicy wiary. Zapraszam asyst\u0119 procesyjn\u0105. Dzi\u0119kuj\u0119 mieszka\u0144com poszczeg\u00f3lnych wiosek za przygotowanie o\u0142tarzy na Bo\u017ce Cia\u0142o. I o\u0142tarz\u2013 S\u0142oszewo i S\u0142oszewo Kolonia, II \u2013 K\u0119pa, III \u2013 Koliszewo P\u00f3\u0142noc, IV \u2013 Smardzewo Poduchowne. Dzi\u0119kuj\u0119 asy\u015bcie procesyjnej i s\u0142u\u017cbie liturgicznej za udzia\u0142 w Liturgii.<\/li>\n<li>W pi\u0105tek, 27 czerwca, w kalendarzu liturgicznym przypada uroczysto\u015b\u0107 Naj\u015bwi\u0119tszego Serca Pana Jezusa. Jest to te\u017c \u015awiatowy Dzie\u0144 Modlitw o U\u015bwi\u0119cenie Kap\u0142an\u00f3w. W naszym ko\u015bciele Msze \u015awi\u0119te o godz. 7.30 i 18.00. Tego dnia z racji uroczysto\u015bci nie obowi\u0105zuje wstrzemi\u0119\u017aliwo\u015b\u0107 od pokarm\u00f3w mi\u0119snych.<\/li>\n<li>W najbli\u017cszy pi\u0105tek, 27 czerwca, dzieci i m\u0142odzie\u017c ko\u0144cz\u0105 rok szkolny. Zach\u0119cam do spowiedzi dzieci, m\u0142odzie\u017c, rodzic\u00f3w wychowawc\u00f3w. Mo\u017cliwo\u015b\u0107 korzystania z sakramentu pokuty w poniedzia\u0142ek i wtorek od godz. 17.30. Msza \u015awi\u0119ta na zako\u0144czenie roku szkolnego b\u0119dzie 25 czerwca przy szkole.<\/li>\n<li>Natomiast w sobot\u0119, 28 czerwca, w liturgii b\u0119dziemy czcili Niepokalane Serce Naj\u015bwi\u0119tszej Maryi Panny. Gor\u0105co zach\u0119cam do licznego udzia\u0142u w liturgii i wsp\u00f3lnotowej modlitwie tych najbli\u017cszych uroczystych dni.<\/li>\n<li>W przysz\u0142\u0105 niedziel\u0119, 29 czerwca, przypada uroczysto\u015b\u0107 \u015awi\u0119tych Aposto\u0142\u00f3w Piotra i\u00a0Paw\u0142a. W kalendarzu liturgicznym czcimy ich razem, bo s\u0105 dwoma wielkimi filarami, na kt\u00f3rych wsparty jest Ko\u015bci\u00f3\u0142 rzymski. Tradycja g\u0142osi, \u017ce ponie\u015bli \u015bmier\u0107 m\u0119cze\u0144sk\u0105 tego samego dnia. Ich wstawiennictwu b\u0119dziemy poleca\u0107 Bo\u017cej opiece wierz\u0105cych, zw\u0142aszcza pasterzy Chrystusowej owczarni. Swoimi modlitwami obejmijmy r\u00f3wnie\u017c papie\u017ca Leona XIV \u2013 Piotra naszych czas\u00f3w. T\u0119 uroczysto\u015b\u0107 rozpoczniemy ju\u017c Msz\u0105 \u015awi\u0119t\u0105 wigilijn\u0105 w sobot\u0119, 28\u00a0czerwca, o godz. 18.00. Taca tej przysz\u0142ej niedzieli zostanie przeznaczona na potrzeby Stolicy Apostolskiej.<\/li>\n<li>Zach\u0119cam do nabycia prasy katolickiej.<\/li>\n<\/ol>\n<p>&nbsp;<\/p>\n<p>&nbsp;<\/p>\n<p>&nbsp;<\/p>\n<p>&nbsp;<\/p>\n<p>&nbsp;<\/p>\n","protected":false},"excerpt":{"rendered":"<p>OG\u0141OSZENIA DUSZPASTERSKIE Trwa czerwiec \u2013 miesi\u0105c naszej szczeg\u00f3lnej modlitwy do Naj\u015bwi\u0119tszego Serca Pana Jezusa. W poniedzia\u0142ek, 23 czerwca, obchodzimy Dzie\u0144 Ojca. Naszymi modlitwami obejmiemy wszystkich ojc\u00f3w z naszej wsp\u00f3lnoty parafialnej, aby godnie i z mi\u0142o\u015bci\u0105 wype\u0142niali swoje obowi\u0105zki w codziennych staraniach o w\u0142asne rodziny. We wtorek, 24 czerwca, przypada uroczysto\u015b\u0107 Narodzenia \u015awi\u0119tego Jana Chrzciciela, kt\u00f3ry &hellip; <\/p>\n<p><a class=\"more-link btn\" href=\"https:\/\/parafiasmardzewo.pl\/?p=10115\">Kontynuuj czytanie<\/a><\/p>\n","protected":false},"author":2,"featured_media":5378,"comment_status":"open","ping_status":"open","sticky":false,"template":"","format":"standard","meta":[],"categories":[2],"tags":[],"_links":{"self":[{"href":"https:\/\/parafiasmardzewo.pl\/index.php?rest_route=\/wp\/v2\/posts\/10115"}],"collection":[{"href":"https:\/\/parafiasmardzewo.pl\/index.php?rest_route=\/wp\/v2\/posts"}],"about":[{"href":"https:\/\/parafiasmardzewo.pl\/index.php?rest_route=\/wp\/v2\/types\/post"}],"author":[{"embeddable":true,"href":"https:\/\/parafiasmardzewo.pl\/index.php?rest_route=\/wp\/v2\/users\/2"}],"replies":[{"embeddable":true,"href":"https:\/\/parafiasmardzewo.pl\/index.php?rest_route=%2Fwp%2Fv2%2Fcomments&post=10115"}],"version-history":[{"count":2,"href":"https:\/\/parafiasmardzewo.pl\/index.php?rest_route=\/wp\/v2\/posts\/10115\/revisions"}],"predecessor-version":[{"id":10117,"href":"https:\/\/parafiasmardzewo.pl\/index.php?rest_route=\/wp\/v2\/posts\/10115\/revisions\/10117"}],"wp:featuredmedia":[{"embeddable":true,"href":"https:\/\/parafiasmardzewo.pl\/index.php?rest_route=\/wp\/v2\/media\/5378"}],"wp:attachment":[{"href":"https:\/\/parafiasmardzewo.pl\/index.php?rest_route=%2Fwp%2Fv2%2Fmedia&parent=10115"}],"wp:term":[{"taxonomy":"category","embeddable":true,"href":"https:\/\/parafiasmardzewo.pl\/index.php?rest_route=%2Fwp%2Fv2%2Fcategories&post=10115"},{"taxonomy":"post_tag","embeddable":true,"href":"https:\/\/parafiasmardzewo.pl\/index.php?rest_route=%2Fwp%2Fv2%2Ftags&post=10115"}],"curies":[{"name":"wp","href":"https:\/\/api.w.org\/{rel}","templated":true}]}}