{"id":10118,"date":"2025-06-21T22:50:43","date_gmt":"2025-06-21T20:50:43","guid":{"rendered":"https:\/\/parafiasmardzewo.pl\/?p=10118"},"modified":"2025-06-21T22:50:43","modified_gmt":"2025-06-21T20:50:43","slug":"msze-swiete-od-23-29-czerwca-2025-roku","status":"publish","type":"post","link":"https:\/\/parafiasmardzewo.pl\/?p=10118","title":{"rendered":"Msze \u015awi\u0119te od 23 &#8211; 29 czerwca 2025 roku"},"content":{"rendered":"<p><strong>Poniedzia\u0142ek<\/strong><\/p>\n<p><strong>godz. 7.30 + <\/strong>Jadwiga Sk\u00f3rska \u2013 int. c\u00f3rki Urszuli i wnucz\u0105t<\/p>\n<p><strong>godz. 8.00 <\/strong>+ Wojciech Dobrogowski \u2013 gregorianka<\/p>\n<p><strong>godz. 18.00<\/strong> + \u00a0Jan Stawicki &#8211; imieninowa<\/p>\n<p><strong>Wtorek<\/strong><\/p>\n<p><strong>godz. 7.30 + <\/strong>gregorianka \u2013 Wojciech Dobrogowski<\/p>\n<p><strong>godz. 16.00<\/strong> \u00a0+ Jan Benedykt Wyrwich i o Bo\u017ce b\u0142ogos\u0142awie\u0144stwo a szczeg\u00f3lnie o zdrowie dla Marianny Wyrwich w 75. rocznic\u0119 urodzin<\/p>\n<p><strong>godz. 17.00 +<\/strong> Jan i Janina Za\u0142\u0119scy \u2013 int. syna i synowej<\/p>\n<p><strong>\u015aroda <\/strong><\/p>\n<p><strong>godz. 10.00 MSZA \u015aWI\u0118TA POLOWA \u2013 100 \u2013 LECIE SZKO\u0141Y (na boisku przy szkole w Smardzewie)<\/strong><\/p>\n<p><strong>godz. 18.00 +<\/strong> \u00a0gregorianka<\/p>\n<p><strong>Czwartek\u00a0\u00a0\u00a0\u00a0\u00a0\u00a0\u00a0\u00a0\u00a0\u00a0\u00a0\u00a0\u00a0\u00a0\u00a0\u00a0\u00a0\u00a0\u00a0\u00a0\u00a0\u00a0\u00a0\u00a0\u00a0\u00a0\u00a0\u00a0\u00a0\u00a0\u00a0\u00a0\u00a0\u00a0\u00a0\u00a0\u00a0\u00a0\u00a0\u00a0\u00a0\u00a0\u00a0\u00a0\u00a0\u00a0\u00a0\u00a0\u00a0\u00a0\u00a0\u00a0\u00a0\u00a0\u00a0\u00a0\u00a0\u00a0\u00a0\u00a0\u00a0\u00a0\u00a0\u00a0\u00a0\u00a0\u00a0\u00a0\u00a0\u00a0\u00a0\u00a0\u00a0\u00a0\u00a0\u00a0\u00a0\u00a0\u00a0\u00a0\u00a0\u00a0\u00a0\u00a0\u00a0\u00a0\u00a0\u00a0\u00a0\u00a0\u00a0\u00a0\u00a0\u00a0\u00a0\u00a0\u00a0\u00a0\u00a0\u00a0\u00a0\u00a0\u00a0\u00a0\u00a0\u00a0\u00a0\u00a0\u00a0\u00a0\u00a0\u00a0\u00a0\u00a0\u00a0\u00a0\u00a0\u00a0\u00a0\u00a0\u00a0\u00a0\u00a0\u00a0\u00a0\u00a0\u00a0\u00a0\u00a0\u00a0\u00a0\u00a0\u00a0\u00a0\u00a0\u00a0\u00a0\u00a0\u00a0\u00a0\u00a0\u00a0\u00a0\u00a0\u00a0\u00a0\u00a0\u00a0\u00a0\u00a0\u00a0\u00a0\u00a0\u00a0\u00a0\u00a0\u00a0\u00a0\u00a0 <\/strong><\/p>\n<p><strong>godz. 7.30 <\/strong>+ \u00a0gregorianka<\/p>\n<p><strong>godz. 17.00<\/strong> W intencji \u00a0pielgrzym\u00f3w z P\u0142o\u0144ska i w intencji Ojczyzny<\/p>\n<p><strong>\u00a0Pi\u0105tek<\/strong><\/p>\n<p><strong>godz. 7.30 \u00a0<\/strong>+ gregorianka<\/p>\n<p><strong>godz. 17.00<\/strong> + Teresa i Jerzy Rajczak<\/p>\n<p><strong>godz. 18.00<\/strong> \u00a0+ W\u0142adys\u0142aw i Walentyna Morawscy<\/p>\n<p><strong>Sobota\u00a0\u00a0\u00a0\u00a0\u00a0 <\/strong><strong>\u00a0\u00a0\u00a0\u00a0\u00a0\u00a0\u00a0\u00a0\u00a0\u00a0\u00a0\u00a0\u00a0\u00a0\u00a0\u00a0\u00a0\u00a0\u00a0\u00a0\u00a0\u00a0\u00a0\u00a0\u00a0\u00a0\u00a0\u00a0\u00a0\u00a0\u00a0\u00a0\u00a0\u00a0\u00a0\u00a0\u00a0\u00a0\u00a0\u00a0\u00a0\u00a0\u00a0\u00a0\u00a0\u00a0\u00a0\u00a0\u00a0\u00a0\u00a0\u00a0\u00a0\u00a0\u00a0\u00a0\u00a0\u00a0\u00a0\u00a0\u00a0\u00a0\u00a0\u00a0\u00a0\u00a0\u00a0\u00a0\u00a0\u00a0\u00a0\u00a0\u00a0\u00a0\u00a0\u00a0\u00a0\u00a0\u00a0\u00a0\u00a0\u00a0\u00a0\u00a0\u00a0\u00a0\u00a0\u00a0\u00a0\u00a0\u00a0\u00a0\u00a0\u00a0\u00a0\u00a0\u00a0\u00a0\u00a0\u00a0\u00a0\u00a0\u00a0\u00a0\u00a0\u00a0\u00a0\u00a0\u00a0\u00a0\u00a0\u00a0\u00a0\u00a0\u00a0\u00a0\u00a0\u00a0\u00a0\u00a0\u00a0\u00a0\u00a0\u00a0\u00a0\u00a0\u00a0\u00a0\u00a0\u00a0\u00a0\u00a0\u00a0\u00a0\u00a0\u00a0\u00a0\u00a0\u00a0\u00a0\u00a0\u00a0\u00a0\u00a0\u00a0\u00a0\u00a0\u00a0\u00a0\u00a0\u00a0\u00a0\u00a0<\/strong><\/p>\n<p><strong>godz. 7.30<\/strong> + \u00a0gregorianka<\/p>\n<p><strong>godz. 11.00 <\/strong>Pielgrzymi z P\u0142o\u0144ska<strong> \u2013 ks. dr Piotr Wilkowski<\/strong><\/p>\n<p><strong>godz. 18.00 <\/strong>+ \u00a0W\u0142adys\u0142awa (k) Oporska i W\u0142adys\u0142aw Grabowski oraz Marian Oporski<\/p>\n<p><strong>Niedziela <\/strong><\/p>\n<p><strong>godz. 9.00 \u00a0+<\/strong> \u00a0Kamil (imieninowa) Figaci\u0144ski; 2) + Hanna i Stanis\u0142aw Miecznikowscy, dziadk\u00f3w Grzelak\u00f3w, dziadk\u00f3w Miecznikowskich \u00a0\u00a0\u00a0\u00a0\u00a0\u00a0\u00a0\u00a0\u00a0\u00a0\u00a0\u00a0\u00a0\u00a0\u00a0\u00a0\u00a0\u00a0\u00a0\u00a0\u00a0\u00a0\u00a0\u00a0\u00a0\u00a0\u00a0\u00a0\u00a0\u00a0\u00a0\u00a0\u00a0\u00a0\u00a0\u00a0\u00a0\u00a0\u00a0\u00a0\u00a0\u00a0\u00a0\u00a0\u00a0\u00a0\u00a0\u00a0\u00a0\u00a0\u00a0\u00a0\u00a0\u00a0\u00a0\u00a0\u00a0\u00a0\u00a0\u00a0\u00a0\u00a0\u00a0\u00a0\u00a0\u00a0\u00a0\u00a0\u00a0\u00a0\u00a0\u00a0\u00a0\u00a0\u00a0\u00a0\u00a0\u00a0\u00a0\u00a0\u00a0\u00a0\u00a0\u00a0\u00a0\u00a0\u00a0\u00a0\u00a0\u00a0\u00a0\u00a0\u00a0\u00a0\u00a0\u00a0\u00a0\u00a0\u00a0\u00a0\u00a0\u00a0\u00a0\u00a0\u00a0\u00a0\u00a0\u00a0\u00a0\u00a0\u00a0\u00a0\u00a0\u00a0\u00a0\u00a0\u00a0\u00a0\u00a0\u00a0\u00a0\u00a0\u00a0\u00a0\u00a0\u00a0\u00a0\u00a0\u00a0\u00a0\u00a0\u00a0\u00a0\u00a0\u00a0\u00a0\u00a0\u00a0\u00a0\u00a0\u00a0\u00a0\u00a0\u00a0\u00a0\u00a0\u00a0\u00a0\u00a0\u00a0\u00a0\u00a0\u00a0\u00a0\u00a0\u00a0\u00a0\u00a0\u00a0\u00a0\u00a0\u00a0\u00a0\u00a0\u00a0\u00a0\u00a0\u00a0\u00a0\u00a0\u00a0\u00a0\u00a0\u00a0\u00a0\u00a0\u00a0\u00a0\u00a0\u00a0\u00a0\u00a0\u00a0\u00a0\u00a0\u00a0\u00a0\u00a0\u00a0\u00a0\u00a0\u00a0\u00a0\u00a0\u00a0\u00a0\u00a0\u00a0\u00a0\u00a0\u00a0\u00a0\u00a0\u00a0\u00a0\u00a0\u00a0\u00a0\u00a0\u00a0<strong>godz. 10.<\/strong>45 + Piotr Tralewicz i Piotr Sasiewski; 2) gregorianka \u00a0\u00a0\u00a0\u00a0\u00a0\u00a0\u00a0\u00a0\u00a0\u00a0\u00a0\u00a0\u00a0\u00a0\u00a0\u00a0\u00a0\u00a0\u00a0\u00a0\u00a0\u00a0\u00a0\u00a0\u00a0\u00a0\u00a0\u00a0\u00a0\u00a0\u00a0\u00a0\u00a0\u00a0\u00a0\u00a0\u00a0\u00a0\u00a0\u00a0\u00a0\u00a0\u00a0\u00a0\u00a0\u00a0\u00a0\u00a0\u00a0\u00a0\u00a0\u00a0\u00a0\u00a0\u00a0\u00a0\u00a0\u00a0\u00a0\u00a0\u00a0\u00a0\u00a0\u00a0\u00a0\u00a0\u00a0\u00a0\u00a0\u00a0\u00a0\u00a0\u00a0\u00a0\u00a0\u00a0\u00a0\u00a0\u00a0\u00a0\u00a0\u00a0\u00a0\u00a0\u00a0\u00a0\u00a0\u00a0\u00a0\u00a0\u00a0\u00a0\u00a0\u00a0\u00a0\u00a0\u00a0\u00a0\u00a0\u00a0\u00a0\u00a0\u00a0\u00a0\u00a0\u00a0\u00a0\u00a0\u00a0\u00a0\u00a0\u00a0\u00a0\u00a0\u00a0\u00a0<strong>godz. 16.00<\/strong> + \u00a0Jan Banasiewicz; 2) + \u00a0Dzi\u0119kczynno-b\u0142agalna w 6. rocznic\u0119 \u015blubu Renaty i Piotra Czarneckich oraz o Bo\u017ce b\u0142og. dla Lucyny Czarneckiej i za zmar\u0142ego Zygmunta Czarneckiego<\/p>\n","protected":false},"excerpt":{"rendered":"<p>Poniedzia\u0142ek godz. 7.30 + Jadwiga Sk\u00f3rska \u2013 int. c\u00f3rki Urszuli i wnucz\u0105t godz. 8.00 + Wojciech Dobrogowski \u2013 gregorianka godz. 18.00 + \u00a0Jan Stawicki &#8211; imieninowa Wtorek godz. 7.30 + gregorianka \u2013 Wojciech Dobrogowski godz. 16.00 \u00a0+ Jan Benedykt Wyrwich i o Bo\u017ce b\u0142ogos\u0142awie\u0144stwo a szczeg\u00f3lnie o zdrowie dla Marianny Wyrwich w 75. rocznic\u0119 urodzin &hellip; <\/p>\n<p><a class=\"more-link btn\" href=\"https:\/\/parafiasmardzewo.pl\/?p=10118\">Kontynuuj czytanie<\/a><\/p>\n","protected":false},"author":2,"featured_media":9546,"comment_status":"open","ping_status":"open","sticky":false,"template":"","format":"standard","meta":[],"categories":[5],"tags":[],"_links":{"self":[{"href":"https:\/\/parafiasmardzewo.pl\/index.php?rest_route=\/wp\/v2\/posts\/10118"}],"collection":[{"href":"https:\/\/parafiasmardzewo.pl\/index.php?rest_route=\/wp\/v2\/posts"}],"about":[{"href":"https:\/\/parafiasmardzewo.pl\/index.php?rest_route=\/wp\/v2\/types\/post"}],"author":[{"embeddable":true,"href":"https:\/\/parafiasmardzewo.pl\/index.php?rest_route=\/wp\/v2\/users\/2"}],"replies":[{"embeddable":true,"href":"https:\/\/parafiasmardzewo.pl\/index.php?rest_route=%2Fwp%2Fv2%2Fcomments&post=10118"}],"version-history":[{"count":1,"href":"https:\/\/parafiasmardzewo.pl\/index.php?rest_route=\/wp\/v2\/posts\/10118\/revisions"}],"predecessor-version":[{"id":10119,"href":"https:\/\/parafiasmardzewo.pl\/index.php?rest_route=\/wp\/v2\/posts\/10118\/revisions\/10119"}],"wp:featuredmedia":[{"embeddable":true,"href":"https:\/\/parafiasmardzewo.pl\/index.php?rest_route=\/wp\/v2\/media\/9546"}],"wp:attachment":[{"href":"https:\/\/parafiasmardzewo.pl\/index.php?rest_route=%2Fwp%2Fv2%2Fmedia&parent=10118"}],"wp:term":[{"taxonomy":"category","embeddable":true,"href":"https:\/\/parafiasmardzewo.pl\/index.php?rest_route=%2Fwp%2Fv2%2Fcategories&post=10118"},{"taxonomy":"post_tag","embeddable":true,"href":"https:\/\/parafiasmardzewo.pl\/index.php?rest_route=%2Fwp%2Fv2%2Ftags&post=10118"}],"curies":[{"name":"wp","href":"https:\/\/api.w.org\/{rel}","templated":true}]}}