{"id":10124,"date":"2025-06-28T23:10:45","date_gmt":"2025-06-28T21:10:45","guid":{"rendered":"https:\/\/parafiasmardzewo.pl\/?p=10124"},"modified":"2025-06-28T23:10:45","modified_gmt":"2025-06-28T21:10:45","slug":"swietych-apostolow-piotra-i-pawla-29-czerwca-2025","status":"publish","type":"post","link":"https:\/\/parafiasmardzewo.pl\/?p=10124","title":{"rendered":"\u015aWI\u0118TYCH APOSTO\u0141\u00d3W PIOTRA I PAW\u0141A &#8211; 29 czerwca 2025"},"content":{"rendered":"<p><strong>OG\u0141OSZENIA DUSZPASTERSKIE<\/strong><\/p>\n<ol>\n<li>Cho\u0107 czerwiec \u2013 miesi\u0105c po\u015bwi\u0119cony Naj\u015bwi\u0119tszemu Sercu Jezusowemu \u2013 ko\u0144czy si\u0119, to nie przestawajmy modli\u0107 si\u0119 s\u0142owami Litanii do Serca Pana Jezusa czy Koronki do mi\u0142osierdzia Bo\u017cego albo Aktu po\u015bwi\u0119cenia rodzaju ludzkiego. Je\u015bli zale\u017cy nam na naszym odkupieniu, musimy wpatrywa\u0107 si\u0119 w przebite w\u0142\u00f3czni\u0105 Serce Zbawiciela, coraz bardziej musimy by\u0107 do Niego podobni.<\/li>\n<li>Tak upodobnili si\u0119 do Chrystusa dwaj Jego uczniowie, Aposto\u0142owie Piotr i Pawe\u0142, kt\u00f3rych czcimy dzisiaj w liturgii. Dwa wielkie filary, na kt\u00f3rych wznosi si\u0119 Ko\u015bci\u00f3\u0142 rzymskokatolicki: \u015awi\u0119ty Piotr jest wyznaczonym przez Chrystusa gwarantem, \u017ce Ko\u015bcio\u0142a nie zwyci\u0119\u017c\u0105 \u017cadne, nawet piekielne moce, oraz \u015awi\u0119ty Pawe\u0142, kt\u00f3ry g\u0142osi\u0142 Ewangeli\u0119 poganom. Dzisiejsza uroczysto\u015b\u0107 jest okazj\u0105 do podzi\u0119kowania Panu Bogu za pos\u0142ug\u0119 wszystkich nast\u0119pc\u00f3w \u015awi\u0119tego Piotra, zw\u0142aszcza ostatnich papie\u017cy: \u015awi\u0119tego Jana Paw\u0142a II, Benedykta XVI,\u00a0Franciszka i Leona XIV. B\u0105d\u017amy wierni ich s\u0142owom, ich nauczaniu. Niech stan\u0105 si\u0119 dla nas drogowskazem na drodze wierno\u015bci i komunii z Bogiem.<\/li>\n<li>Tac\u0119 z dzisiejszych Mszy \u015awi\u0119tej przeznaczamy na potrzeby Stolicy \u015awi\u0119tej, tak zwane \u015bwi\u0119topietrze. Polecam j\u0105 ofiarno\u015bci Parafian.<\/li>\n<li>W tym tygodniu przypada Pierwszy Czwartek, Pierwszy Pi\u0105tek i Pierwsza Sobota miesi\u0105ca.<\/li>\n<li>W Pierwszy Pi\u0105tek (4 czerwca) b\u0119dzie szczeg\u00f3lna okazja do oddania czci Naj\u015bwi\u0119tszemu Sercu Pana Jezusa oraz do pojednania si\u0119 z Bogiem i\u00a0bra\u0107mi. Spowied\u017a od godz. 17.30.<\/li>\n<li>W Pierwsz\u0105 Sobot\u0119 (5 czerwca) oddajemy cze\u015b\u0107 Niepokalanemu Sercu Maryi Panny oraz czcimy J\u0105 jako Kr\u00f3low\u0105 Polski. Msza \u015awi\u0119ta o Niepokalanym Pocz\u0119ciu NMP o godz. 9.00.<\/li>\n<li>Jutro, 30 czerwca, jedziemy autokarem na pielgrzymk\u0119 do Gietrzwa\u0142du i do Grunwaldu. Wyjazd o godz. 7.00, planowany powr\u00f3t oko\u0142o godz. 19.00. Autokar b\u0119dzie podstawiony przy ko\u015bciele w Smardzewie.<\/li>\n<li>Na stronie internetowej naszej parafii jest zamieszczony <strong>List Prezydium Konferencji Episkopatu Polski w sprawie nowego przedmiotu Edukacja zdrowotna. Zach\u0119cam do przeczytania tego <\/strong><\/li>\n<li>Od 1 do 31 lipca Msze \u015awi\u0119te w dni powszednie b\u0119d\u0105 odprawiane o godz. 17.00.<\/li>\n<li>W minion\u0105 \u015brod\u0119, 25 czerwca, na boisku przy Szkole Podstawowej w Smardzewie zosta\u0142a odprawiona Msza \u015awi\u0119ta dzi\u0119kczynna za 100 lat nauczania w Smardzewie. Po Eucharystii dzieci i m\u0142odzie\u017c z naszej szko\u0142y oraz jej absolwenci przedstawili pi\u0119kny program artystyczny przedstawiaj\u0105cy histori\u0119 szko\u0142y.<\/li>\n<li>Pan Pawe\u0142 Marchel czuwa\u0142, aby urz\u0105dzenia nag\u0142a\u015bniaj\u0105ce, podczas uroczysto\u015bci 100 \u2013 lecia szko\u0142y, sprawnie dzia\u0142a\u0142y. Bardzo serdecznie dzi\u0119kuj\u0119.<\/li>\n<li>Zach\u0119cam do nabycia prasy katolickiej.<\/li>\n<li>Wszystkim wyje\u017cd\u017caj\u0105cym na urlopy, letnie wycieczki, obozy, kolonie \u017cycz\u0119 udanego, radosnego wypoczynku, ale te\u017c przypominam, \u017ce nie ma czasu wolnego od Pana Boga. Nie b\u00f3jmy si\u0119 manifestowa\u0107 naszej przynale\u017cno\u015bci do Chrystusa i Ko\u015bcio\u0142a.<\/li>\n<\/ol>\n<p>&nbsp;<\/p>\n<p>&nbsp;<\/p>\n<p>&nbsp;<\/p>\n<p>&nbsp;<\/p>\n","protected":false},"excerpt":{"rendered":"<p>OG\u0141OSZENIA DUSZPASTERSKIE Cho\u0107 czerwiec \u2013 miesi\u0105c po\u015bwi\u0119cony Naj\u015bwi\u0119tszemu Sercu Jezusowemu \u2013 ko\u0144czy si\u0119, to nie przestawajmy modli\u0107 si\u0119 s\u0142owami Litanii do Serca Pana Jezusa czy Koronki do mi\u0142osierdzia Bo\u017cego albo Aktu po\u015bwi\u0119cenia rodzaju ludzkiego. Je\u015bli zale\u017cy nam na naszym odkupieniu, musimy wpatrywa\u0107 si\u0119 w przebite w\u0142\u00f3czni\u0105 Serce Zbawiciela, coraz bardziej musimy by\u0107 do Niego podobni. &hellip; <\/p>\n<p><a class=\"more-link btn\" href=\"https:\/\/parafiasmardzewo.pl\/?p=10124\">Kontynuuj czytanie<\/a><\/p>\n","protected":false},"author":2,"featured_media":5378,"comment_status":"open","ping_status":"open","sticky":false,"template":"","format":"standard","meta":[],"categories":[2],"tags":[],"_links":{"self":[{"href":"https:\/\/parafiasmardzewo.pl\/index.php?rest_route=\/wp\/v2\/posts\/10124"}],"collection":[{"href":"https:\/\/parafiasmardzewo.pl\/index.php?rest_route=\/wp\/v2\/posts"}],"about":[{"href":"https:\/\/parafiasmardzewo.pl\/index.php?rest_route=\/wp\/v2\/types\/post"}],"author":[{"embeddable":true,"href":"https:\/\/parafiasmardzewo.pl\/index.php?rest_route=\/wp\/v2\/users\/2"}],"replies":[{"embeddable":true,"href":"https:\/\/parafiasmardzewo.pl\/index.php?rest_route=%2Fwp%2Fv2%2Fcomments&post=10124"}],"version-history":[{"count":1,"href":"https:\/\/parafiasmardzewo.pl\/index.php?rest_route=\/wp\/v2\/posts\/10124\/revisions"}],"predecessor-version":[{"id":10125,"href":"https:\/\/parafiasmardzewo.pl\/index.php?rest_route=\/wp\/v2\/posts\/10124\/revisions\/10125"}],"wp:featuredmedia":[{"embeddable":true,"href":"https:\/\/parafiasmardzewo.pl\/index.php?rest_route=\/wp\/v2\/media\/5378"}],"wp:attachment":[{"href":"https:\/\/parafiasmardzewo.pl\/index.php?rest_route=%2Fwp%2Fv2%2Fmedia&parent=10124"}],"wp:term":[{"taxonomy":"category","embeddable":true,"href":"https:\/\/parafiasmardzewo.pl\/index.php?rest_route=%2Fwp%2Fv2%2Fcategories&post=10124"},{"taxonomy":"post_tag","embeddable":true,"href":"https:\/\/parafiasmardzewo.pl\/index.php?rest_route=%2Fwp%2Fv2%2Ftags&post=10124"}],"curies":[{"name":"wp","href":"https:\/\/api.w.org\/{rel}","templated":true}]}}