{"id":10128,"date":"2025-07-05T19:50:19","date_gmt":"2025-07-05T17:50:19","guid":{"rendered":"https:\/\/parafiasmardzewo.pl\/?p=10128"},"modified":"2025-07-05T19:50:19","modified_gmt":"2025-07-05T17:50:19","slug":"czternasta-niedziela-w-ciagu-roku-6-lipca-2025","status":"publish","type":"post","link":"https:\/\/parafiasmardzewo.pl\/?p=10128","title":{"rendered":"CZTERNASTA NIEDZIELA W CI\u0104GU ROKU &#8211; 6 lipca 2025"},"content":{"rendered":"<p><strong>OG\u0141OSZENIA DUSZPASTERSKIE<\/strong><\/p>\n<ol>\n<li>Dzi\u015b przypada pierwsza lipcowa niedziela. Po Eucharystii o godz. 10.45 b\u0119dzie adoracja Naj\u015bwi\u0119tszego Sakramentu i procesja wok\u00f3\u0142 \u015bwi\u0105tyni. Zapraszam asyst\u0119 procesyjn\u0105.<\/li>\n<li>W dzisiejsz\u0105 niedziel\u0119 przypada \u015bwi\u0119to patronalne Apostolstwa Chorych, zwi\u0105zane ze wspomnieniem Naj\u015bwi\u0119tszej Maryi Panny Uzdrowienia Chorych. Nasz\u0105 modlitewn\u0105 pami\u0119ci\u0105 obejmijmy tych, kt\u00f3rzy staraj\u0105 si\u0119 pomaga\u0107 duchowo wszystkim chorym, cierpi\u0105cym i\u00a0seniorom z naszej wsp\u00f3lnoty parafialnej.<\/li>\n<li>W pi\u0105tek, 11 lipca, obchodzimy \u015bwi\u0119to \u015awi\u0119tego Benedykta (480-547), opata, patrona Europy. Za\u0142o\u017cony przez niego zakon benedyktyn\u00f3w przyczyni\u0142 si\u0119 do pog\u0142\u0119bienia \u017cycia religijnego w Ko\u015bciele, ale i szeroko rozumianej kultury. Z tej racji papie\u017c \u015awi\u0119ty Pawe\u0142 VI w\u00a01964 roku og\u0142osi\u0142 \u015awi\u0119tego Benedykta g\u0142\u00f3wnym patronem Europy. <em>Ora et labora<\/em> \u2013 M\u00f3dl si\u0119 i pracuj! \u2013 to spos\u00f3b \u015awi\u0119tego Benedykta na dobre chrze\u015bcija\u0144skie \u017cycie. Do Polski benedyktyni przybyli wraz ze \u015awi\u0119tym Wojciechem (\u2020997). Najbardziej znanym opactwem benedykty\u0144skim jest u nas Tyniec.<\/li>\n<li>W miniony poniedzia\u0142ek 47 os\u00f3b, g\u0142\u00f3wnie z naszej parafii, uczestniczy\u0142o w pielgrzymce do Gietrzwa\u0142du. Pielgrzymi uczestniczyli w Mszy \u015awi\u0119tej przed cudownym obrazem Matki Bo\u017cej Gietrzwa\u0142dzkiej, odprawili\u015bmy Drog\u0119 Krzy\u017cow\u0105 w plenerze oraz spotkali\u015bmy si\u0119 przy ognisku na trenie przy sanktuarium. By\u0142 te\u017c czas na prywatn\u0105 modlitw\u0119. Odwiedzili\u015bmy te\u017c Grunwald, gdzie odby\u0142a si\u0119\u00a0\u00a0Bitwa 15 lipca 1410 roku i zako\u0144czy\u0142a si\u0119 znacz\u0105cym zwyci\u0119stwem po\u0142\u0105czonych si\u0142 polsko-litewskich pod wodz\u0105 kr\u00f3la W\u0142adys\u0142awa Jagie\u0142\u0142y i wielkiego ksi\u0119cia litewskiego Witolda nad wojskami Zakonu Krzy\u017cackiego, dowodzonymi przez wielkiego mistrza Ulricha von Jungingena.\u00a0 \u00a0Muzeum oferuje multimedialn\u0105 wystaw\u0119 prezentuj\u0105c\u0105 histori\u0119 bitwy, eksponaty takie jak zbroje i bro\u0144, a tak\u017ce makiety i interaktywne prezentacje.\u00a0Prawie wszyscy uczestnicy skorzystali z tej oferty multimedialnej. Warto doda\u0107, \u017ce jedna trzecia os\u00f3b naszej grupy to dzieci i m\u0142odzie\u017c.<\/li>\n<li>W nast\u0119pn\u0105 niedziel\u0119, 13 lipca, na godz. 19.00 zapraszam na kolejne nabo\u017ce\u0144stwo fatimskie.<\/li>\n<li>Nie zapominajmy o tych, dla kt\u00f3rych lato jest czasem wyt\u0119\u017conej pracy, zw\u0142aszcza o\u00a0pracuj\u0105cych na roli, na budowach, w szpitalach, transporcie, pozostaj\u0105cych na koniecznych dy\u017curach. M\u00f3dlmy si\u0119, aby Pan B\u00f3g b\u0142ogos\u0142awi\u0142 w ich trudzie. Oni cz\u0119sto pracuj\u0105, aby inni mogli wypoczywa\u0107.<\/li>\n<li>Niech trwaj\u0105ce wakacje i urlopy b\u0119d\u0105 okazj\u0105 do pog\u0142\u0119bienia wiary prze\u017cywanej w bezpo\u015brednim kontakcie z przyrod\u0105. Przez pi\u0119kno ziemi przemawia do nas sam Stw\u00f3rca. Zechciejmy dla Niego otworzy\u0107 nasze serca i umys\u0142y. Jednocze\u015bnie nie zapominajmy, \u017ce ka\u017cdy z nas, jako katolik, ma obowi\u0105zek uczestniczenia w\u00a0niedzielnej Mszy \u015awi\u0119tej, kt\u00f3ra jest \u017ar\u00f3d\u0142em o\u017cywczej \u0142aski, przynosi pok\u00f3j i zbawienie.<\/li>\n<li>Zach\u0119cam do nabycia prasy katolickiej: <strong><em>Go\u015b\u0107 Niedzielny, Rycerz Niepokalanej, R\u00f3\u017caniec. <\/em><\/strong><\/li>\n<\/ol>\n<p><strong>W tym tygodniu patronuj\u0105 nam:\u00a0 \u00a0 \u00a0 \u00a0 \u00a0 \u00a0 \u00a0 \u00a0 \u00a0 \u00a0 \u00a0 \u00a0 \u00a0 \u00a0 \u00a0 \u00a0 \u00a0 \u00a0 \u00a0 \u00a0 \u00a0 \u00a0 \u00a0 \u00a0 \u00a0 \u00a0 \u00a0 \u00a0 \u00a0 \u00a0 \u00a0 \u00a0 \u00a0 \u00a0 \u00a0 \u00a0 \u00a0 \u00a0 \u00a0 \u00a0 \u00a0 \u00a0 \u00a0 \u00a0 \u00a0 \u00a0 \u00a0 \u00a0 \u00a0 \u00a0 \u00a0 \u00a0 \u00a0 \u00a0 \u00a0 \u00a0 \u00a0 \u00a0 \u00a0 \u00a0 \u00a0 \u00a0 \u00a0 \u00a0 \u00a0 \u00a0 \u00a0 \u00a0 \u00a0 \u00a0 \u00a0 \u00a0 \u00a0 \u00a0 \u00a0 \u00a0 \u00a0 \u00a0 \u00a0 \u00a0<\/strong>&#8211; we wtorek, 8 lipca \u2013 \u015awi\u0119ty Jan z Dukli (1414-1484), prezbiter, niezwykle gorliwy franciszkanin, zwi\u0105zany z Krosnem, ze Lwowem i z Poznaniem; s\u0142yn\u0105\u0142 z wiedzy teologicznej i daru prorokowania;\u00a0 \u00a0 \u00a0 \u00a0 \u00a0 \u00a0 \u00a0 \u00a0 \u00a0 \u00a0 \u00a0 \u00a0 \u00a0 \u00a0 \u00a0 \u00a0 \u00a0 \u00a0 \u00a0 \u00a0 \u00a0 \u00a0 \u00a0 \u00a0 \u00a0&#8211; w pi\u0105tek, 11 lipca \u2013 \u015awi\u0119ty Benedykt (480-547), opat, napisa\u0142 regu\u0142\u0119, kt\u00f3ra sta\u0142a si\u0119 podstaw\u0105 dla wielu rodzin zakonnych na Zachodzie; papie\u017c \u015awi\u0119ty Pawe\u0142 VI w 1964 roku og\u0142osi\u0142 go g\u0142\u00f3wnym patronem Europy;\u00a0 &#8211; w sobot\u0119, 12 lipca \u2013 \u015bwi\u0119ty Brunon Bonifacy z Kwerfurtu, kt\u00f3ry porzuci\u0142 godno\u015b\u0107 kapelana cesarza, by pod\u0105\u017cy\u0107 \u015bladami \u015awi\u0119tego Wojciecha; \u017cy\u0142 na prze\u0142omie X i XI wieku, ewangelizowa\u0142 S\u0142owian i Prus\u00f3w; zawdzi\u0119czamy mu te\u017c \u017cywot \u015awi\u0119tego Wojciecha.<\/p>\n<p>&nbsp;<\/p>\n<p><u>\u00a0<\/u><\/p>\n<p>&nbsp;<\/p>\n","protected":false},"excerpt":{"rendered":"<p>OG\u0141OSZENIA DUSZPASTERSKIE Dzi\u015b przypada pierwsza lipcowa niedziela. Po Eucharystii o godz. 10.45 b\u0119dzie adoracja Naj\u015bwi\u0119tszego Sakramentu i procesja wok\u00f3\u0142 \u015bwi\u0105tyni. Zapraszam asyst\u0119 procesyjn\u0105. W dzisiejsz\u0105 niedziel\u0119 przypada \u015bwi\u0119to patronalne Apostolstwa Chorych, zwi\u0105zane ze wspomnieniem Naj\u015bwi\u0119tszej Maryi Panny Uzdrowienia Chorych. Nasz\u0105 modlitewn\u0105 pami\u0119ci\u0105 obejmijmy tych, kt\u00f3rzy staraj\u0105 si\u0119 pomaga\u0107 duchowo wszystkim chorym, cierpi\u0105cym i\u00a0seniorom z naszej &hellip; <\/p>\n<p><a class=\"more-link btn\" href=\"https:\/\/parafiasmardzewo.pl\/?p=10128\">Kontynuuj czytanie<\/a><\/p>\n","protected":false},"author":2,"featured_media":5378,"comment_status":"open","ping_status":"open","sticky":false,"template":"","format":"standard","meta":[],"categories":[2],"tags":[],"_links":{"self":[{"href":"https:\/\/parafiasmardzewo.pl\/index.php?rest_route=\/wp\/v2\/posts\/10128"}],"collection":[{"href":"https:\/\/parafiasmardzewo.pl\/index.php?rest_route=\/wp\/v2\/posts"}],"about":[{"href":"https:\/\/parafiasmardzewo.pl\/index.php?rest_route=\/wp\/v2\/types\/post"}],"author":[{"embeddable":true,"href":"https:\/\/parafiasmardzewo.pl\/index.php?rest_route=\/wp\/v2\/users\/2"}],"replies":[{"embeddable":true,"href":"https:\/\/parafiasmardzewo.pl\/index.php?rest_route=%2Fwp%2Fv2%2Fcomments&post=10128"}],"version-history":[{"count":1,"href":"https:\/\/parafiasmardzewo.pl\/index.php?rest_route=\/wp\/v2\/posts\/10128\/revisions"}],"predecessor-version":[{"id":10129,"href":"https:\/\/parafiasmardzewo.pl\/index.php?rest_route=\/wp\/v2\/posts\/10128\/revisions\/10129"}],"wp:featuredmedia":[{"embeddable":true,"href":"https:\/\/parafiasmardzewo.pl\/index.php?rest_route=\/wp\/v2\/media\/5378"}],"wp:attachment":[{"href":"https:\/\/parafiasmardzewo.pl\/index.php?rest_route=%2Fwp%2Fv2%2Fmedia&parent=10128"}],"wp:term":[{"taxonomy":"category","embeddable":true,"href":"https:\/\/parafiasmardzewo.pl\/index.php?rest_route=%2Fwp%2Fv2%2Fcategories&post=10128"},{"taxonomy":"post_tag","embeddable":true,"href":"https:\/\/parafiasmardzewo.pl\/index.php?rest_route=%2Fwp%2Fv2%2Ftags&post=10128"}],"curies":[{"name":"wp","href":"https:\/\/api.w.org\/{rel}","templated":true}]}}