{"id":10134,"date":"2025-07-12T23:06:42","date_gmt":"2025-07-12T21:06:42","guid":{"rendered":"https:\/\/parafiasmardzewo.pl\/?p=10134"},"modified":"2025-07-12T23:07:17","modified_gmt":"2025-07-12T21:07:17","slug":"pietnasta-niedziela-w-ciagu-roku-13-lipca-2025","status":"publish","type":"post","link":"https:\/\/parafiasmardzewo.pl\/?p=10134","title":{"rendered":"PI\u0118TNASTA NIEDZIELA W CI\u0104GU ROKU &#8211; 13 lipca 2025"},"content":{"rendered":"<p><strong>OG\u0141OSZENIA DUSZPASTERSKIE<\/strong><\/p>\n<ol>\n<li>Dzi\u015b przypada kolejna lipcowa niedziela. W czasie wakacji i urlop\u00f3w nie zapominajmy o\u00a0\u015bwi\u0119towaniu dnia Pa\u0144skiego. Niech na trasach wakacyjnych w\u0119dr\u00f3wek nie zabraknie \u015bwi\u0105ty\u0144. W ka\u017cdej z nich na spotkanie z nami czeka Zbawiciel \u2013 Jezus Chrystus. Pami\u0119tajmy, aby nasze zachowanie w czasie ich zwiedzania by\u0142o nacechowane powag\u0105 i nale\u017cn\u0105 czci\u0105 dla Boga obecnego w Naj\u015bwi\u0119tszym Sakramencie. Pami\u0119tajmy o godnym stroju, o ciszy i cho\u0107by kr\u00f3tkiej modlitwie uwielbienia.<\/li>\n<li>Dzisiaj, 13 lipca, prze\u017cywamy kolejne nabo\u017ce\u0144stwo fatimskie. Zapraszam na godz. 19.00 na Eucharysti\u0119 i nabo\u017ce\u0144stwo fatimskie.<\/li>\n<li>W \u015brod\u0119, 16 lipca, w liturgii wspominamy Naj\u015bwi\u0119tsz\u0105 Maryj\u0119 Pann\u0119 z G\u00f3ry Karmel i\u00a0histori\u0119 szkaplerza, kt\u00f3ra swymi korzeniami si\u0119ga XII wieku. W\u0142a\u015bnie na G\u00f3rze Karmel (p\u00f3\u0142nocno-zachodni Izrael) duchowi synowie proroka Eliasza prowadzili gorliwe \u017cycie modlitwy. Z powodu prze\u015bladowa\u0144 przenie\u015bli si\u0119 do Europy i dali pocz\u0105tek nowemu zakonowi \u2013 karmelit\u00f3w, kt\u00f3ry wpisa\u0142 si\u0119 w histori\u0119 i duchowe oblicze Ko\u015bcio\u0142a. \u015awi\u0119ci, kt\u00f3rych wyda\u0142y zakony karmelita\u0144skie, nale\u017c\u0105 do najpopularniejszych. W tym gronie jest \u015awi\u0119ta Teresa od Dzieci\u0105tka Jezus, a spo\u015br\u00f3d Polak\u00f3w znany jest \u015awi\u0119ty Rafa\u0142 Kalinowski.<\/li>\n<li>Wspomnienie Naj\u015bwi\u0119tszej Maryi Panny z G\u00f3ry Karmel przypomina nam o jeszcze innym wa\u017cnym rysie duchowo\u015bci chrze\u015bcija\u0144skiej, a mianowicie o szkaplerzu. Matka Bo\u017ca objawi\u0142a go genera\u0142owi karmelit\u00f3w w Cambridge (Anglia) Szymonowi Stockowi w 1251 roku. Obieca\u0142a te\u017c ka\u017cdemu, kto b\u0119dzie go nosi\u0142 do \u015bmierci, \u017ce nie zazna ognia piekielnego i\u00a0\u017cadnego innego niebezpiecze\u0144stwa. Dzi\u015b wielu z nas nosi medaliki szkaplerzne. Zadbajmy o\u00a0to, aby nie by\u0142a to tylko dekoracja stroju. Niech to b\u0119dzie znak naszej religijno\u015bci, noszony z wiar\u0105 i mi\u0142o\u015bci\u0105. Pro\u015bmy te\u017c Matk\u0119 Bo\u017c\u0105, aby\u015bmy mogli doj\u015b\u0107 szcz\u0119\u015bliwie do naszej G\u00f3ry Karmel, kt\u00f3r\u0105 jest Chrystus. Jak Maryja, ws\u0142uchujmy si\u0119 w s\u0142owo Bo\u017ce, rozwa\u017cajmy je i\u00a0zachowujmy w swoich sercach.<\/li>\n<li>W \u015brod\u0119 zapraszam na godz. 17.00 cz\u0142onk\u00f3w Szkaplerza \u015awi\u0119tego i k\u00f3\u0142 R\u00f3\u017ca\u0144cowych na Msz\u0119 \u015awi\u0119t\u0105. Przed Eucharysti\u0105 b\u0119dziemy modli\u0107 si\u0119 na r\u00f3\u017ca\u0144cu.<\/li>\n<li>W przysz\u0142\u0105 niedziel\u0119, przypadaj\u0105c\u0105 przed liturgicznym wspomnieniem \u015awi\u0119tego Krzysztofa, m\u0119czennika z po\u0142owy III wieku, patrona kierowc\u00f3w i podr\u00f3\u017cuj\u0105cych, or\u0119downika w \u015bmiertelnych niebezpiecze\u0144stwach, w naszej parafii pob\u0142ogos\u0142awimy pojazdy mechaniczne i b\u0119dziemy si\u0119 modlili o roztropne ich wykorzystywanie. B\u0142ogos\u0142awie\u0144stwo kierowc\u00f3w, samochod\u00f3w i innych pojazd\u00f3w b\u0119dzie mia\u0142o miejsce po ka\u017cdej Mszy \u015awi\u0119tej.<\/li>\n<li>Dnia 6 sierpnia br., z P\u0142ocka wyruszy 44. PIESZA PIELGRZYMKA DIECEZJI P\u0141OCKIEJ NA JASN\u0104 G\u00d3R\u0118. Zach\u0119cam do udzia\u0142u w tych w\u0119drownych rekolekcjach. Ci, kt\u00f3rzy nie mog\u0105 uczestniczy\u0107 w pieszej pielgrzymce mog\u0105 pielgrzymowa\u0107 w spos\u00f3b duchowy. W zakrystii mo\u017cna zapisa\u0107 si\u0119\u00a0 i odebra\u0107 Modlitewnik Pielgrzyma Duchowego 2025.<\/li>\n<li>W tym tygodniu\u00a0 odszed\u0142 do wieczno\u015bci \u015bw. p. Artur Obr\u0119bski, kt\u00f3ry prze\u017cy\u0142 38 lat. Od uczestnik\u00f3w pogrzebu b\u0119dzie odprawionych 7 Mszy \u015awi\u0119tych. Pole\u0107my zmar\u0142ego + Artura mi\u0142osierdziu Bo\u017cemu: <em>Dobry Jezu, a nasz Panie, daj mu wieczne spoczywanie\u2026<\/em><\/li>\n<li>Zach\u0119cam do nabycia prasy katolickiej.<\/li>\n<\/ol>\n<p>&nbsp;<\/p>\n<p><strong>\u00a0<\/strong><\/p>\n<p>&nbsp;<\/p>\n","protected":false},"excerpt":{"rendered":"<p>OG\u0141OSZENIA DUSZPASTERSKIE Dzi\u015b przypada kolejna lipcowa niedziela. W czasie wakacji i urlop\u00f3w nie zapominajmy o\u00a0\u015bwi\u0119towaniu dnia Pa\u0144skiego. Niech na trasach wakacyjnych w\u0119dr\u00f3wek nie zabraknie \u015bwi\u0105ty\u0144. W ka\u017cdej z nich na spotkanie z nami czeka Zbawiciel \u2013 Jezus Chrystus. Pami\u0119tajmy, aby nasze zachowanie w czasie ich zwiedzania by\u0142o nacechowane powag\u0105 i nale\u017cn\u0105 czci\u0105 dla Boga obecnego &hellip; <\/p>\n<p><a class=\"more-link btn\" href=\"https:\/\/parafiasmardzewo.pl\/?p=10134\">Kontynuuj czytanie<\/a><\/p>\n","protected":false},"author":2,"featured_media":5378,"comment_status":"open","ping_status":"open","sticky":false,"template":"","format":"standard","meta":[],"categories":[2],"tags":[],"_links":{"self":[{"href":"https:\/\/parafiasmardzewo.pl\/index.php?rest_route=\/wp\/v2\/posts\/10134"}],"collection":[{"href":"https:\/\/parafiasmardzewo.pl\/index.php?rest_route=\/wp\/v2\/posts"}],"about":[{"href":"https:\/\/parafiasmardzewo.pl\/index.php?rest_route=\/wp\/v2\/types\/post"}],"author":[{"embeddable":true,"href":"https:\/\/parafiasmardzewo.pl\/index.php?rest_route=\/wp\/v2\/users\/2"}],"replies":[{"embeddable":true,"href":"https:\/\/parafiasmardzewo.pl\/index.php?rest_route=%2Fwp%2Fv2%2Fcomments&post=10134"}],"version-history":[{"count":2,"href":"https:\/\/parafiasmardzewo.pl\/index.php?rest_route=\/wp\/v2\/posts\/10134\/revisions"}],"predecessor-version":[{"id":10136,"href":"https:\/\/parafiasmardzewo.pl\/index.php?rest_route=\/wp\/v2\/posts\/10134\/revisions\/10136"}],"wp:featuredmedia":[{"embeddable":true,"href":"https:\/\/parafiasmardzewo.pl\/index.php?rest_route=\/wp\/v2\/media\/5378"}],"wp:attachment":[{"href":"https:\/\/parafiasmardzewo.pl\/index.php?rest_route=%2Fwp%2Fv2%2Fmedia&parent=10134"}],"wp:term":[{"taxonomy":"category","embeddable":true,"href":"https:\/\/parafiasmardzewo.pl\/index.php?rest_route=%2Fwp%2Fv2%2Fcategories&post=10134"},{"taxonomy":"post_tag","embeddable":true,"href":"https:\/\/parafiasmardzewo.pl\/index.php?rest_route=%2Fwp%2Fv2%2Ftags&post=10134"}],"curies":[{"name":"wp","href":"https:\/\/api.w.org\/{rel}","templated":true}]}}