{"id":10143,"date":"2025-07-19T19:50:45","date_gmt":"2025-07-19T17:50:45","guid":{"rendered":"https:\/\/parafiasmardzewo.pl\/?p=10143"},"modified":"2025-07-19T19:50:45","modified_gmt":"2025-07-19T17:50:45","slug":"szesnasta-niedziela-w-ciagu-roku-20-lipca-2025","status":"publish","type":"post","link":"https:\/\/parafiasmardzewo.pl\/?p=10143","title":{"rendered":"SZESNASTA NIEDZIELA W CI\u0104GU ROKU &#8211; 20 lipca 2025"},"content":{"rendered":"<p><strong>OG\u0141OSZENIA DUSZPASTERSKIE<\/strong><\/p>\n<ol>\n<li>Dzisiaj, 20 lipca, po ka\u017cdej Mszy \u015awi\u0119tej b\u0119dziemy modli\u0107 si\u0119 w intencji kierowc\u00f3w i podr\u00f3\u017cuj\u0105cych i b\u0119dziemy \u015bwi\u0119ci\u0107 pojazdy. Podobnie jak w latach ubieg\u0142ych przy po\u015bwi\u0119ceniu pojazd\u00f3w zbieramy ofiary na zakup pojazd\u00f3w dla misjonarzy.<\/li>\n<li>W najbli\u017cszy wtorek, 22 lipca, w kalendarzu liturgicznym przypada \u015bwi\u0119to \u015awi\u0119tej Marii Magdaleny, patronki dobrej przemiany. Magdalena, wierna uczennica Chrystusa, by\u0142a przy Jego \u015bmierci i pierwsza ujrza\u0142a Go po zmartwychwstaniu wczesnym rankiem dnia paschalnego (Mk 16,9<\/li>\n<li>Natomiast w \u015brod\u0119, 23 lipca, kalendarz liturgiczny przynosi \u015bwi\u0119to \u015awi\u0119tej Brygidy (ok.\u00a01302-1373), patronki Europy.<\/li>\n<li>W pi\u0105tek, 25 lipca, obchodzimy \u015bwi\u0119to \u015awi\u0119tego Jakuba Aposto\u0142a. Zosta\u0142 powo\u0142any jako jeden z pierwszych uczni\u00f3w Pana Jezusa wraz ze swoim bratem Janem, st\u0105d Jakub Starszy albo Wi\u0119kszy. Spo\u015br\u00f3d Aposto\u0142\u00f3w jest pierwszym, a po Szczepanie drugim m\u0119czennikiem Ko\u015bcio\u0142a. Ju\u017c w 44 roku na rozkaz Heroda zosta\u0142 \u015bci\u0119ty mieczem (Dz 12,1-2).<\/li>\n<li>Tego samego dnia czcimy te\u017c \u015awi\u0119tego Krzysztofa, m\u0119czennika z po\u0142owy III wieku, patrona kierowc\u00f3w i podr\u00f3\u017cuj\u0105cych, or\u0119downika w \u015bmiertelnych niebezpiecze\u0144stwach. Mo\u017ce warto pami\u0119ta\u0107 o nim podczas wakacyjnych podr\u00f3\u017cy, prosi\u0107 go o opiek\u0119, aby szcz\u0119\u015bliwie i\u00a0ca\u0142o powr\u00f3ci\u0107 do domu.<\/li>\n<li>Przysz\u0142\u0105 niedziel\u0119 z inicjatywy papie\u017ca Franciszka b\u0119dziemy prze\u017cywali jako \u015awiatowy Dzie\u0144 Dziadk\u00f3w i Os\u00f3b Starszych, a to z racji przypadaj\u0105cego dzie\u0144 wcze\u015bniej \u2013 w sobot\u0119, 26\u00a0lipca, liturgicznego wspomnienia \u015awi\u0119tych Joachima i Anny, rodzic\u00f3w Naj\u015bwi\u0119tszej Maryi Panny.<\/li>\n<li>Dnia 6 sierpnia br., z P\u0142ocka wyruszy 44. PIESZA PIELGRZYMKA DIECEZJI P\u0141OCKIEJ NA JASN\u0104 G\u00d3R\u0118. Zach\u0119cam do udzia\u0142u w tych w\u0119drownych rekolekcjach. Ci, kt\u00f3rzy nie mog\u0105 uczestniczy\u0107 w pieszej pielgrzymce mog\u0105 pielgrzymowa\u0107 w spos\u00f3b duchowy. W zakrystii mo\u017cna zapisa\u0107 si\u0119\u00a0 i odebra\u0107 Modlitewnik Pielgrzyma Duchowego 2025<\/li>\n<li>Dnia 29 lipca, wtorek, organizujemy jednodniowy wyjazd autokarem do Gda\u0144ska i na Westerplatte. Zapisy na wyjazd w zakrystii.<\/li>\n<li>Zach\u0119cam do nabycia prasy katolickiej.<\/li>\n<\/ol>\n<p><u>\u00a0<\/u><\/p>\n","protected":false},"excerpt":{"rendered":"<p>OG\u0141OSZENIA DUSZPASTERSKIE Dzisiaj, 20 lipca, po ka\u017cdej Mszy \u015awi\u0119tej b\u0119dziemy modli\u0107 si\u0119 w intencji kierowc\u00f3w i podr\u00f3\u017cuj\u0105cych i b\u0119dziemy \u015bwi\u0119ci\u0107 pojazdy. Podobnie jak w latach ubieg\u0142ych przy po\u015bwi\u0119ceniu pojazd\u00f3w zbieramy ofiary na zakup pojazd\u00f3w dla misjonarzy. W najbli\u017cszy wtorek, 22 lipca, w kalendarzu liturgicznym przypada \u015bwi\u0119to \u015awi\u0119tej Marii Magdaleny, patronki dobrej przemiany. Magdalena, wierna uczennica &hellip; <\/p>\n<p><a class=\"more-link btn\" href=\"https:\/\/parafiasmardzewo.pl\/?p=10143\">Kontynuuj czytanie<\/a><\/p>\n","protected":false},"author":2,"featured_media":5378,"comment_status":"open","ping_status":"open","sticky":false,"template":"","format":"standard","meta":[],"categories":[2],"tags":[],"_links":{"self":[{"href":"https:\/\/parafiasmardzewo.pl\/index.php?rest_route=\/wp\/v2\/posts\/10143"}],"collection":[{"href":"https:\/\/parafiasmardzewo.pl\/index.php?rest_route=\/wp\/v2\/posts"}],"about":[{"href":"https:\/\/parafiasmardzewo.pl\/index.php?rest_route=\/wp\/v2\/types\/post"}],"author":[{"embeddable":true,"href":"https:\/\/parafiasmardzewo.pl\/index.php?rest_route=\/wp\/v2\/users\/2"}],"replies":[{"embeddable":true,"href":"https:\/\/parafiasmardzewo.pl\/index.php?rest_route=%2Fwp%2Fv2%2Fcomments&post=10143"}],"version-history":[{"count":1,"href":"https:\/\/parafiasmardzewo.pl\/index.php?rest_route=\/wp\/v2\/posts\/10143\/revisions"}],"predecessor-version":[{"id":10144,"href":"https:\/\/parafiasmardzewo.pl\/index.php?rest_route=\/wp\/v2\/posts\/10143\/revisions\/10144"}],"wp:featuredmedia":[{"embeddable":true,"href":"https:\/\/parafiasmardzewo.pl\/index.php?rest_route=\/wp\/v2\/media\/5378"}],"wp:attachment":[{"href":"https:\/\/parafiasmardzewo.pl\/index.php?rest_route=%2Fwp%2Fv2%2Fmedia&parent=10143"}],"wp:term":[{"taxonomy":"category","embeddable":true,"href":"https:\/\/parafiasmardzewo.pl\/index.php?rest_route=%2Fwp%2Fv2%2Fcategories&post=10143"},{"taxonomy":"post_tag","embeddable":true,"href":"https:\/\/parafiasmardzewo.pl\/index.php?rest_route=%2Fwp%2Fv2%2Ftags&post=10143"}],"curies":[{"name":"wp","href":"https:\/\/api.w.org\/{rel}","templated":true}]}}