{"id":10145,"date":"2025-07-19T21:57:09","date_gmt":"2025-07-19T19:57:09","guid":{"rendered":"https:\/\/parafiasmardzewo.pl\/?p=10145"},"modified":"2025-07-24T15:52:18","modified_gmt":"2025-07-24T13:52:18","slug":"msze-swiete-od-21-27-lipca-2025","status":"publish","type":"post","link":"https:\/\/parafiasmardzewo.pl\/?p=10145","title":{"rendered":"Msze \u015awi\u0119te od 21 &#8211; 27 lipca 2025"},"content":{"rendered":"<p><strong>Poniedzia\u0142ek<\/strong><\/p>\n<p><strong>godz. 7.30 <\/strong>+ Wanda Nowicka \u00a0\u2013 int. p.<\/p>\n<p><strong>godz. 17.00 <\/strong>+ Ma\u0142gorzata Rafalska Dogoda, Maciej Rafalski, Cecylia Rafalska i Henryk Rafalski<\/p>\n<p><strong>Wtorek<\/strong><\/p>\n<p><strong>godz. 7.30 + <\/strong>\u00a0Kazimierz Burdecki \u2013 int. p.<\/p>\n<p><strong>godz. 17.00<\/strong> + Czes\u0142awa (k) Kowalska (imieninowa), Antoni, Zbigniew i Leszek Kowalscy<\/p>\n<p><strong>\u015aroda <\/strong><\/p>\n<p><strong>godz. 7.30 + <\/strong>\u00a0Barbara K\u0119pczy\u0144ska \u2013 int. p.<\/p>\n<p><strong>godz. 17.00<\/strong>\u00a0 + Jan Sa\u0142kowski \u2013 int. p.<\/p>\n<p><strong>Czwartek\u00a0\u00a0\u00a0\u00a0\u00a0\u00a0\u00a0\u00a0\u00a0\u00a0\u00a0\u00a0\u00a0\u00a0\u00a0\u00a0\u00a0\u00a0\u00a0\u00a0\u00a0\u00a0\u00a0\u00a0\u00a0\u00a0\u00a0\u00a0\u00a0\u00a0\u00a0\u00a0\u00a0\u00a0\u00a0\u00a0\u00a0\u00a0\u00a0\u00a0\u00a0\u00a0\u00a0\u00a0\u00a0\u00a0\u00a0\u00a0\u00a0\u00a0\u00a0\u00a0\u00a0\u00a0\u00a0\u00a0\u00a0\u00a0\u00a0\u00a0\u00a0\u00a0\u00a0\u00a0\u00a0\u00a0\u00a0\u00a0\u00a0\u00a0\u00a0\u00a0\u00a0\u00a0\u00a0\u00a0\u00a0\u00a0\u00a0\u00a0\u00a0\u00a0\u00a0\u00a0\u00a0\u00a0\u00a0\u00a0\u00a0\u00a0\u00a0\u00a0\u00a0\u00a0\u00a0\u00a0\u00a0\u00a0\u00a0\u00a0\u00a0\u00a0\u00a0\u00a0\u00a0\u00a0\u00a0\u00a0\u00a0\u00a0\u00a0\u00a0\u00a0\u00a0\u00a0\u00a0\u00a0\u00a0\u00a0\u00a0\u00a0\u00a0\u00a0\u00a0\u00a0\u00a0\u00a0\u00a0\u00a0\u00a0\u00a0\u00a0\u00a0\u00a0\u00a0\u00a0\u00a0\u00a0\u00a0\u00a0\u00a0\u00a0\u00a0\u00a0\u00a0\u00a0\u00a0\u00a0\u00a0\u00a0\u00a0\u00a0\u00a0\u00a0\u00a0\u00a0\u00a0\u00a0\u00a0 <\/strong><\/p>\n<p><strong>godz. 7.30 + <\/strong>Piotr B\u0142aszkowski<strong> \u2013 <\/strong>int. p.<\/p>\n<p><strong>godz. 17.00<\/strong> + Marta Banasiewicz\u2013 int. p.<\/p>\n<p><strong>Pi\u0105tek<\/strong><\/p>\n<p><strong>godz. 7.30 + <\/strong>Kazimierz Sikorski\u2013 int. p.<\/p>\n<p><strong>godz. 17.00<\/strong> + \u00a0Danuta i Barbara Porkuszewskie \u2013 int. p.<\/p>\n<p><strong>Sobota\u00a0\u00a0\u00a0\u00a0\u00a0 <\/strong><strong>\u00a0\u00a0\u00a0\u00a0\u00a0\u00a0\u00a0\u00a0\u00a0\u00a0\u00a0\u00a0\u00a0\u00a0\u00a0\u00a0\u00a0\u00a0\u00a0\u00a0\u00a0\u00a0\u00a0\u00a0\u00a0\u00a0\u00a0\u00a0\u00a0\u00a0\u00a0\u00a0\u00a0\u00a0\u00a0\u00a0\u00a0\u00a0\u00a0\u00a0\u00a0\u00a0\u00a0\u00a0\u00a0\u00a0\u00a0\u00a0\u00a0\u00a0\u00a0\u00a0\u00a0\u00a0\u00a0\u00a0\u00a0\u00a0\u00a0\u00a0\u00a0\u00a0\u00a0\u00a0\u00a0\u00a0\u00a0\u00a0\u00a0\u00a0\u00a0\u00a0\u00a0\u00a0\u00a0\u00a0\u00a0\u00a0\u00a0\u00a0\u00a0\u00a0\u00a0\u00a0\u00a0\u00a0\u00a0\u00a0\u00a0\u00a0\u00a0\u00a0\u00a0\u00a0\u00a0\u00a0\u00a0\u00a0\u00a0\u00a0\u00a0\u00a0\u00a0\u00a0\u00a0\u00a0\u00a0\u00a0\u00a0\u00a0\u00a0\u00a0\u00a0\u00a0\u00a0\u00a0\u00a0\u00a0\u00a0\u00a0\u00a0\u00a0\u00a0\u00a0\u00a0\u00a0\u00a0\u00a0\u00a0\u00a0\u00a0\u00a0\u00a0\u00a0\u00a0\u00a0\u00a0\u00a0\u00a0\u00a0\u00a0\u00a0\u00a0\u00a0\u00a0\u00a0\u00a0\u00a0\u00a0\u00a0\u00a0\u00a0\u00a0<\/strong><\/p>\n<p><strong>godz. 15.00 <\/strong>Dzi\u0119kczynna i o Bo\u017ce b\u0142ogos\u0142awie\u0144stwo dla Jaros\u0142awa Wi\u015bniewskiego w 40. rocznic\u0119 urodzin<\/p>\n<p><strong>godz. 17.00 <\/strong>Msza \u015awi\u0119ta \u015blubna: Anna Beszczy\u0144ska i Krzesimir Szulc<\/p>\n<p><strong>Niedziela <\/strong><\/p>\n<p><strong>godz. 9.00 \u00a0+<\/strong> \u00a0Michalina i Tadeusz K\u0119dzierscy;2) W intencji parafian i go\u015bci\u00a0 \u00a0 \u00a0 \u00a0 \u00a0 \u00a0 \u00a0 \u00a0 \u00a0 \u00a0 \u00a0 \u00a0 \u00a0 \u00a0 \u00a0 \u00a0 \u00a0 \u00a0 \u00a0 \u00a0 \u00a0 \u00a0 \u00a0 \u00a0 \u00a0 \u00a0 \u00a0 \u00a0 \u00a0 \u00a0 \u00a0 \u00a0 \u00a0 \u00a0 \u00a0 \u00a0 <strong>godz. 10.<\/strong>45 +\u00a0 dziadk\u00f3w Anna i Kazimierz Dominiak; 2) + Barbara (rocznica \u015bmierci \u2013 2) i Andrzej Jegli\u0144scy\u00a0 \u00a0 \u00a0 <strong>godz. 16.00<\/strong> + \u00a0Jadwiga i W\u0142adys\u0142aw \u017burkowscy, Apolonia Kubie\u0144, J\u00f3zef Nawrocki; 2) + Tadeusz Bluszcz<\/p>\n","protected":false},"excerpt":{"rendered":"<p>Poniedzia\u0142ek godz. 7.30 + Wanda Nowicka \u00a0\u2013 int. p. godz. 17.00 + Ma\u0142gorzata Rafalska Dogoda, Maciej Rafalski, Cecylia Rafalska i Henryk Rafalski Wtorek godz. 7.30 + \u00a0Kazimierz Burdecki \u2013 int. p. godz. 17.00 + Czes\u0142awa (k) Kowalska (imieninowa), Antoni, Zbigniew i Leszek Kowalscy \u015aroda godz. 7.30 + \u00a0Barbara K\u0119pczy\u0144ska \u2013 int. p. godz. 17.00\u00a0 + &hellip; <\/p>\n<p><a class=\"more-link btn\" href=\"https:\/\/parafiasmardzewo.pl\/?p=10145\">Kontynuuj czytanie<\/a><\/p>\n","protected":false},"author":2,"featured_media":9001,"comment_status":"open","ping_status":"open","sticky":false,"template":"","format":"standard","meta":[],"categories":[5],"tags":[],"_links":{"self":[{"href":"https:\/\/parafiasmardzewo.pl\/index.php?rest_route=\/wp\/v2\/posts\/10145"}],"collection":[{"href":"https:\/\/parafiasmardzewo.pl\/index.php?rest_route=\/wp\/v2\/posts"}],"about":[{"href":"https:\/\/parafiasmardzewo.pl\/index.php?rest_route=\/wp\/v2\/types\/post"}],"author":[{"embeddable":true,"href":"https:\/\/parafiasmardzewo.pl\/index.php?rest_route=\/wp\/v2\/users\/2"}],"replies":[{"embeddable":true,"href":"https:\/\/parafiasmardzewo.pl\/index.php?rest_route=%2Fwp%2Fv2%2Fcomments&post=10145"}],"version-history":[{"count":3,"href":"https:\/\/parafiasmardzewo.pl\/index.php?rest_route=\/wp\/v2\/posts\/10145\/revisions"}],"predecessor-version":[{"id":10150,"href":"https:\/\/parafiasmardzewo.pl\/index.php?rest_route=\/wp\/v2\/posts\/10145\/revisions\/10150"}],"wp:featuredmedia":[{"embeddable":true,"href":"https:\/\/parafiasmardzewo.pl\/index.php?rest_route=\/wp\/v2\/media\/9001"}],"wp:attachment":[{"href":"https:\/\/parafiasmardzewo.pl\/index.php?rest_route=%2Fwp%2Fv2%2Fmedia&parent=10145"}],"wp:term":[{"taxonomy":"category","embeddable":true,"href":"https:\/\/parafiasmardzewo.pl\/index.php?rest_route=%2Fwp%2Fv2%2Fcategories&post=10145"},{"taxonomy":"post_tag","embeddable":true,"href":"https:\/\/parafiasmardzewo.pl\/index.php?rest_route=%2Fwp%2Fv2%2Ftags&post=10145"}],"curies":[{"name":"wp","href":"https:\/\/api.w.org\/{rel}","templated":true}]}}