{"id":10151,"date":"2025-07-26T21:51:08","date_gmt":"2025-07-26T19:51:08","guid":{"rendered":"https:\/\/parafiasmardzewo.pl\/?p=10151"},"modified":"2025-07-26T21:51:25","modified_gmt":"2025-07-26T19:51:25","slug":"siedemnasta-niedziela-w-ciagu-roku-27-lipca-2025","status":"publish","type":"post","link":"https:\/\/parafiasmardzewo.pl\/?p=10151","title":{"rendered":"SIEDEMNASTA NIEDZIELA W CI\u0104GU ROKU &#8211; 27 lipca 2025"},"content":{"rendered":"<p><strong>OG\u0141OSZENIA DUSZPASTERSKIE<\/strong><\/p>\n<ol>\n<li>W dzisiejsz\u0105 niedziel\u0119 z ustanowienia papie\u017ca Franciszka przypada \u015awiatowy Dzie\u0144 Dziadk\u00f3w i Os\u00f3b Starszych. Papie\u017c zach\u0119ca do \u015bwi\u0119towania tego Dnia razem, do og\u0142oszenia w parafiach i wsp\u00f3lnotach, aby p\u00f3j\u015b\u0107 odwiedzi\u0107 osoby starsze, kt\u00f3re s\u0105 najbardziej samotne, w domu lub tam, gdzie przebywaj\u0105. Zaprasza nas, aby zrobi\u0107 wszystko, by nikt nie prze\u017cywa\u0142 tego Dnia w samotno\u015bci.<\/li>\n<li>W tym tygodniu (w pi\u0105tek) przekroczymy progi sierpnia. To miesi\u0105c dla nas szczeg\u00f3lny na p\u0142aszczy\u017anie religijnej, jak i historycznej. W tym miesi\u0105cu ze wszystkich stron Polski i\u00a0Europy setki tysi\u0119cy pielgrzym\u00f3w zd\u0105\u017caj\u0105 na Jasn\u0105 G\u00f3r\u0119. \u0141\u0105czmy si\u0119 w modlitwie z tymi, kt\u00f3rzy podj\u0119li trud wyj\u015bcia na p\u0105tnicze szlaki. W\u0142\u0105czmy si\u0119 te\u017c w wielk\u0105 modlitw\u0119 o\u00a0trze\u017awo\u015b\u0107 naszego narodu. Naszym po\u015brednikiem w modlitwie o trze\u017awo\u015b\u0107 jest \u015awi\u0119ty Maksymilian Maria Kolbe.<\/li>\n<li>W\u0142a\u015bnie w pi\u0105tek, 1 sierpnia, przypada Odpust Porcjunkuli, zwi\u0105zany z postaci\u0105 \u015awi\u0119tego Franciszka z Asy\u017cu. Warunkiem jego uzyskania jest wzbudzenie w\u0142a\u015bciwej intencji, stan \u0142aski u\u015bwi\u0119caj\u0105cej, modlitwa w intencjach wyznaczonych przez papie\u017ca oraz nawiedzenie parafialnego ko\u015bcio\u0142a. Dok\u0142adnie odpust ten mo\u017cna uzyska\u0107 w czasie od po\u0142udnia 1 sierpnia do p\u00f3\u0142nocy 2 sierpnia. Skorzystajmy z tej nadzwyczajnej \u0142aski darowania kar doczesnych za grzechy odpuszczone w sakramencie pojednania, a jeszcze przez nas nie naprawione.<\/li>\n<li>Dnia 1 sierpnia obchodzimy te\u017c 81. rocznic\u0119 wybuchu powstania warszawskiego. Poleg\u0142ym za wolno\u015b\u0107 ojczyzny winni jeste\u015bmy przynajmniej nasz\u0105 modlitewn\u0105 pami\u0119\u0107.<\/li>\n<li>W tym tygodniu przypada Pierwszy Pi\u0105tek i Pierwsza Sobota miesi\u0105ca. W Pierwszy Pi\u0105tek mo\u017cliwo\u015b\u0107 spowiedzi od godz. 16.30. Po Mszy \u015awi\u0119tej adoracja Naj\u015bwi\u0119tszego Sakramentu. W Pierwsz\u0105 Sobot\u0119 miesi\u0105ca Eucharystia o Niepokalanym Sercu NMP o godz. 9.00. Za tydzie\u0144 pierwsza niedziela sierpnia. Zapraszam na sum\u0119, na godz. 10.45, asyst\u0119 procesyjn\u0105.<\/li>\n<li>Dnia 6 sierpnia br., z P\u0142ocka wyruszy 44. PIESZA PIELGRZYMKA DIECEZJI P\u0141OCKIEJ NA JASN\u0104 G\u00d3R\u0118. Zach\u0119cam do udzia\u0142u w tych w\u0119drownych rekolekcjach. Ci, kt\u00f3rzy nie mog\u0105 uczestniczy\u0107 w pieszej pielgrzymce mog\u0105 pielgrzymowa\u0107 w spos\u00f3b duchowy. W zakrystii mo\u017cna zapisa\u0107 si\u0119\u00a0 i odebra\u0107 Modlitewnik Pielgrzyma Duchowego 2025<\/li>\n<li>Dnia 29 lipca, wtorek, organizujemy jednodniowy wyjazd autokarem do Gda\u0144ska i na Westerplatte. Zapisy na wyjazd w zakrystii. S\u0105 jeszcze wolne miejsca.<\/li>\n<li>Zach\u0119cam do nabycia prasy katolickiej.<\/li>\n<li>Do sakramentu ma\u0142\u017ce\u0144stwa przygotowuj\u0105 si\u0119 nast\u0119puj\u0105ce osoby: Bogdana Jasi\u0144ski, kawaler zam. Milewo i Aneta Benzel, panna zam. Stara Wrona, par. \u015bw. Stanis\u0142awa BM w Starej Wronie. Zap. I.<\/li>\n<\/ol>\n<p><strong>W tym tygodniu patronuj\u0104 nam:<\/strong><\/p>\n<p>&#8211; we wtorek, 29 lipca \u2013 \u015awi\u0119te Rodze\u0144stwo: Marta, Maria i \u0141azarz, przyjaciele Pana Jezusa;<\/p>\n<p>&#8211; w czwartek, 31 lipca \u2013 \u015awi\u0119ty Ignacy z Loyoli (1491-1556), prezbiter, za\u0142o\u017cyciel zakonu jezuit\u00f3w, wybitny teolog, dla kt\u00f3rego najwa\u017cniejszy by\u0142 radykalizm chrze\u015bcija\u0144ski;<\/p>\n<p>&#8211; w pi\u0105tek, 1 sierpnia \u2013 \u015awi\u0119ty Alfons Maria Liguori (1696-1787), biskup i doktor Ko\u015bcio\u0142a, gorliwy spowiednik, misjonarz i kaznodzieja, jeden z najwi\u0119kszych pisarzy chrze\u015bcija\u0144skich, za\u0142o\u017cyciel zgromadzenie ojc\u00f3w redemptoryst\u00f3w.<\/p>\n<p>&nbsp;<\/p>\n","protected":false},"excerpt":{"rendered":"<p>OG\u0141OSZENIA DUSZPASTERSKIE W dzisiejsz\u0105 niedziel\u0119 z ustanowienia papie\u017ca Franciszka przypada \u015awiatowy Dzie\u0144 Dziadk\u00f3w i Os\u00f3b Starszych. Papie\u017c zach\u0119ca do \u015bwi\u0119towania tego Dnia razem, do og\u0142oszenia w parafiach i wsp\u00f3lnotach, aby p\u00f3j\u015b\u0107 odwiedzi\u0107 osoby starsze, kt\u00f3re s\u0105 najbardziej samotne, w domu lub tam, gdzie przebywaj\u0105. Zaprasza nas, aby zrobi\u0107 wszystko, by nikt nie prze\u017cywa\u0142 tego Dnia &hellip; <\/p>\n<p><a class=\"more-link btn\" href=\"https:\/\/parafiasmardzewo.pl\/?p=10151\">Kontynuuj czytanie<\/a><\/p>\n","protected":false},"author":2,"featured_media":5378,"comment_status":"open","ping_status":"open","sticky":false,"template":"","format":"standard","meta":[],"categories":[2],"tags":[],"_links":{"self":[{"href":"https:\/\/parafiasmardzewo.pl\/index.php?rest_route=\/wp\/v2\/posts\/10151"}],"collection":[{"href":"https:\/\/parafiasmardzewo.pl\/index.php?rest_route=\/wp\/v2\/posts"}],"about":[{"href":"https:\/\/parafiasmardzewo.pl\/index.php?rest_route=\/wp\/v2\/types\/post"}],"author":[{"embeddable":true,"href":"https:\/\/parafiasmardzewo.pl\/index.php?rest_route=\/wp\/v2\/users\/2"}],"replies":[{"embeddable":true,"href":"https:\/\/parafiasmardzewo.pl\/index.php?rest_route=%2Fwp%2Fv2%2Fcomments&post=10151"}],"version-history":[{"count":1,"href":"https:\/\/parafiasmardzewo.pl\/index.php?rest_route=\/wp\/v2\/posts\/10151\/revisions"}],"predecessor-version":[{"id":10152,"href":"https:\/\/parafiasmardzewo.pl\/index.php?rest_route=\/wp\/v2\/posts\/10151\/revisions\/10152"}],"wp:featuredmedia":[{"embeddable":true,"href":"https:\/\/parafiasmardzewo.pl\/index.php?rest_route=\/wp\/v2\/media\/5378"}],"wp:attachment":[{"href":"https:\/\/parafiasmardzewo.pl\/index.php?rest_route=%2Fwp%2Fv2%2Fmedia&parent=10151"}],"wp:term":[{"taxonomy":"category","embeddable":true,"href":"https:\/\/parafiasmardzewo.pl\/index.php?rest_route=%2Fwp%2Fv2%2Fcategories&post=10151"},{"taxonomy":"post_tag","embeddable":true,"href":"https:\/\/parafiasmardzewo.pl\/index.php?rest_route=%2Fwp%2Fv2%2Ftags&post=10151"}],"curies":[{"name":"wp","href":"https:\/\/api.w.org\/{rel}","templated":true}]}}