{"id":10156,"date":"2025-08-02T19:59:21","date_gmt":"2025-08-02T17:59:21","guid":{"rendered":"https:\/\/parafiasmardzewo.pl\/?p=10156"},"modified":"2025-08-02T20:00:26","modified_gmt":"2025-08-02T18:00:26","slug":"osiemnata-niedziela-w-ciagu-roku-3-sierpnia-2025","status":"publish","type":"post","link":"https:\/\/parafiasmardzewo.pl\/?p=10156","title":{"rendered":"OSIEMNATA NIEDZIELA W CI\u0104GU ROKU &#8211; 3 sierpnia 2025"},"content":{"rendered":"<p><strong>OG\u0141OSZENIA DUSZPASTERSKIE<\/strong><\/p>\n<ol>\n<li>Rozpocz\u0119li\u015bmy sierpie\u0144. To miesi\u0105c dla nas szczeg\u00f3lny tak pod wzgl\u0119dem religijnym, jak i\u00a0historycznym. W tym miesi\u0105cu ze wszystkich stron Polski i Europy tysi\u0105ce pielgrzym\u00f3w zd\u0105\u017caj\u0105 na Jasn\u0105 G\u00f3r\u0119. \u0141\u0105czmy si\u0119 w modlitwie z tymi, kt\u00f3rzy podj\u0119li trud wyj\u015bcia na p\u0105tnicze szlaki. W\u0142\u0105czmy si\u0119 te\u017c w wielk\u0105 modlitw\u0119 o trze\u017awo\u015b\u0107 naszego narodu. Mo\u017ce dla wyrwania z na\u0142ogu pija\u0144stwa czy narkomanii kogo\u015b bliskiego, znajomego warto ofiarowa\u0107 Panu Bogu czasow\u0105 lub ca\u0142kowit\u0105 abstynencj\u0119. Naszym or\u0119downikiem w modlitwie o\u00a0trze\u017awo\u015b\u0107 jest \u015awi\u0119ty Maksymilian Maria Kolbe.<\/li>\n<li>Dzisiaj, po sumie b\u0119dzie adoracja Naj\u015bwi\u0119tszego Sakramentu i procesja eucharystyczna wok\u00f3\u0142 \u015bwi\u0105tyni. Zapraszam asyst\u0119 procesyjn\u0105 i dziewczynki do sypania kwiatkami.<\/li>\n<li>W poniedzia\u0142ek, 4 sierpnia, w liturgii wspominamy \u015awi\u0119tego Jana Mari\u0119 Vianneya, patrona proboszcz\u00f3w. Przez jego wstawiennictwo dzi\u0119kujemy Panu Bogu za dar kap\u0142an\u00f3w i ich pos\u0142ug\u0119 oraz prosimy o liczne i \u015bwi\u0119te powo\u0142ania kap\u0142a\u0144skie tak\u017ce z naszej wsp\u00f3lnoty parafialnej.<\/li>\n<li>W poniedzia\u0142ek, 4 sierpnia, podobnie jak w latach ubieg\u0142ych b\u0119dziemy go\u015bci\u0107 pielgrzym\u00f3w z diecezji warmi\u0144skiej. \u015aniadanie dla p\u0105tnik\u00f3w przygotowuj\u0105 mieszka\u0144cy S\u0142oszewa Kolonii i S\u0142oszewa.<\/li>\n<li>W \u015brod\u0119, 6 sierpnia, przypada \u015bwi\u0119to Przemienienia Pa\u0144skiego. W Ko\u015bciele obchodzone jest ju\u017c od VI wieku, a w Polsce znane od XI wieku.<\/li>\n<li>W \u015brod\u0119, 6 sierpnia, z P\u0142ocka wyruszy 44. PIESZA PIELGRZYMKA DIECEZJI P\u0141OCKIEJ NA JASN\u0104 G\u00d3R\u0118.<\/li>\n<li>W tym tygodniu przypada r\u00f3wnie\u017c pierwszy czwartek miesi\u0105ca. W ten dzie\u0144 dzi\u0119kujemy za dar Eucharystii i kap\u0142a\u0144stwa, prosimy o nowe i \u015bwi\u0119te powo\u0142ania do pracy w Ko\u015bciele, tak\u017ce z naszej wsp\u00f3lnoty parafialnej.<\/li>\n<li>W czwartek, 7 sierpnia, parafia nasza otrzyma relikwie \u015bw. Andrzeja Boboli w Narodowym Sanktuarium \u015bw. Andrzeja Boboli w Warszawie. Tego dnia, o godz. 12.00, w ko\u015bciele Ojc\u00f3w\u00a0 Jezuit\u00f3w w Warszawie, przy ul. Rakowieckiej 61 b\u0119dzie sprawowana uroczysta Eucharystia w kt\u00f3rej b\u0119d\u0105 uczestniczy\u0107 przedstawiciele naszej parafii \u00a0oraz czciciele \u015bw. Andrzeja Boboli, z grupy modlitewnej z P\u0142o\u0144ska. Jest mo\u017cliwo\u015b\u0107 wyjazdu do Warszawy autokarem w dniu 7 sierpnia. Ci, kt\u00f3rzy chcieliby wzi\u0105\u0107 udzia\u0142 w tej uroczysto\u015bci\u00a0 mog\u0105 si\u0119 zapisa\u0107 w zakrystii po ka\u017cdej Mszy \u015awi\u0119tej. Opr\u00f3cz sanktuarium \u015bw. Andrzeja Boboli odwiedzimy \u015bwi\u0105tyni\u0119 Opatrzno\u015bci Bo\u017cej \u00a0i ko\u015bci\u00f3\u0142 \u015bw. Stanis\u0142awa Kostki na \u017boliborzu, gdzie znajduje si\u0119 gr\u00f3b b\u0142ogos\u0142awionego ks. Jerzego Popie\u0142uszki. Koszt wyjazdu 50,00 z\u0142otych od osoby.<\/li>\n<li>Jest ju\u017c prawie namalowany obraz \u015bw. Andrzeja Boboli, m\u0119czennika, Patrona Polski, kt\u00f3ry b\u0119dzie umieszczony w naszym ko\u015bciele obok \u015bw. Stanis\u0142awa Kostki, w bocznej kaplicy. Pod obrazem b\u0119d\u0105 umieszczone relikwie.<\/li>\n<li>W sobot\u0119, 9 sierpnia, przypada \u015bwi\u0119to \u015awi\u0119tej Teresy Benedykty od Krzy\u017ca \u2013 Edyty Stein (1891-1942), wsp\u00f3\u0142patronki Europy. Edyta Stein odnalaz\u0142a wiar\u0119 w Boga w wieku 30\u00a0lat, jednak przyjmuj\u0105c chrze\u015bcija\u0144stwo, nie zerwa\u0142a swoich wi\u0119z\u00f3w z narodem \u017cydowskim, z\u00a0kt\u00f3rego pochodzi\u0142a. Zgin\u0119\u0142a w Auschwitz, ofiaruj\u0105c swoje \u017cycie w\u0142a\u015bnie za nar\u00f3d swojego pochodzenia.<\/li>\n<li>Zach\u0119cam do nabycia prasy katolickiej.<\/li>\n<\/ol>\n<p><strong>W tym tygodniu patronuj\u0104 nam:<\/strong><\/p>\n<p>&#8211; w poniedzia\u0142ek, 4 sierpnia \u2013 \u015awi\u0119ty Jan Maria Vianney (1786-1859), prezbiter, patron proboszcz\u00f3w, wybitny, a jednocze\u015bnie prosty i skromny kap\u0142an;<\/p>\n<p>&#8211; w czwartek, 7 sierpnia \u2013 B\u0142ogos\u0142awiony Edmund Bojanowski, \u015bwiecki, kt\u00f3ry b\u0119d\u0105c wielkim spo\u0142ecznikiem, prowadzi\u0142 szeroko rozpowszechnion\u0105 dzia\u0142alno\u015b\u0107 charytatywn\u0105; aby obj\u0105\u0107 opiek\u0105 zaniedbane wiejskie dzieci za\u0142o\u017cy\u0142 Zgromadzenie Si\u00f3str S\u0142u\u017cebniczek Naj\u015bwi\u0119tszej Maryi Panny;<\/p>\n<p>&#8211; w pi\u0105tek, 8 sierpnia \u2013 \u015awi\u0119ty Dominik (ok. 1170-1221), prezbiter, za\u0142o\u017cyciel Zakonu Kaznodziejskiego \u2013 dominikan\u00f3w, kt\u00f3ry do dzi\u015b szerzy Ewangeli\u0119 przez g\u0142oszenie s\u0142owa i\u00a0\u015bwiadectwo \u017cycia;<\/p>\n<p>&#8211; w sobot\u0119, 9 sierpnia \u2013 \u015awi\u0119ta Teresa Benedykta od Krzy\u017ca, dziewica i m\u0119czennica, patronka Europy.<\/p>\n<p><strong>\u00a0<\/strong><\/p>\n<p>&nbsp;<\/p>\n","protected":false},"excerpt":{"rendered":"<p>OG\u0141OSZENIA DUSZPASTERSKIE Rozpocz\u0119li\u015bmy sierpie\u0144. To miesi\u0105c dla nas szczeg\u00f3lny tak pod wzgl\u0119dem religijnym, jak i\u00a0historycznym. W tym miesi\u0105cu ze wszystkich stron Polski i Europy tysi\u0105ce pielgrzym\u00f3w zd\u0105\u017caj\u0105 na Jasn\u0105 G\u00f3r\u0119. \u0141\u0105czmy si\u0119 w modlitwie z tymi, kt\u00f3rzy podj\u0119li trud wyj\u015bcia na p\u0105tnicze szlaki. W\u0142\u0105czmy si\u0119 te\u017c w wielk\u0105 modlitw\u0119 o trze\u017awo\u015b\u0107 naszego narodu. Mo\u017ce dla &hellip; <\/p>\n<p><a class=\"more-link btn\" href=\"https:\/\/parafiasmardzewo.pl\/?p=10156\">Kontynuuj czytanie<\/a><\/p>\n","protected":false},"author":2,"featured_media":2833,"comment_status":"open","ping_status":"open","sticky":false,"template":"","format":"standard","meta":[],"categories":[2],"tags":[],"_links":{"self":[{"href":"https:\/\/parafiasmardzewo.pl\/index.php?rest_route=\/wp\/v2\/posts\/10156"}],"collection":[{"href":"https:\/\/parafiasmardzewo.pl\/index.php?rest_route=\/wp\/v2\/posts"}],"about":[{"href":"https:\/\/parafiasmardzewo.pl\/index.php?rest_route=\/wp\/v2\/types\/post"}],"author":[{"embeddable":true,"href":"https:\/\/parafiasmardzewo.pl\/index.php?rest_route=\/wp\/v2\/users\/2"}],"replies":[{"embeddable":true,"href":"https:\/\/parafiasmardzewo.pl\/index.php?rest_route=%2Fwp%2Fv2%2Fcomments&post=10156"}],"version-history":[{"count":1,"href":"https:\/\/parafiasmardzewo.pl\/index.php?rest_route=\/wp\/v2\/posts\/10156\/revisions"}],"predecessor-version":[{"id":10157,"href":"https:\/\/parafiasmardzewo.pl\/index.php?rest_route=\/wp\/v2\/posts\/10156\/revisions\/10157"}],"wp:featuredmedia":[{"embeddable":true,"href":"https:\/\/parafiasmardzewo.pl\/index.php?rest_route=\/wp\/v2\/media\/2833"}],"wp:attachment":[{"href":"https:\/\/parafiasmardzewo.pl\/index.php?rest_route=%2Fwp%2Fv2%2Fmedia&parent=10156"}],"wp:term":[{"taxonomy":"category","embeddable":true,"href":"https:\/\/parafiasmardzewo.pl\/index.php?rest_route=%2Fwp%2Fv2%2Fcategories&post=10156"},{"taxonomy":"post_tag","embeddable":true,"href":"https:\/\/parafiasmardzewo.pl\/index.php?rest_route=%2Fwp%2Fv2%2Ftags&post=10156"}],"curies":[{"name":"wp","href":"https:\/\/api.w.org\/{rel}","templated":true}]}}