{"id":10162,"date":"2025-08-09T21:39:38","date_gmt":"2025-08-09T19:39:38","guid":{"rendered":"https:\/\/parafiasmardzewo.pl\/?p=10162"},"modified":"2025-08-09T21:48:00","modified_gmt":"2025-08-09T19:48:00","slug":"dziewietnasta-niedziela-w-ciagu-roku-10-sierpnia-2025","status":"publish","type":"post","link":"https:\/\/parafiasmardzewo.pl\/?p=10162","title":{"rendered":"DZIEWI\u0118TNASTA NIEDZIELA W CI\u0104GU ROKU &#8211; 10 sierpnia 2025"},"content":{"rendered":"<p><strong>OG\u0141OSZENIA DUSZPASTERSKIE<\/strong><\/p>\n<ol>\n<li>Prze\u017cywamy dzisiaj 19. Niedziel\u0119 zwyk\u0142\u0105 w ci\u0105gu roku. Dla wielu os\u00f3b jest to czas zas\u0142u\u017conego odpoczynku. Pami\u0119tajmy jednak o codziennej modlitwie i uczestnictwie w niedzielnej Eucharystii.<\/li>\n<li>W najbli\u017csz\u0105 \u015brod\u0119, 13 sierpnia, zapraszam na godz. 19.00 na kolejne nabo\u017ce\u0144stwo fatimskie.<\/li>\n<li>W pi\u0105tek, 15 sierpnia, przypada uroczysto\u015b\u0107 Wniebowzi\u0119cia Naj\u015bwi\u0119tszej Maryi Panny. Prawd\u0119 wiary o tym, \u017ce Maryja po ziemskim \u017cyciu z cia\u0142em i dusz\u0105 zosta\u0142a wzi\u0119ta do chwa\u0142y niebieskiej i wywy\u017cszona przez Boga jako Kr\u00f3lowa, og\u0142osi\u0142 papie\u017c Pius XII w 1950 roku. Ten dogmat by\u0142 przypiecz\u0119towaniem starodawnej tradycji. Ju\u017c w V wieku obchodzono bowiem w Ko\u015bciele \u015bwi\u0119to Wniebowzi\u0119cia w\u0142a\u015bnie 15 sierpnia. Liturgiczny obch\u00f3d rozpoczniemy wieczorn\u0105 Msz\u0105 \u015awi\u0119t\u0105 wigilijn\u0105, sprawowan\u0105 w czwartek, 14 sierpnia, o godz.\u00a0 18.00.<\/li>\n<li>Parafia nasza prze\u017cywa w tym dniu odpust Wniebowzi\u0119cia NMP.\u00a0 \u00a0 \u00a0 \u00a0 \u00a0 \u00a0 \u00a0 \u00a0 \u00a0 \u00a0 \u00a0 \u00a0 \u00a0 \u00a0 \u00a0 \u00a0 \u00a0 \u00a0 \u00a0 \u00a0 \u00a0 \u00a0 \u00a0 \u00a0 \u00a0 \u00a0 \u00a0 \u00a0 \u00a0 \u00a0 \u00a0 \u00a0 \u00a0 \u00a0 \u00a0 \u00a0 \u00a0 \u00a0 \u00a0 \u00a0 \u00a0 \u00a0 \u00a0 \u00a0 \u00a0 \u00a0 W sam\u0105 uroczysto\u015b\u0107 Msze \u015awi\u0119te w naszym ko\u015bciele b\u0119d\u0105 sprawowane \u00a0o godz. 9.00 \u2013 12.00 (suma pod przewodnictwem Bpa Piotra Libery) \u2013 17.00. Zapraszam asyst\u0119 procesyjn\u0105, dziewczynki do sypania kwiatkami. Szczeg\u00f3\u0142owy program uroczysto\u015bci jest w kruchcie ko\u015bcio\u0142a, przy o\u0142tarzu polowym i na stronie internetowej naszej parafii. Poniewa\u017c ten pi\u0105tek otrzymuje rang\u0119 uroczysto\u015bci, nie obowi\u0105zuje wstrzemi\u0119\u017aliwo\u015b\u0107 od pokarm\u00f3w mi\u0119snych.<\/li>\n<li>W Polsce ta uroczysto\u015b\u0107 jest znana i obchodzona jako \u015bwi\u0119to Matki Bo\u017cej Zielnej. Na liturgi\u0119 do ko\u015bcio\u0142a przynosimy bukiety zi\u00f3\u0142, kwiat\u00f3w i warzyw, kt\u00f3re zostan\u0105 pob\u0142ogos\u0142awione. Sam gest b\u0142ogos\u0142awienia rzeczy jest okazj\u0105 do wychwalania Stw\u00f3rcy za wszelkie otrzymane dary. Jest tak\u017ce pro\u015bb\u0105, aby b\u0142ogos\u0142awiony przedmiot zawsze przypomina\u0142 o Bogu i Jego dobroci, o Bo\u017cej opiece. W t\u0119 uroczysto\u015b\u0107 dzi\u0119kujemy za dar pierwszych zbior\u00f3w w\u0142a\u015bnie w dniu, w kt\u00f3rym Maryja osi\u0105ga pe\u0142ni\u0119 zbawienia. Ofiarujmy Jej nasze serca i codzienny trud przybli\u017cania si\u0119 do Boga.<\/li>\n<li>W t\u0119 maryjn\u0105 uroczysto\u015b\u0107 tradycyjnie pami\u0119ci\u0105 si\u0119gamy do naszej historii, aby wspomina\u0107 \u201eCud nad Wis\u0142\u0105\u201d z 1920 roku. Pami\u0119tajmy, \u017ce zmagania o w\u0142a\u015bciwe miejsce Polski w\u015br\u00f3d narod\u00f3w Europy i \u015bwiata ci\u0105gle jeszcze trwaj\u0105. Polecajmy Kr\u00f3lowej Polski losy naszego narodu.<\/li>\n<li>W miniony czwartek, 08 sierpnia, 34 osoby z naszej parafii i z grupy modlitewnej w intencji Ojczyzny, z P\u0142o\u0144ska i okolic uczestniczy\u0142y w pielgrzymce do Narodowego Sanktuarium \u015bw. Andrzeja Boboli w Warszawie. W czasie Mszy \u015awi\u0119tej o godz. 12.00 ojcowie Jezuici przekazali relikwie \u015bw. Andrzeja Boboli dla naszej parafii. \u015aw. Andrzej Bobola w roku 2003 zosta\u0142 og\u0142oszony przez \u015bw. Jana Paw\u0142a II Patronem Polski. We wrze\u015bniu br., relikwie uroczy\u015bcie umie\u015bcimy pod obrazem \u015bw. Andrzeja Boboli w naszej \u015bwi\u0105tyni. Wi\u0119cej informacji przeka\u017c\u0119 w odpowiednim czasie.<\/li>\n<li>Za tydzie\u0144, 17 sierpnia o godz. 17.00 zostanie odprawiona Msza \u015awi\u0119ta polowa przy pomniku upami\u0119tniaj\u0105cym tragiczn\u0105 \u015bmier\u0107 ks. Mariana Golona, prob. par. Dziektarzewo..<\/li>\n<li>W tym tygodniu z naszej wsp\u00f3lnoty odesz\u0142a do wieczno\u015bci \u015bw. p. Janina Wi\u015bniewska. Od uczestnik\u00f3w pogrzebu b\u0119dzie odprawionych 12 Mszy \u015awi\u0119tych w Smardzewie i 4 Msze \u015awi\u0119te w par. \u015bw. Maksymiliana Kolbego w P\u0142o\u0144sku. Zmar\u0142\u0105 parafiank\u0119 pole\u0107my mi\u0142osierdziu Bo\u017cemu: <em>Dobry Jezu, a nasz Panie, daj im wieczne spoczywanie\u2026<\/em><\/li>\n<\/ol>\n<p><strong>W tym tygodniu patronuj\u0105\u00a0 nam:\u00a0 \u00a0 \u00a0 \u00a0 \u00a0 \u00a0 \u00a0 \u00a0 \u00a0 \u00a0 \u00a0 \u00a0 \u00a0 \u00a0 \u00a0 \u00a0 \u00a0 \u00a0 \u00a0 \u00a0 \u00a0 \u00a0 \u00a0 \u00a0 \u00a0 \u00a0 \u00a0 \u00a0 \u00a0 \u00a0 \u00a0 \u00a0 \u00a0 \u00a0 \u00a0 \u00a0 \u00a0 \u00a0 \u00a0 \u00a0 \u00a0 \u00a0 \u00a0 \u00a0 \u00a0 \u00a0 \u00a0 \u00a0 \u00a0 \u00a0 \u00a0 \u00a0 \u00a0 \u00a0 \u00a0 \u00a0 \u00a0 \u00a0 \u00a0 \u00a0 \u00a0 \u00a0 \u00a0 \u00a0 \u00a0 \u00a0 \u00a0 \u00a0 \u00a0 \u00a0 \u00a0 \u00a0 \u00a0 \u00a0 \u00a0 \u00a0 \u00a0 \u00a0 \u00a0 \u00a0 \u00a0 \u00a0<\/strong>&#8211; w dzisiejsz\u0105 niedziel\u0119, 10 sierpnia \u2013 \u015awi\u0119ty Wawrzyniec (\u2020258), diakon i m\u0119czennik;\u00a0 \u00a0 \u00a0 \u00a0 \u00a0 \u00a0 \u00a0 \u00a0 \u00a0 \u00a0 \u00a0 \u00a0 \u00a0 \u00a0 \u00a0 \u00a0 \u00a0 \u00a0 \u00a0 \u00a0 \u00a0 \u00a0 \u00a0 \u00a0 \u00a0 \u00a0 \u00a0 \u00a0&#8211; w poniedzia\u0142ek, 11 sierpnia \u2013 \u015awi\u0119ta Klara (1194-1253), dziewica, kt\u00f3ra id\u0105c za wzorem \u015awi\u0119tego Franciszka, wybra\u0142a \u017cycie w ub\u00f3stwie i za\u0142o\u017cy\u0142a zakon si\u00f3str zwanych od jej imienia klaryskami;\u00a0 \u00a0 \u00a0 \u00a0 \u00a0 \u00a0 \u00a0 \u00a0 \u00a0 \u00a0 \u00a0 \u00a0 \u00a0 \u00a0 \u00a0&#8211; w czwartek, 14 sierpnia \u2013 \u015awi\u0119ty Maksymilian Maria Kolbe (1894-1941), franciszka\u0144ski kap\u0142an i m\u0119czennik obozu w\u00a0Auschwitz, kt\u00f3ry odda\u0142 \u017cycie za wsp\u00f3\u0142wi\u0119\u017ania.<\/p>\n","protected":false},"excerpt":{"rendered":"<p>OG\u0141OSZENIA DUSZPASTERSKIE Prze\u017cywamy dzisiaj 19. Niedziel\u0119 zwyk\u0142\u0105 w ci\u0105gu roku. Dla wielu os\u00f3b jest to czas zas\u0142u\u017conego odpoczynku. Pami\u0119tajmy jednak o codziennej modlitwie i uczestnictwie w niedzielnej Eucharystii. W najbli\u017csz\u0105 \u015brod\u0119, 13 sierpnia, zapraszam na godz. 19.00 na kolejne nabo\u017ce\u0144stwo fatimskie. W pi\u0105tek, 15 sierpnia, przypada uroczysto\u015b\u0107 Wniebowzi\u0119cia Naj\u015bwi\u0119tszej Maryi Panny. Prawd\u0119 wiary o tym, &hellip; <\/p>\n<p><a class=\"more-link btn\" href=\"https:\/\/parafiasmardzewo.pl\/?p=10162\">Kontynuuj czytanie<\/a><\/p>\n","protected":false},"author":2,"featured_media":5378,"comment_status":"open","ping_status":"open","sticky":false,"template":"","format":"standard","meta":[],"categories":[2],"tags":[],"_links":{"self":[{"href":"https:\/\/parafiasmardzewo.pl\/index.php?rest_route=\/wp\/v2\/posts\/10162"}],"collection":[{"href":"https:\/\/parafiasmardzewo.pl\/index.php?rest_route=\/wp\/v2\/posts"}],"about":[{"href":"https:\/\/parafiasmardzewo.pl\/index.php?rest_route=\/wp\/v2\/types\/post"}],"author":[{"embeddable":true,"href":"https:\/\/parafiasmardzewo.pl\/index.php?rest_route=\/wp\/v2\/users\/2"}],"replies":[{"embeddable":true,"href":"https:\/\/parafiasmardzewo.pl\/index.php?rest_route=%2Fwp%2Fv2%2Fcomments&post=10162"}],"version-history":[{"count":6,"href":"https:\/\/parafiasmardzewo.pl\/index.php?rest_route=\/wp\/v2\/posts\/10162\/revisions"}],"predecessor-version":[{"id":10168,"href":"https:\/\/parafiasmardzewo.pl\/index.php?rest_route=\/wp\/v2\/posts\/10162\/revisions\/10168"}],"wp:featuredmedia":[{"embeddable":true,"href":"https:\/\/parafiasmardzewo.pl\/index.php?rest_route=\/wp\/v2\/media\/5378"}],"wp:attachment":[{"href":"https:\/\/parafiasmardzewo.pl\/index.php?rest_route=%2Fwp%2Fv2%2Fmedia&parent=10162"}],"wp:term":[{"taxonomy":"category","embeddable":true,"href":"https:\/\/parafiasmardzewo.pl\/index.php?rest_route=%2Fwp%2Fv2%2Fcategories&post=10162"},{"taxonomy":"post_tag","embeddable":true,"href":"https:\/\/parafiasmardzewo.pl\/index.php?rest_route=%2Fwp%2Fv2%2Ftags&post=10162"}],"curies":[{"name":"wp","href":"https:\/\/api.w.org\/{rel}","templated":true}]}}