{"id":10169,"date":"2025-08-09T22:07:13","date_gmt":"2025-08-09T20:07:13","guid":{"rendered":"https:\/\/parafiasmardzewo.pl\/?p=10169"},"modified":"2025-08-09T22:08:26","modified_gmt":"2025-08-09T20:08:26","slug":"program-uroczystosci-odpustowych-w-smardzewie-14-15-viii-2025","status":"publish","type":"post","link":"https:\/\/parafiasmardzewo.pl\/?p=10169","title":{"rendered":"Program Uroczysto\u015bci Odpustowych w Smardzewie 14 &#8211; 15 VIII 2025"},"content":{"rendered":"<p><strong>Czwartek 14 VIII 2025<\/strong><\/p>\n<p><strong>godz. 20<sup>30 \u00a0\u00a0\u00a0\u00a0\u00a0\u00a0 <\/sup>\u00a0R\u00f3\u017caniec<\/strong><\/p>\n<p><strong>\u00a0<\/strong><strong>godz. 21<sup>00<\/sup>\u00a0 \u00a0\u00a0\u00a0 Apel Maryjny<\/strong><\/p>\n<p><strong>Pi\u0105tek 15 VIII 2025 (Uroczysto\u015b\u0107 Wniebowzi\u0119cia Naj\u015bwi\u0119tszej Maryi Panny)<\/strong><\/p>\n<p><strong>\u00a0<\/strong><strong>godz. 9<sup>00<\/sup> \u00a0\u00a0\u00a0\u00a0Msza \u015bw. z kazaniem<\/strong><\/p>\n<p><strong>godz. 11<sup>30<\/sup>\u00a0\u00a0 R\u00f3\u017caniec<\/strong><\/p>\n<p><strong>godz. 12<sup>00<\/sup> \u00a0\u00a0 Msza \u015bw. z kazaniem\u00a0 &#8211; przewodniczy ks. Bp Piotr Libera\u00a0<\/strong><\/p>\n<p><strong>\u00a0 \u00a0 \u00a0 Adoracja, procesja eucharystyczna<\/strong><\/p>\n<p><strong>\u00a0 \u00a0 \u00a0 \u00a0B\u0142ogos\u0142awie\u0144stwo eucharystyczne i po\u015bwi\u0119cenie\u00a0 <\/strong><strong>\u00a0zi\u00f3\u0142 i kwiat\u00f3w<\/strong><\/p>\n<p><strong>godz. 17<sup>00<\/sup> \u00a0\u00a0\u00a0\u00a0 Msza \u015bw. z kazaniem<\/strong><\/p>\n<p><strong>\u00a0 \u00a0 \u00a0 \u00a0 \u00a0 \u00a0 \u00a0 \u00a0 \u00a0 \u00a0 \u00a0 \u00a0 \u00a0 \u00a0 \u00a0 \u00a0<\/strong><strong>13 SIERPNIA \u2013 \u015aroda &#8211; godz.19.00\u00a0\u00a0\u00a0\u00a0\u00a0\u00a0\u00a0\u00a0\u00a0\u00a0\u00a0\u00a0\u00a0\u00a0\u00a0\u00a0\u00a0\u00a0\u00a0\u00a0\u00a0\u00a0\u00a0\u00a0 <\/strong><\/p>\n<p><strong>\u00a0 \u00a0 \u00a0 \u00a0 \u00a0 \u00a0 \u00a0 \u00a0 \u00a0 \u00a0 \u00a0 \u00a0 \u00a0 \u00a0 \u00a0 \u00a0 \u00a0 \u00a0 \u00a0 NABO\u017bENSTWO FATIMSKIE<\/strong><\/p>\n<p><strong>\u00a0<\/strong><\/p>\n<p>&nbsp;<\/p>\n","protected":false},"excerpt":{"rendered":"<p>Czwartek 14 VIII 2025 godz. 2030 \u00a0\u00a0\u00a0\u00a0\u00a0\u00a0 \u00a0R\u00f3\u017caniec \u00a0godz. 2100\u00a0 \u00a0\u00a0\u00a0 Apel Maryjny Pi\u0105tek 15 VIII 2025 (Uroczysto\u015b\u0107 Wniebowzi\u0119cia Naj\u015bwi\u0119tszej Maryi Panny) \u00a0godz. 900 \u00a0\u00a0\u00a0\u00a0Msza \u015bw. z kazaniem godz. 1130\u00a0\u00a0 R\u00f3\u017caniec godz. 1200 \u00a0\u00a0 Msza \u015bw. z kazaniem\u00a0 &#8211; przewodniczy ks. Bp Piotr Libera\u00a0 \u00a0 \u00a0 \u00a0 Adoracja, procesja eucharystyczna \u00a0 \u00a0 \u00a0 \u00a0B\u0142ogos\u0142awie\u0144stwo eucharystyczne &hellip; <\/p>\n<p><a class=\"more-link btn\" href=\"https:\/\/parafiasmardzewo.pl\/?p=10169\">Kontynuuj czytanie<\/a><\/p>\n","protected":false},"author":2,"featured_media":7263,"comment_status":"open","ping_status":"open","sticky":false,"template":"","format":"standard","meta":[],"categories":[1],"tags":[],"_links":{"self":[{"href":"https:\/\/parafiasmardzewo.pl\/index.php?rest_route=\/wp\/v2\/posts\/10169"}],"collection":[{"href":"https:\/\/parafiasmardzewo.pl\/index.php?rest_route=\/wp\/v2\/posts"}],"about":[{"href":"https:\/\/parafiasmardzewo.pl\/index.php?rest_route=\/wp\/v2\/types\/post"}],"author":[{"embeddable":true,"href":"https:\/\/parafiasmardzewo.pl\/index.php?rest_route=\/wp\/v2\/users\/2"}],"replies":[{"embeddable":true,"href":"https:\/\/parafiasmardzewo.pl\/index.php?rest_route=%2Fwp%2Fv2%2Fcomments&post=10169"}],"version-history":[{"count":2,"href":"https:\/\/parafiasmardzewo.pl\/index.php?rest_route=\/wp\/v2\/posts\/10169\/revisions"}],"predecessor-version":[{"id":10171,"href":"https:\/\/parafiasmardzewo.pl\/index.php?rest_route=\/wp\/v2\/posts\/10169\/revisions\/10171"}],"wp:featuredmedia":[{"embeddable":true,"href":"https:\/\/parafiasmardzewo.pl\/index.php?rest_route=\/wp\/v2\/media\/7263"}],"wp:attachment":[{"href":"https:\/\/parafiasmardzewo.pl\/index.php?rest_route=%2Fwp%2Fv2%2Fmedia&parent=10169"}],"wp:term":[{"taxonomy":"category","embeddable":true,"href":"https:\/\/parafiasmardzewo.pl\/index.php?rest_route=%2Fwp%2Fv2%2Fcategories&post=10169"},{"taxonomy":"post_tag","embeddable":true,"href":"https:\/\/parafiasmardzewo.pl\/index.php?rest_route=%2Fwp%2Fv2%2Ftags&post=10169"}],"curies":[{"name":"wp","href":"https:\/\/api.w.org\/{rel}","templated":true}]}}