{"id":10175,"date":"2025-08-16T22:15:57","date_gmt":"2025-08-16T20:15:57","guid":{"rendered":"https:\/\/parafiasmardzewo.pl\/?p=10175"},"modified":"2025-08-16T22:18:43","modified_gmt":"2025-08-16T20:18:43","slug":"dwudziesta-niedziela-w-ciagu-roku-17-sierpnia-2025","status":"publish","type":"post","link":"https:\/\/parafiasmardzewo.pl\/?p=10175","title":{"rendered":"DWUDZIESTA NIEDZIELA W CI\u0104GU ROKU &#8211; 17 sierpnia 2025"},"content":{"rendered":"<p><strong>OG\u0141OSZENIA DUSZPASTERSKIE<\/strong><\/p>\n<ol>\n<li>W sierpniu tak cz\u0119sto nasze my\u015bli i modlitwy kierujemy do Matki Bo\u017cej. W nadchodz\u0105cy pi\u0105tek, 22 sierpnia, b\u0119dziemy radowali si\u0119 Maryj\u0105 \u2013 Kr\u00f3low\u0105. Od najwcze\u015bniejszych wiek\u00f3w Ko\u015bci\u00f3\u0142 wierzy\u0142 w kr\u00f3lowanie Maryi. Wiele narod\u00f3w i pa\u0144stw obra\u0142o Maryj\u0119 za swoj\u0105 Kr\u00f3low\u0105. Tak\u017ce i nasz nar\u00f3d, odczytuj\u0105c znaki czasu, powierzy\u0142 Jej swoje losy. Tak uczyni\u0142 kr\u00f3l Jan Kazimierz 1 kwietnia 1656 roku w katedrze lwowskiej, dzi\u0119kuj\u0105c za ocalenie podczas najazdu szwedzkiego. Uroczy\u015bcie uzna\u0142 ten fakt papie\u017c Pius XII w 1954 roku. Pami\u0119tajmy, \u017ce Maryja jest Kr\u00f3low\u0105 wszystkich, gdy\u017c wyda\u0142a na \u015bwiat Syna \u2013 Kr\u00f3la i Pana wszystkiego.<\/li>\n<li>Godne i cz\u0119ste przyjmowanie Komunii \u015awi\u0119tej domaga si\u0119 od nas czynnej mi\u0142o\u015bci do Pana Boga i bli\u017aniego. Trwa jeszcze sierpie\u0144 \u2013 miesi\u0105c modlitwy o trze\u017awo\u015b\u0107 naszego narodu. Jednym z przejaw\u00f3w mi\u0142o\u015bci bli\u017aniego mo\u017ce by\u0107 wi\u0119c zobowi\u0105zanie do abstynencji od alkoholu w celu ratowania innych os\u00f3b uzale\u017cnionych, a tak\u017ce pomoc w podj\u0119ciu przez takie osoby decyzji o leczeniu odwykowym.<\/li>\n<li>W sobot\u0119, 23 sierpnia, przypada Europejski Dzie\u0144 Pami\u0119ci Ofiar Stalinizmu i Nazizmu. Dzie\u0144 ten zosta\u0142 ustanowiony przez Parlament Europejski w 2008 roku, a termin jego obchodu zwi\u0105zany jest z dat\u0105 podpisania paktu Ribbentrop-Mo\u0142otow. Po raz pierwszy by\u0142 publicznie obchodzony dopiero w 2011 roku w Warszawie. Dzi\u015b, gdy tak cz\u0119sto podwa\u017ca si\u0119 i relatywizuje fakty historyczne, pr\u00f3buje si\u0119 nagina\u0107 histori\u0119 w imi\u0119 tak zwanej poprawno\u015bci politycznej, nie mo\u017cemy o tym zapomina\u0107. Tego dnia m\u00f3dlmy si\u0119 o dobre owoce ich cierpie\u0144 dla przysz\u0142ych pokole\u0144.<\/li>\n<li>W naszych modlitwach nie zapominajmy te\u017c o pielgrzymach oraz o wypoczywaj\u0105cych na wakacjach. Pro\u015bmy Matk\u0119 Boga i nasz\u0105 o ich wzrost duchowy, dobry, ubogacaj\u0105cy wypoczynek i szcz\u0119\u015bliwy powr\u00f3t do domu.<\/li>\n<li>W miniony pi\u0105tek prze\u017cywali\u015bmy uroczysto\u015b\u0107 odpustow\u0105 Wniebowzi\u0119cia NMP. Dzi\u0119kuj\u0119 wszystkim, kt\u00f3rzy w\u0142\u0105czyli si\u0119 w przygotowanie i przebieg tej uroczysto\u015bci. Dzi\u0119kuj\u0119 s\u0142u\u017cbie liturgicznej, asy\u015bcie procesyjnej, osobom kt\u00f3re sprz\u0105ta\u0142y ko\u015bci\u00f3\u0142 i teren przyko\u015bcielny. Dzi\u0119kuj\u0119 panu organi\u015bcie i panu ko\u015bcielnemu. Panu Adamowi Sta\u0144czakowi serdecznie dzi\u0119kuj\u0119 za zakup 1,5 tys. butelek z wod\u0105, z kt\u00f3rej uczestnicy liturgii o godz. 12.00 ch\u0119tnie korzystali. Dzi\u0119kuj\u0119 druhom i druhnom OSP Smardzewo za pomoc przy ustawianiu krzese\u0142 na placu przyko\u015bcielnym. Dzi\u0119kuj\u0119 paniom, kt\u00f3re przygotowa\u0142y obiad dla ksi\u0119\u017cy.<\/li>\n<li>Dzisiaj, o godz. 17.00 b\u0119dzie odprawiona Msza \u015awi\u0119ta polowa przy nowym pomniku upami\u0119tniaj\u0105cym m\u0119cze\u0144sk\u0105 \u015bmier\u0107 \u015bw. p. ks. Mariana Golona. Przed Eucharysti\u0105 zostanie po\u015bwi\u0119cony ten nowy pomnik na kt\u00f3rym znajduje si\u0119 napis: <strong><em>W TYM MIEJSCU 20 VIII 1940 r. ZOSTA\u0141 ZAMORDOWANY PRZEZ HITLEROWC\u00d3W KS. MARIAN GOLON PROBOSZCZ PAR. DZIEKTARZEWO<\/em><\/strong>. Panu Bogdanowi Szcze\u015bniewskiemu dzi\u0119kuj\u0119 za \u00a0pomoc w wykonaniu prac przy ustawieniu pomnika.<\/li>\n<li>W tym tygodniu z naszej wsp\u00f3lnoty odszed\u0142 do wieczno\u015bci \u015bw. p. Edward Szel\u0105gowski, kt\u00f3ry prze\u017cy\u0142 81 lat. Od uczestnik\u00f3w pogrzebu b\u0119dzie odprawionych 15 Mszy \u015awi\u0119tych. Zmar\u0142ego parafianina pole\u0107my mi\u0142osierdziu Bo\u017cemu: <em>Dobry Jezu, a nasz Panie, daj im wieczne spoczywanie\u2026<\/em><\/li>\n<\/ol>\n<p><strong>W tym tygodniu patronuj\u0105 nam:\u00a0 \u00a0 \u00a0 \u00a0 \u00a0 \u00a0 \u00a0 \u00a0 \u00a0 \u00a0 \u00a0 \u00a0 \u00a0 \u00a0 \u00a0 \u00a0 \u00a0 \u00a0 \u00a0 \u00a0 \u00a0 \u00a0 \u00a0 \u00a0 \u00a0 \u00a0 \u00a0 \u00a0 \u00a0 \u00a0 \u00a0 \u00a0 \u00a0 \u00a0 \u00a0 \u00a0 \u00a0 \u00a0 \u00a0 \u00a0 \u00a0 \u00a0 \u00a0 \u00a0 \u00a0 \u00a0 \u00a0 \u00a0 \u00a0 \u00a0 \u00a0 \u00a0 \u00a0 \u00a0 \u00a0 \u00a0 \u00a0 \u00a0 \u00a0 \u00a0 \u00a0 \u00a0 \u00a0 \u00a0 \u00a0 \u00a0 \u00a0 \u00a0 \u00a0 \u00a0 \u00a0 \u00a0 \u00a0 \u00a0 \u00a0 \u00a0 \u00a0 \u00a0 \u00a0 \u00a0 \u00a0 \u00a0 \u00a0 \u00a0 \u00a0 \u00a0<\/strong>&#8211; w dzisiejsz\u0105 niedziel\u0119, 17 sierpnia \u2013 \u015awi\u0119ty Jacek Odrow\u0105\u017c (1200-1257), prezbiter, polski dominikanin, kt\u00f3ry po\u015bwi\u0119ci\u0142 si\u0119 misjom w r\u00f3\u017cnych cz\u0119\u015bciach naszego kraju; jego \u017cycie by\u0142o wype\u0142nione czci\u0105 do Matki Bo\u017cej;\u00a0 \u00a0 \u00a0 \u00a0 \u00a0 \u00a0 \u00a0 \u00a0 \u00a0 \u00a0 \u00a0 \u00a0 \u00a0 \u00a0 \u00a0 \u00a0 \u00a0 \u00a0 \u00a0 \u00a0 \u00a0 \u00a0 \u00a0 \u00a0 \u00a0 \u00a0 \u00a0 \u00a0 \u00a0 \u00a0 \u00a0 \u00a0 \u00a0 \u00a0 \u00a0 \u00a0 \u00a0 \u00a0 \u00a0 \u00a0 \u00a0 \u00a0 \u00a0 \u00a0 \u00a0 \u00a0 \u00a0 \u00a0 \u00a0 \u00a0 \u00a0 \u00a0 \u00a0 \u00a0 \u00a0 \u00a0 \u00a0 \u00a0 \u00a0 \u00a0 \u00a0 \u00a0 \u00a0 \u00a0 \u00a0 \u00a0 \u00a0 \u00a0 \u00a0 \u00a0 \u00a0 \u00a0 \u00a0 \u00a0 \u00a0 \u00a0 \u00a0 \u00a0 \u00a0 \u00a0 \u00a0 \u00a0 \u00a0 \u00a0 \u00a0 \u00a0 \u00a0 \u00a0 \u00a0 \u00a0 \u00a0 \u00a0 \u00a0 \u00a0 \u00a0 \u00a0 \u00a0 \u00a0 \u00a0 \u00a0 \u00a0 \u00a0 \u00a0 \u00a0 \u00a0 \u00a0 \u00a0 \u00a0 \u00a0 \u00a0 \u00a0 &#8211; w poniedzia\u0142ek, 18 sierpnia \u2013 B\u0142ogos\u0142awiona Sancja Szymkowiak (1910-1942), dziewica, siostra serafitka, ca\u0142kowicie oddana Bogu i ludziom; na \u0142o\u017cu \u015bmierci do swojej siostry prze\u0142o\u017conej wypowiedzia\u0142a s\u0142owa, kt\u00f3re warto zapami\u0119ta\u0107: \u201eBo umieram z mi\u0142o\u015bci, a Mi\u0142o\u015b\u0107 mi\u0142o\u015bci niczego odm\u00f3wi\u0107 nie mo\u017ce\u201d;\u00a0 \u00a0 \u00a0 \u00a0 \u00a0 \u00a0 \u00a0 \u00a0 \u00a0 \u00a0 \u00a0 \u00a0 \u00a0 \u00a0 \u00a0 \u00a0 \u00a0 \u00a0 \u00a0 \u00a0 \u00a0 \u00a0 \u00a0 &#8211; &#8211; w \u015brod\u0119, 20 sierpnia \u2013 \u015awi\u0119ty Bernard (1090-1153), opat cysters\u00f3w w Clairvaux (Francja) i doktor Ko\u015bcio\u0142a, wielki my\u015bliciel, teolog i mistyk, nazywany \u201ewyroczni\u0105 Europy\u201d;\u00a0 \u00a0 \u00a0 \u00a0 \u00a0 \u00a0 \u00a0 \u00a0 \u00a0 \u00a0 \u00a0 \u00a0 \u00a0 \u00a0 \u00a0 \u00a0 \u00a0 \u00a0 \u00a0 \u00a0 \u00a0 \u00a0 \u00a0 \u00a0 \u00a0 \u00a0 \u00a0 \u00a0 \u00a0 \u00a0 \u00a0 \u00a0 \u00a0 \u00a0 \u00a0 \u00a0 \u00a0 \u00a0 \u00a0 \u00a0 \u00a0-w czwartek, 21 sierpnia \u2013 \u015awi\u0119ty Pius X (1835-1914), papie\u017c, kt\u00f3ry odrodzi\u0142 \u017cycie eucharystyczne, wydaj\u0105c dekrety o cz\u0119stszym przyst\u0119powaniu do Eucharystii i pozwalaj\u0105c dzieciom na wcze\u015bniejsz\u0105 Komuni\u0119 \u015awi\u0119t\u0105; nazwano go \u201epapie\u017cem dzieci\u201d.<\/p>\n<p>&nbsp;<\/p>\n","protected":false},"excerpt":{"rendered":"<p>OG\u0141OSZENIA DUSZPASTERSKIE W sierpniu tak cz\u0119sto nasze my\u015bli i modlitwy kierujemy do Matki Bo\u017cej. W nadchodz\u0105cy pi\u0105tek, 22 sierpnia, b\u0119dziemy radowali si\u0119 Maryj\u0105 \u2013 Kr\u00f3low\u0105. Od najwcze\u015bniejszych wiek\u00f3w Ko\u015bci\u00f3\u0142 wierzy\u0142 w kr\u00f3lowanie Maryi. Wiele narod\u00f3w i pa\u0144stw obra\u0142o Maryj\u0119 za swoj\u0105 Kr\u00f3low\u0105. Tak\u017ce i nasz nar\u00f3d, odczytuj\u0105c znaki czasu, powierzy\u0142 Jej swoje losy. Tak uczyni\u0142 &hellip; <\/p>\n<p><a class=\"more-link btn\" href=\"https:\/\/parafiasmardzewo.pl\/?p=10175\">Kontynuuj czytanie<\/a><\/p>\n","protected":false},"author":2,"featured_media":5378,"comment_status":"open","ping_status":"open","sticky":false,"template":"","format":"standard","meta":[],"categories":[2],"tags":[],"_links":{"self":[{"href":"https:\/\/parafiasmardzewo.pl\/index.php?rest_route=\/wp\/v2\/posts\/10175"}],"collection":[{"href":"https:\/\/parafiasmardzewo.pl\/index.php?rest_route=\/wp\/v2\/posts"}],"about":[{"href":"https:\/\/parafiasmardzewo.pl\/index.php?rest_route=\/wp\/v2\/types\/post"}],"author":[{"embeddable":true,"href":"https:\/\/parafiasmardzewo.pl\/index.php?rest_route=\/wp\/v2\/users\/2"}],"replies":[{"embeddable":true,"href":"https:\/\/parafiasmardzewo.pl\/index.php?rest_route=%2Fwp%2Fv2%2Fcomments&post=10175"}],"version-history":[{"count":4,"href":"https:\/\/parafiasmardzewo.pl\/index.php?rest_route=\/wp\/v2\/posts\/10175\/revisions"}],"predecessor-version":[{"id":10179,"href":"https:\/\/parafiasmardzewo.pl\/index.php?rest_route=\/wp\/v2\/posts\/10175\/revisions\/10179"}],"wp:featuredmedia":[{"embeddable":true,"href":"https:\/\/parafiasmardzewo.pl\/index.php?rest_route=\/wp\/v2\/media\/5378"}],"wp:attachment":[{"href":"https:\/\/parafiasmardzewo.pl\/index.php?rest_route=%2Fwp%2Fv2%2Fmedia&parent=10175"}],"wp:term":[{"taxonomy":"category","embeddable":true,"href":"https:\/\/parafiasmardzewo.pl\/index.php?rest_route=%2Fwp%2Fv2%2Fcategories&post=10175"},{"taxonomy":"post_tag","embeddable":true,"href":"https:\/\/parafiasmardzewo.pl\/index.php?rest_route=%2Fwp%2Fv2%2Ftags&post=10175"}],"curies":[{"name":"wp","href":"https:\/\/api.w.org\/{rel}","templated":true}]}}