{"id":10221,"date":"2025-08-23T21:15:39","date_gmt":"2025-08-23T19:15:39","guid":{"rendered":"https:\/\/parafiasmardzewo.pl\/?p=10221"},"modified":"2025-08-23T21:17:14","modified_gmt":"2025-08-23T19:17:14","slug":"dwudziesta-pierwsza-niedziela-w-ciagu-roku-24-sierpnia-2025","status":"publish","type":"post","link":"https:\/\/parafiasmardzewo.pl\/?p=10221","title":{"rendered":"DWUDZIESTA PIERWSZA NIEDZIELA W CI\u0104GU ROKU 24 sierpnia 2025"},"content":{"rendered":"<p><strong>OG\u0141OSZENIA DUSZPASTERSKIE<\/strong><\/p>\n<ol>\n<li>Przed nami ostatni tydzie\u0144 sierpnia \u2013 miesi\u0105ca trze\u017awo\u015bci, a dla wielu ostatnie dni urlop\u00f3w i wakacji. Starajmy si\u0119 jak najlepiej wykorzystywa\u0107 ten czas na pog\u0142\u0119bienie naszych wzajemnych relacji rodzinnych czy przyjacielskich, na dobr\u0105 lektur\u0119 i buduj\u0105ce rozmowy. Zach\u0119cam przy tej okazji do lektury ksi\u0105\u017cek i prasy katolickiej.<\/li>\n<li>Dzisiejsza niedziela swoj\u0105 rang\u0105 przykrywa w liturgii \u015bwi\u0119to \u015awi\u0119tego Bart\u0142omieja, Aposto\u0142a. Tradycja g\u0142osi, \u017ce zani\u00f3s\u0142 Ewangeli\u0119 a\u017c do Indii, gdzie poni\u00f3s\u0142 \u015bmier\u0107 m\u0119cze\u0144sk\u0105.<\/li>\n<li>We wtorek, 26 sierpnia, ponownie nasze my\u015bli i serca skierujemy na Jasn\u0105 G\u00f3r\u0119, aby uczci\u0107 Naj\u015bwi\u0119tsz\u0105 Maryj\u0119 Pann\u0119 Cz\u0119stochowsk\u0105. W wielu naszych ko\u015bcio\u0142ach trwa specjalna nowenna przed t\u0105 uroczysto\u015bci\u0105. Mo\u017cna powiedzie\u0107, \u017ce jest to bardzo polskie \u015bwi\u0119to. Czym jest i czym powinna by\u0107 dla nas Jasna G\u00f3ra, przypomina\u0142 \u015awi\u0119ty Jan Pawe\u0142 II, gdy m\u00f3wi\u0142: \u201eNa Jasn\u0105 G\u00f3r\u0119 przychodzimy do Matki Boga z wielowiekowym ju\u017c depozytem naszego zawierzenia, kt\u00f3re jest dziedzictwem ca\u0142ych pokole\u0144\u201d.<\/li>\n<li>W uroczysto\u015b\u0107 NMP Cz\u0119stochowskiej parafia Baboszewo prze\u017cywa uroczysto\u015b\u0107 odpustow\u0105, r\u00f3wnie\u017c w kaplicy w Ko\u0142oz\u0119biu o godz. 12. 00 zostanie odprawiona Msza \u015awi\u0119ta odpustowa.<\/li>\n<li>W pi\u0105tek, 29 sierpnia, w liturgii wspominamy M\u0119cze\u0144stwo \u015awi\u0119tego Jana Chrzciciela. Jest to drugie wspomnienie w kalendarzu liturgicznym tego \u015bwi\u0119tego, po czerwcowej uroczysto\u015bci jego narodzenia (24 czerwca). Za swoj\u0105 bezkompromisow\u0105 postaw\u0119 Jan Chrzciciel, podobnie jak inni prorocy, a p\u00f3\u017aniej Aposto\u0142owie, zap\u0142aci\u0142 najwy\u017csz\u0105 cen\u0119. Tego dnia b\u0119dziemy prosili go o \u0142ad moralny w naszych rodzinach, wsp\u00f3lnotach i w naszym ca\u0142ym narodzie.<\/li>\n<li>Tydzie\u0144 temu, 17 sierpnia, zosta\u0142a odprawiona Msza \u015awi\u0119ta polowa przy odnowionym pomniku w miejscu m\u0119cze\u0144skiej \u015bmierci \u015bw. p. ks. Mariana Golona, prob. par. Dziektarzewo, kt\u00f3ry zosta\u0142 zastrzelony 20 VIII 1940 roku, przez stra\u017cnika niemieckiego obozu pracy w Smardzewie. Bardzo serdecznie dzi\u0119kuj\u0119 p. Bogdanowi Szcze\u015bniewskiemu, kt\u00f3ry wraz z swoimi pracownikami du\u017co pom\u00f3g\u0142 przy ustawieniu pomnika.<\/li>\n<li>Dnia 8 wrze\u015bnia br., w \u015bwi\u0119to Narodzenia NMP, b\u0119dziemy dzi\u0119kowa\u0107 Bogu za tegoroczne plony. Mieszka\u0144c\u00f3w Koliszewa P\u00f3\u0142noc i Po\u0142udnie prosz\u0119 o przygotowanie wie\u0144ca do\u017cynkowego. W nast\u0119pn\u0105 niedziel\u0119, 31sierpnia 2025 r., odb\u0119d\u0105\u00a0 si\u0119 w Po\u015bwi\u0119tnem Do\u017cynki Wojew\u00f3dztwa Mazowieckiego i Diecezji P\u0142ockiej. Bardzo prosz\u0119, aby delegacja z naszej parafii reprezentowa\u0142a nas na do\u017cynkach w Po\u015bwi\u0119tnem.<\/li>\n<li>Zach\u0119cam do nabycia prasy katolickiej.<\/li>\n<li>W tym tygodniu z naszej wsp\u00f3lnoty odszed\u0142\u00a0 do wieczno\u015bci \u015bw. p. Bogdan Geller, kt\u00f3ry prze\u017cy\u0142 39 lat. Od uczestnik\u00f3w pogrzebu b\u0119d\u0105 odprawione 33 Msze \u015awi\u0119te. Zmar\u0142ego parafianina pole\u0107my mi\u0142osierdziu Bo\u017cemu: <em>Dobry Jezu, a nasz Panie, daj mu wieczne spoczywanie\u2026<\/em><\/li>\n<\/ol>\n<p><strong>W tym tygodniu patronuj\u0105\u00a0 nam:\u00a0 \u00a0 \u00a0 \u00a0 \u00a0 \u00a0 \u00a0 \u00a0 \u00a0 \u00a0 \u00a0 \u00a0 \u00a0 \u00a0 \u00a0 \u00a0 \u00a0 \u00a0 \u00a0 \u00a0 \u00a0 \u00a0 \u00a0 \u00a0 \u00a0 \u00a0 \u00a0 \u00a0 \u00a0 \u00a0 \u00a0 \u00a0 \u00a0 \u00a0 \u00a0 \u00a0 \u00a0 \u00a0 \u00a0 \u00a0 \u00a0 \u00a0 \u00a0 \u00a0 \u00a0 \u00a0 \u00a0 \u00a0 \u00a0 \u00a0 \u00a0 \u00a0 \u00a0 \u00a0 \u00a0 \u00a0 \u00a0 \u00a0 \u00a0 \u00a0 \u00a0 \u00a0 \u00a0 \u00a0 \u00a0 \u00a0 \u00a0 \u00a0 \u00a0 \u00a0 \u00a0 \u00a0 \u00a0 \u00a0 \u00a0 \u00a0 \u00a0 \u00a0 \u00a0 \u00a0 \u00a0 \u00a0 \u00a0 \u00a0 <\/strong>&#8211; w dzisiejsz\u0105 niedziel\u0119, 24 sierpnia \u2013 \u015awi\u0119ty Bart\u0142omiej Aposto\u0142 (\u2020oko\u0142o 70), powo\u0142any przez Pana Jezusa do grona Dwunastu; jest uznawany za ewangelizatora Indii i Armenii;\u00a0 \u00a0 \u00a0 \u00a0 \u00a0 \u00a0 \u00a0 \u00a0 \u00a0 \u00a0 \u00a0 \u00a0 \u00a0 \u00a0 \u00a0 \u00a0 \u00a0 \u00a0 \u00a0 \u00a0 \u00a0 \u00a0 \u00a0 \u00a0 \u00a0 \u00a0 \u00a0 \u00a0 \u00a0 \u00a0 \u00a0 \u00a0 \u00a0 \u00a0 \u00a0 \u00a0 \u00a0 \u00a0 \u00a0 \u00a0 \u00a0 \u00a0 \u00a0 \u00a0 \u00a0 \u00a0 \u00a0 \u00a0 &#8211; w \u015brod\u0119, 27 sierpnia \u2013 \u015awi\u0119ta Monika, matka \u015awi\u0119tego Augustyna (354-430), kt\u00f3ra swoj\u0105 wytrwa\u0142\u0105 modlitw\u0105 wyprosi\u0142a jego nawr\u00f3cenie;\u00a0 \u00a0 \u00a0 \u00a0 \u00a0 \u00a0 \u00a0 \u00a0 \u00a0 \u00a0 \u00a0 \u00a0 \u00a0 \u00a0 \u00a0 \u00a0 \u00a0 \u00a0 \u00a0 \u00a0 \u00a0 \u00a0 \u00a0 \u00a0 \u00a0 \u00a0 \u00a0 \u00a0 \u00a0 \u00a0 \u00a0 \u00a0 \u00a0 \u00a0 \u00a0 \u00a0 \u00a0 \u00a0 \u00a0 \u00a0 \u00a0 \u00a0 \u00a0 \u00a0 \u00a0 \u00a0 \u00a0 \u00a0 \u00a0 \u00a0 \u00a0 \u00a0 \u00a0 \u00a0 \u00a0 \u00a0 \u00a0 \u00a0 \u00a0 \u00a0 \u00a0 \u00a0 \u00a0 \u00a0 \u00a0 \u00a0 \u00a0 \u00a0 \u00a0 \u00a0 \u00a0 \u00a0 \u00a0 \u00a0 \u00a0 \u00a0 \u00a0 \u00a0 \u00a0 \u00a0 &#8211; w czwartek, 28 sierpnia \u2013 \u015awi\u0119ty Augustyn (354-430), syn \u015awi\u0119tej Moniki, po nawr\u00f3ceniu zosta\u0142 biskupem i wybitnym teologiem; doktor Ko\u015bcio\u0142a.<\/p>\n<p>&nbsp;<\/p>\n","protected":false},"excerpt":{"rendered":"<p>OG\u0141OSZENIA DUSZPASTERSKIE Przed nami ostatni tydzie\u0144 sierpnia \u2013 miesi\u0105ca trze\u017awo\u015bci, a dla wielu ostatnie dni urlop\u00f3w i wakacji. Starajmy si\u0119 jak najlepiej wykorzystywa\u0107 ten czas na pog\u0142\u0119bienie naszych wzajemnych relacji rodzinnych czy przyjacielskich, na dobr\u0105 lektur\u0119 i buduj\u0105ce rozmowy. Zach\u0119cam przy tej okazji do lektury ksi\u0105\u017cek i prasy katolickiej. Dzisiejsza niedziela swoj\u0105 rang\u0105 przykrywa w &hellip; <\/p>\n<p><a class=\"more-link btn\" href=\"https:\/\/parafiasmardzewo.pl\/?p=10221\">Kontynuuj czytanie<\/a><\/p>\n","protected":false},"author":2,"featured_media":5378,"comment_status":"open","ping_status":"open","sticky":false,"template":"","format":"standard","meta":[],"categories":[2],"tags":[],"_links":{"self":[{"href":"https:\/\/parafiasmardzewo.pl\/index.php?rest_route=\/wp\/v2\/posts\/10221"}],"collection":[{"href":"https:\/\/parafiasmardzewo.pl\/index.php?rest_route=\/wp\/v2\/posts"}],"about":[{"href":"https:\/\/parafiasmardzewo.pl\/index.php?rest_route=\/wp\/v2\/types\/post"}],"author":[{"embeddable":true,"href":"https:\/\/parafiasmardzewo.pl\/index.php?rest_route=\/wp\/v2\/users\/2"}],"replies":[{"embeddable":true,"href":"https:\/\/parafiasmardzewo.pl\/index.php?rest_route=%2Fwp%2Fv2%2Fcomments&post=10221"}],"version-history":[{"count":3,"href":"https:\/\/parafiasmardzewo.pl\/index.php?rest_route=\/wp\/v2\/posts\/10221\/revisions"}],"predecessor-version":[{"id":10224,"href":"https:\/\/parafiasmardzewo.pl\/index.php?rest_route=\/wp\/v2\/posts\/10221\/revisions\/10224"}],"wp:featuredmedia":[{"embeddable":true,"href":"https:\/\/parafiasmardzewo.pl\/index.php?rest_route=\/wp\/v2\/media\/5378"}],"wp:attachment":[{"href":"https:\/\/parafiasmardzewo.pl\/index.php?rest_route=%2Fwp%2Fv2%2Fmedia&parent=10221"}],"wp:term":[{"taxonomy":"category","embeddable":true,"href":"https:\/\/parafiasmardzewo.pl\/index.php?rest_route=%2Fwp%2Fv2%2Fcategories&post=10221"},{"taxonomy":"post_tag","embeddable":true,"href":"https:\/\/parafiasmardzewo.pl\/index.php?rest_route=%2Fwp%2Fv2%2Ftags&post=10221"}],"curies":[{"name":"wp","href":"https:\/\/api.w.org\/{rel}","templated":true}]}}