{"id":10230,"date":"2025-08-30T19:50:58","date_gmt":"2025-08-30T17:50:58","guid":{"rendered":"https:\/\/parafiasmardzewo.pl\/?p=10230"},"modified":"2025-08-30T20:41:15","modified_gmt":"2025-08-30T18:41:15","slug":"dwudziesta-druga-niedziela-w-ciagu-roku-31-sierpnia-2025","status":"publish","type":"post","link":"https:\/\/parafiasmardzewo.pl\/?p=10230","title":{"rendered":"DWUDZIESTA DRUGA NIEDZIELA W CI\u0104GU ROKU &#8211; 31 sierpnia 2025"},"content":{"rendered":"<p><strong>OG\u0141OSZENIA DUSZPASTERSKIE<\/strong><\/p>\n<ol>\n<li>Wakacje, urlopy dobiegaj\u0105 ko\u0144ca. Na progu nowego roku szkolnego Ko\u015bci\u00f3\u0142 apeluje o\u00a0do\u0142o\u017cenie wszelkich stara\u0144, aby uczestnictwo dzieci i m\u0142odzie\u017cy w katechezie szkolnej by\u0142o od samego pocz\u0105tku pe\u0142ne \u015bwiadomego zaanga\u017cowania.<\/li>\n<li>Przy tej okazji przypominam rodzicom, \u017ce edukacja szkolna i katechetyczna powinna by\u0107 przedmiotem ich szczeg\u00f3lnej troski. Rodzina jest pierwszym miejscem, w kt\u00f3rym dzieci zdobywaj\u0105 wychowanie, tak\u017ce religijne. Szko\u0142a, katecheza i Ko\u015bci\u00f3\u0142 nigdy nie zast\u0105pi\u0105 rodzic\u00f3w.<\/li>\n<li>Dzisiaj dzieci z naszej parafii otrzymaj\u0105 ksi\u0105\u017ceczki zatytu\u0142owane: <strong>\u201eZAWSZE BY\u0106 BLISKO JEZUSA\u201d.<\/strong> W ka\u017cd\u0105 niedziel\u0119 dzieci b\u0119d\u0105 otrzymywa\u0142y karteczki, kt\u00f3re trzeba wklei\u0107 do ksi\u0105\u017ceczki. We wprowadzeniu do tej ksi\u0105\u017ceczki, kt\u00f3rej autorem jest ks. Dariusz Nawara, czytamy: <strong>\u201e\u015awi\u0119ty Carlo Acutis od swojej pierwszej Komunii \u015awi\u0119tej nazywa\u0142 Eucharysti\u0119 drog\u0105 do nieba. Dzisiaj zaprasza nas do wspania\u0142ej przygody, prowadz\u0105cej do lepszego poznawania tego bezcennego Bo\u017cego daru. Poka\u017ce nam naczynia, szaty i ksi\u0119gi liturgiczne (\u2026)\u201d.<\/strong> Bardzo prosz\u0119 rodzic\u00f3w, aby w\u0142\u0105czyli si\u0119 razem z dzie\u0107mi do wype\u0142niania zada\u0144 wskazanych w ksi\u0105\u017ceczce. Mo\u017ce to by\u0107 bardzo po\u017cyteczna katecheza dla ca\u0142ej rodziny.<\/li>\n<li>Dzisiaj, w Po\u015bwi\u0119tnem odbywaj\u0105 si\u0119 Do\u017cynki Wojew\u00f3dztwa Mazowieckiego i Diecezji P\u0142ockiej. G\u0142\u00f3wnym punktem tego dzi\u0119kczynienia, za tegoroczne plony, jest Msza \u015awi\u0119ta, sprawowana o godz. 11.00, pod przewodnictwem Biskupa P\u0142ockiego, Szymona Stu\u0142kowskiego. Przedstawiciele z naszej parafii z wie\u0144cem do\u017cynkowym s\u0105 obecni na tym \u015bwi\u0119cie dzi\u0119kczynienia. Wieniec przygotowali mieszka\u0144cy Koliszewa P\u00f3\u0142noc i Koliszewo Po\u0142udnie. Bardzo serdecznie dzi\u0119kuj\u0119 za ofiary z\u0142o\u017cone na wieniec. Panu Adamowi Sta\u0144czakowi dzi\u0119kuj\u0119 za pomoc w przewiezieniu wie\u0144ca z Ostrzeniewa do naszej parafii, a panu J\u00f3zefowi Popio\u0142kowskiemu za \u00a0dowiezienie wie\u0144ca na do\u017cynki.<\/li>\n<li>W czasie odpustu Narodzenia NMP, 8 wrze\u015bnia, b\u0119dziemy r\u00f3wnie\u017c dzi\u0119kowa\u0107 Bogu za tegoroczne plony i b\u0119dziemy b\u0142ogos\u0142awi\u0107 zbo\u017ce pod tegoroczne zasiewy.<\/li>\n<li>Jutro, 1 wrze\u015bnia, rozpoczyna si\u0119 nowy rok szkolny i katechetyczny. Msza \u015awi\u0119ta w intencji dzieci, m\u0142odzie\u017cy, rodzic\u00f3w i nauczycieli zostanie odprawiona w poniedzia\u0142ek o godz. 9.00. Serdecznie zapraszam na wsp\u00f3ln\u0105 modlitw\u0119 w naszej \u015bwi\u0105tyni.<\/li>\n<li>W poniedzia\u0142ek przypada 86. rocznica wybuchu II wojny \u015bwiatowej. Nasz\u0105 powinno\u015bci\u0105 jest pami\u0119ta\u0107 o poleg\u0142ych w obronie Ojczyzny w latach 1939-1945 na frontach i w obozach oraz o pomordowanych po zako\u0144czonej wojnie w wi\u0119zieniach politycznych. Pro\u015bmy Pana, aby ofiara ich \u017cycia nie by\u0142a daremna.<\/li>\n<li>W dniu 1 wrze\u015bnia z inicjatywy papie\u017ca Franciszka od 2015 roku w Ko\u015bciele obchodzimy \u015awiatowy Dzie\u0144 Modlitw o Ochron\u0119 Stworzenia. Jest to odpowied\u017a na trwaj\u0105cy w \u015bwiecie kryzys ekologiczny, g\u0142o\u015bne wo\u0142anie o ochron\u0119 d\u00f3br naturalnych na naszej planecie i m\u0105dre, racjonalne ich wykorzystywanie.<\/li>\n<li>W tym tygodniu przypada Pierwszy Czwartek, Pierwszy Pi\u0105tek i Pierwsza Sobota miesi\u0105ca. W Pierwszy Czwartek (4 wrze\u015bnia) b\u0119dziemy dzi\u0119kowali Panu Bogu za dar Eucharystii, b\u0119dziemy si\u0119 te\u017c modlili o liczne i\u00a0\u015bwi\u0119te powo\u0142ania kap\u0142a\u0144skie i\u00a0zakonne. W Pierwszy Pi\u0105tek (5 wrze\u015bnia) b\u0119dzie szczeg\u00f3lna okazja do oddania czci Naj\u015bwi\u0119tszemu Sercu Pana Jezusa oraz do pojednania si\u0119 z Bogiem i\u00a0bra\u0107mi.<\/li>\n<li>W pierwszy pi\u0105tek miesi\u0105ca spowied\u017a od godz. 16.00 \u2013 17.00. Msza \u015awi\u0119ta wynagradzaj\u0105ca Naj\u015bwi\u0119tszemu Sercu Jezusowemu o godz. 17.00. Adoracja Naj\u015bwi\u0119tszego Sakramentu z nabo\u017ce\u0144stwem pierwszopi\u0105tkowym po Eucharystii o godz. 17.00.<\/li>\n<li>W Pierwsz\u0105 Sobot\u0119 (6 sierpnia) oddajemy cze\u015b\u0107 Niepokalanemu Sercu Maryi Panny oraz czcimy J\u0105 jako Kr\u00f3low\u0105 Polski. Msza \u015awi\u0119ta o Niepokalanym Sercu NMP o godz. 9.00.<\/li>\n<li>Dnia 13 wrze\u015bnia (sobota) w Rostkowie, miejscu urodzin \u015bw. Stanis\u0142awa Kostki, odb\u0119dzie spotkanie dzieci i m\u0142odzie\u017cy, g\u0142\u00f3wnie z naszej p\u0142ockiej diecezji. Zach\u0119cam do udzia\u0142u w tym spotkaniu dzieci i m\u0142odzie\u017cy z rodzicami. Jednym z punkt\u00f3w spotkania b\u0119dzie wyst\u0119p muzyczny zespo\u0142u MA\u0141EJ ARMII JANOSIKA. <strong>MA\u0141A ARMIA JANOSIKATO: <\/strong>Najwi\u0119ksza g\u00f3ralska kapela w\u00a0Polsce, skupiaj\u0105ca dzieci, m\u0142odzie\u017c i\u00a0doros\u0142ych z\u00a0po\u0142udniowej cz\u0119\u015bci kraju. Inspiruj\u0105c si\u0119 kultur\u0105 g\u00f3ralsk\u0105, zesp\u00f3\u0142 \u0142\u0105czy r\u00f3\u017cnorodne wp\u0142ywy, co\u00a0pobudza artyst\u00f3w do\u00a0tw\u00f3rczo\u015bci i\u00a0poszerzania horyzont\u00f3w muzycznych. Projekt ten powsta\u0142 z\u00a0inicjatywy Damiana Pa\u0142asza, skrzypka, muzyka i\u00a0wizjonera, kt\u00f3ry\u00a0w\u00a0marcu 2015 roku postanowi\u0142 stworzy\u0107 zesp\u00f3\u0142, jakiego wcze\u015bniej \u015bwiat nie\u00a0widzia\u0142 \u2013 obecnie liczy on\u00a0265 artyst\u00f3w. Siedziba Ma\u0142ej Armii Janosika znajduje si\u0119 w\u00a0Rabie Wy\u017cnej, na\u00a0Podhalu, gdzie regularnie odbywaj\u0105 si\u0119 pr\u00f3by, przygotowania do\u00a0wyst\u0119p\u00f3w artystycznych i\u00a0tras koncertowych.<\/li>\n<li>Zach\u0119cam do nabycia prasy katolickiej.<\/li>\n<li>W ostatnim czasie do wieczno\u015bci odszed\u0142 \u015bw. p. J\u00f3zef Robakiewicz, kt\u00f3ry prze\u017cy\u0142 82 lata. Od uczestnik\u00f3w pogrzebu b\u0119dzie odprawionych 15 Mszy \u015awi\u0119tych.<\/li>\n<\/ol>\n","protected":false},"excerpt":{"rendered":"<p>OG\u0141OSZENIA DUSZPASTERSKIE Wakacje, urlopy dobiegaj\u0105 ko\u0144ca. Na progu nowego roku szkolnego Ko\u015bci\u00f3\u0142 apeluje o\u00a0do\u0142o\u017cenie wszelkich stara\u0144, aby uczestnictwo dzieci i m\u0142odzie\u017cy w katechezie szkolnej by\u0142o od samego pocz\u0105tku pe\u0142ne \u015bwiadomego zaanga\u017cowania. Przy tej okazji przypominam rodzicom, \u017ce edukacja szkolna i katechetyczna powinna by\u0107 przedmiotem ich szczeg\u00f3lnej troski. Rodzina jest pierwszym miejscem, w kt\u00f3rym dzieci zdobywaj\u0105 &hellip; <\/p>\n<p><a class=\"more-link btn\" href=\"https:\/\/parafiasmardzewo.pl\/?p=10230\">Kontynuuj czytanie<\/a><\/p>\n","protected":false},"author":2,"featured_media":5378,"comment_status":"open","ping_status":"open","sticky":false,"template":"","format":"standard","meta":[],"categories":[2],"tags":[],"_links":{"self":[{"href":"https:\/\/parafiasmardzewo.pl\/index.php?rest_route=\/wp\/v2\/posts\/10230"}],"collection":[{"href":"https:\/\/parafiasmardzewo.pl\/index.php?rest_route=\/wp\/v2\/posts"}],"about":[{"href":"https:\/\/parafiasmardzewo.pl\/index.php?rest_route=\/wp\/v2\/types\/post"}],"author":[{"embeddable":true,"href":"https:\/\/parafiasmardzewo.pl\/index.php?rest_route=\/wp\/v2\/users\/2"}],"replies":[{"embeddable":true,"href":"https:\/\/parafiasmardzewo.pl\/index.php?rest_route=%2Fwp%2Fv2%2Fcomments&post=10230"}],"version-history":[{"count":3,"href":"https:\/\/parafiasmardzewo.pl\/index.php?rest_route=\/wp\/v2\/posts\/10230\/revisions"}],"predecessor-version":[{"id":10233,"href":"https:\/\/parafiasmardzewo.pl\/index.php?rest_route=\/wp\/v2\/posts\/10230\/revisions\/10233"}],"wp:featuredmedia":[{"embeddable":true,"href":"https:\/\/parafiasmardzewo.pl\/index.php?rest_route=\/wp\/v2\/media\/5378"}],"wp:attachment":[{"href":"https:\/\/parafiasmardzewo.pl\/index.php?rest_route=%2Fwp%2Fv2%2Fmedia&parent=10230"}],"wp:term":[{"taxonomy":"category","embeddable":true,"href":"https:\/\/parafiasmardzewo.pl\/index.php?rest_route=%2Fwp%2Fv2%2Fcategories&post=10230"},{"taxonomy":"post_tag","embeddable":true,"href":"https:\/\/parafiasmardzewo.pl\/index.php?rest_route=%2Fwp%2Fv2%2Ftags&post=10230"}],"curies":[{"name":"wp","href":"https:\/\/api.w.org\/{rel}","templated":true}]}}