{"id":10236,"date":"2025-08-30T22:04:21","date_gmt":"2025-08-30T20:04:21","guid":{"rendered":"https:\/\/parafiasmardzewo.pl\/?p=10236"},"modified":"2025-08-30T22:56:24","modified_gmt":"2025-08-30T20:56:24","slug":"apel-komisji-wychowania-katolickiego-kep-w-zwiazku-z-wprowadzeniem-do-szkol-do-szkol-edukacja-zdrowotna","status":"publish","type":"post","link":"https:\/\/parafiasmardzewo.pl\/?p=10236","title":{"rendered":"Apel Komisji Wychowania Katolickiego KEP w zwi\u0105zku z wprowadzeniem do szk\u00f3\u0142 edukacja zdrowotna"},"content":{"rendered":"<p><strong>\u00a0 \u00a0 \u00a0 \u00a0 \u00a0 \u00a0 \u00a0 \u00a0 \u00a0 \u00a0 \u00a0 \u00a0 \u00a0 <\/strong><strong>Drodzy Rodzice,\u00a0\u00a0\u00a0\u00a0\u00a0\u00a0\u00a0\u00a0\u00a0\u00a0\u00a0\u00a0\u00a0\u00a0\u00a0\u00a0\u00a0\u00a0\u00a0\u00a0\u00a0\u00a0\u00a0\u00a0\u00a0\u00a0\u00a0\u00a0\u00a0\u00a0\u00a0\u00a0\u00a0\u00a0\u00a0\u00a0\u00a0\u00a0\u00a0\u00a0\u00a0\u00a0\u00a0\u00a0\u00a0\u00a0\u00a0\u00a0\u00a0\u00a0\u00a0\u00a0\u00a0\u00a0\u00a0\u00a0\u00a0\u00a0\u00a0\u00a0\u00a0\u00a0\u00a0\u00a0\u00a0\u00a0\u00a0\u00a0\u00a0\u00a0\u00a0\u00a0\u00a0\u00a0\u00a0\u00a0\u00a0\u00a0\u00a0\u00a0\u00a0\u00a0\u00a0\u00a0\u00a0\u00a0\u00a0\u00a0\u00a0\u00a0\u00a0\u00a0\u00a0\u00a0\u00a0\u00a0\u00a0\u00a0\u00a0\u00a0\u00a0\u00a0\u00a0\u00a0\u00a0\u00a0\u00a0\u00a0\u00a0\u00a0\u00a0\u00a0\u00a0\u00a0\u00a0\u00a0\u00a0\u00a0\u00a0\u00a0\u00a0\u00a0\u00a0\u00a0\u00a0\u00a0\u00a0\u00a0\u00a0\u00a0\u00a0\u00a0\u00a0\u00a0\u00a0\u00a0\u00a0\u00a0 <\/strong><\/p>\n<p><strong>\u00a0\u00a0 <\/strong>W roku szkolnym 2025\/2026 Waszym dzieciom \u2013 pocz\u0105wszy od klasy IV szko\u0142y podstawowej, a\u017c po klas\u0119 III szko\u0142y ponadpodstawowej \u2013 zostanie zaproponowany udzia\u0142 w zaj\u0119ciach edukacji zdrowotnej. Zaj\u0119cia te nie s\u0105 obowi\u0105zkowe, je\u017celi jednak nie zadeklarujecie Pa\u0144stwo braku zgody do nieprzekraczalnej daty 25 wrze\u015bnia br., dziecko zostanie automatycznie zapisane do udzia\u0142u w tych lekcjach i b\u0119dzie mia\u0142o obowi\u0105zek w nich uczestniczy\u0107. Dobrze wiecie, \u017ce jako rodzice jeste\u015bcie odpowiedzialni za wychowanie w\u0142asnych dzieci. Macie prawo wychowywa\u0107 je zgodnie z w\u0142asnymi przekonaniami. Je\u015bli widzicie, \u017ce w szkole s\u0105 przekazywane jakie\u015b warto\u015bci i zasady \u017cycia, z kt\u00f3rymi si\u0119 nie zgadzacie, mo\u017cecie wyrazi\u0107 sw\u00f3j sprzeciw. W programie zaj\u0119\u0107 z edukacji zdrowotnej s\u0105 tre\u015bci warto\u015bciowe, takie jak troska o zdrowie fizyczne, higien\u0119 psychiczn\u0105 czy rozpoznawanie zagro\u017ce\u0144. Jednak s\u0105 te\u017c tre\u015bci, kt\u00f3re nie s\u0105 zgodne z wiar\u0105 katolick\u0105 i nara\u017caj\u0105 dzieci i m\u0142odzie\u017c na ryzyko powa\u017cnych niebezpiecze\u0144stw, mog\u0105cych wp\u0142ywa\u0107 na ca\u0142e ich \u017cycie, a tak\u017ce \u017cycie rodziny. Program przedmiotu \u2013 w naszej ocenie \u2013 stanowi zagro\u017cenie dla katolickiej wizji rodziny, ma\u0142\u017ce\u0144stwa oraz dojrza\u0142o\u015bci ludzkiej dzieci i m\u0142odzie\u017cy. Problematyka ma\u0142\u017ce\u0144stwa i rodziny, rozumianych jako wsp\u00f3lnota ojca, matki i dzieci, zosta\u0142a potraktowana w nim w spos\u00f3b marginalny. Tymczasem Konstytucja Rzeczypospolitej Polskiej wyra\u017anie podkre\u015bla, \u017ce ma\u0142\u017ce\u0144stwo, rodzina, macierzy\u0144stwo i ojcostwo znajduj\u0105 si\u0119 pod szczeg\u00f3ln\u0105 ochron\u0105 pa\u0144stwa. W programie znalaz\u0142y si\u0119 tre\u015bci dotycz\u0105ce to\u017csamo\u015bci p\u0142ciowej oraz kwestii prawnych i spo\u0142ecznych zwi\u0105zanych ze \u015brodowiskiem LGBTQ+. Wszystkie osoby zas\u0142uguj\u0105 na szacunek, ale ich wizja seksualno\u015bci nie jest zgodna z nauk\u0105 Ko\u015bcio\u0142a. Proponowane tre\u015bci mog\u0105 prowadzi\u0107 do zniekszta\u0142cenia obrazu kobieco\u015bci i m\u0119sko\u015bci, a nawet powodowa\u0107, \u017ce dziewcz\u0119ta b\u0119d\u0105 identyfikowa\u0142y si\u0119 jako ch\u0142opcy, a ch\u0142opcy \u2013 jako dziewcz\u0119ta, w ich najbardziej wra\u017cliwym okresie \u017cycia, w kt\u00f3rym m\u0142ody cz\u0142owiek poszukuje w\u0142asnej to\u017csamo\u015bci i potrzebuje szczeg\u00f3lnego wsparcia, opieki i towarzyszenia mu przez najbli\u017cszych. Niezwykle za\u015b \u0142atwo jest wtedy skrzywdzi\u0107 m\u0142odych ludzi i doprowadzi\u0107 w konsekwencji do wielu zaburze\u0144. Zaj\u0119cia poruszaj\u0105ce tak istotne i wra\u017cliwe kwestie powinny powsta\u0107 w oparciu o szerok\u0105 debat\u0119 spo\u0142eczn\u0105. W Polsce du\u017c\u0105 cz\u0119\u015b\u0107 obywateli stanowi\u0105 przecie\u017c ludzie, kt\u00f3rzy przyjmuj\u0105 chrze\u015bcija\u0144sk\u0105 wizj\u0119 ma\u0142\u017ce\u0144stwa i rodziny. Dlatego zwracamy si\u0119 do Was, Drodzy Rodzice wyznaj\u0105cy katolick\u0105 wiar\u0119, aby\u015bcie g\u0142\u0119boko rozwa\u017cyli proponowane zaj\u0119cia z edukacji zdrowotnej i nie wyra\u017cali zgody na udzia\u0142 swoich dzieci w tych zaj\u0119ciach. Wz\u00f3r pisma do rezygnacji mo\u017cna znale\u017a\u0107 na stronie: takdlaedukacji.pl<strong>\u00a0 \u00a0 \u00a0 \u00a0 \u00a0 \u00a0 \u00a0 \u00a0 \u00a0 \u00a0 \u00a0 \u00a0 \u00a0 \u00a0 \u00a0 \u00a0 \u00a0 \u00a0 \u00a0 \u00a0 \u00a0 \u00a0 \u00a0 \u00a0 \u00a0 \u00a0 \u00a0 \u00a0 \u00a0 \u00a0 \u00a0 \u00a0 \u00a0 \u00a0 \u00a0 \u00a0 \u00a0 \u00a0 \u00a0 \u00a0 \u00a0 \u00a0 \u00a0 \u00a0 \u00a0 \u00a0 \u00a0 \u00a0 \u00a0 \u00a0 \u00a0 \u00a0 \u00a0 \u00a0 \u00a0 \u00a0 \u00a0 \u00a0 \u00a0 \u00a0 \u00a0 \u00a0 \u00a0 \u00a0 \u00a0 \u00a0 \u00a0 \u00a0 \u00a0 \u00a0 \u00a0 \u00a0 \u00a0 \u00a0 \u00a0 \u00a0 \u00a0 \u00a0 \u00a0 \u00a0 \u00a0 \u00a0 \u00a0 \u00a0 \u00a0 \u00a0 \u00a0 \u00a0 \u00a0 \u00a0 \u00a0 \u00a0 \u00a0 \u00a0 \u00a0 \u00a0 \u00a0 \u00a0 \u00a0 \u00a0 \u00a0 \u00a0 Warszawa, 27 sierpnia 2025 r. Biskup <em>Wojciech Osial<\/em><br \/>\n<em>Przewodnicz\u0105cy Komisji Wychowania Katolickiego KEP<\/em> <\/strong><strong>sobota, 30 sierpnia 2025<\/strong><\/p>\n","protected":false},"excerpt":{"rendered":"<p>\u00a0 \u00a0 \u00a0 \u00a0 \u00a0 \u00a0 \u00a0 \u00a0 \u00a0 \u00a0 \u00a0 \u00a0 \u00a0 Drodzy Rodzice,\u00a0\u00a0\u00a0\u00a0\u00a0\u00a0\u00a0\u00a0\u00a0\u00a0\u00a0\u00a0\u00a0\u00a0\u00a0\u00a0\u00a0\u00a0\u00a0\u00a0\u00a0\u00a0\u00a0\u00a0\u00a0\u00a0\u00a0\u00a0\u00a0\u00a0\u00a0\u00a0\u00a0\u00a0\u00a0\u00a0\u00a0\u00a0\u00a0\u00a0\u00a0\u00a0\u00a0\u00a0\u00a0\u00a0\u00a0\u00a0\u00a0\u00a0\u00a0\u00a0\u00a0\u00a0\u00a0\u00a0\u00a0\u00a0\u00a0\u00a0\u00a0\u00a0\u00a0\u00a0\u00a0\u00a0\u00a0\u00a0\u00a0\u00a0\u00a0\u00a0\u00a0\u00a0\u00a0\u00a0\u00a0\u00a0\u00a0\u00a0\u00a0\u00a0\u00a0\u00a0\u00a0\u00a0\u00a0\u00a0\u00a0\u00a0\u00a0\u00a0\u00a0\u00a0\u00a0\u00a0\u00a0\u00a0\u00a0\u00a0\u00a0\u00a0\u00a0\u00a0\u00a0\u00a0\u00a0\u00a0\u00a0\u00a0\u00a0\u00a0\u00a0\u00a0\u00a0\u00a0\u00a0\u00a0\u00a0\u00a0\u00a0\u00a0\u00a0\u00a0\u00a0\u00a0\u00a0\u00a0\u00a0\u00a0\u00a0\u00a0\u00a0\u00a0\u00a0\u00a0\u00a0\u00a0 \u00a0\u00a0 W roku szkolnym 2025\/2026 Waszym dzieciom \u2013 pocz\u0105wszy od klasy IV szko\u0142y podstawowej, a\u017c po klas\u0119 III szko\u0142y ponadpodstawowej \u2013 zostanie zaproponowany udzia\u0142 w zaj\u0119ciach edukacji zdrowotnej. Zaj\u0119cia te nie s\u0105 obowi\u0105zkowe, je\u017celi jednak nie zadeklarujecie Pa\u0144stwo braku zgody &hellip; <\/p>\n<p><a class=\"more-link btn\" href=\"https:\/\/parafiasmardzewo.pl\/?p=10236\">Kontynuuj czytanie<\/a><\/p>\n","protected":false},"author":2,"featured_media":0,"comment_status":"open","ping_status":"open","sticky":false,"template":"","format":"standard","meta":[],"categories":[6],"tags":[],"_links":{"self":[{"href":"https:\/\/parafiasmardzewo.pl\/index.php?rest_route=\/wp\/v2\/posts\/10236"}],"collection":[{"href":"https:\/\/parafiasmardzewo.pl\/index.php?rest_route=\/wp\/v2\/posts"}],"about":[{"href":"https:\/\/parafiasmardzewo.pl\/index.php?rest_route=\/wp\/v2\/types\/post"}],"author":[{"embeddable":true,"href":"https:\/\/parafiasmardzewo.pl\/index.php?rest_route=\/wp\/v2\/users\/2"}],"replies":[{"embeddable":true,"href":"https:\/\/parafiasmardzewo.pl\/index.php?rest_route=%2Fwp%2Fv2%2Fcomments&post=10236"}],"version-history":[{"count":4,"href":"https:\/\/parafiasmardzewo.pl\/index.php?rest_route=\/wp\/v2\/posts\/10236\/revisions"}],"predecessor-version":[{"id":10243,"href":"https:\/\/parafiasmardzewo.pl\/index.php?rest_route=\/wp\/v2\/posts\/10236\/revisions\/10243"}],"wp:attachment":[{"href":"https:\/\/parafiasmardzewo.pl\/index.php?rest_route=%2Fwp%2Fv2%2Fmedia&parent=10236"}],"wp:term":[{"taxonomy":"category","embeddable":true,"href":"https:\/\/parafiasmardzewo.pl\/index.php?rest_route=%2Fwp%2Fv2%2Fcategories&post=10236"},{"taxonomy":"post_tag","embeddable":true,"href":"https:\/\/parafiasmardzewo.pl\/index.php?rest_route=%2Fwp%2Fv2%2Ftags&post=10236"}],"curies":[{"name":"wp","href":"https:\/\/api.w.org\/{rel}","templated":true}]}}