{"id":10244,"date":"2025-09-06T20:49:15","date_gmt":"2025-09-06T18:49:15","guid":{"rendered":"https:\/\/parafiasmardzewo.pl\/?p=10244"},"modified":"2025-09-06T21:20:48","modified_gmt":"2025-09-06T19:20:48","slug":"dwudziesta-trzecia-niedziela-w-ciagu-roku-7-wrzesnia-2025","status":"publish","type":"post","link":"https:\/\/parafiasmardzewo.pl\/?p=10244","title":{"rendered":"DWUDZIESTA TRZECIA NIEDZIELA W CI\u0104GU ROKU &#8211; 7 wrze\u015bnia 2025"},"content":{"rendered":"<p><strong>OG\u0141OSZENIA DUSZPASTERSKIE<\/strong><\/p>\n<ol>\n<li>Dzisiaj prze\u017cywamy pierwsz\u0105 niedziel\u0119 wrze\u015bnia. Po Eucharystii o godz. 10.45 b\u0119dzie adoracja i procesja eucharystyczna wok\u00f3\u0142 \u015bwi\u0105tyni.<\/li>\n<li>Wrzesie\u0144, podobnie jak sierpie\u0144, przemierzamy z Maryj\u0105. W najbli\u017cszy poniedzia\u0142ek, 8\u00a0wrze\u015bnia, przypada jedno z najstarszych \u015bwi\u0105t maryjnych: Narodzenie Naj\u015bwi\u0119tszej Maryi Panny. W naszej polskiej tradycji znane jest jako \u015bwi\u0119to Matki Bo\u017cej Siewnej. Polecaj\u0105c Bo\u017cej Opatrzno\u015bci, za przyczyn\u0105 i wstawiennictwem Matki Bo\u017cej, przysz\u0142oroczne plony, pami\u0119tajmy, \u017ce i my jeste\u015bmy \u201euprawn\u0105 rol\u0105\u201d, na kt\u00f3r\u0105 pada ziarno s\u0142owa Bo\u017cego. Jaki ono wydaje w moim \u017cyciu owoc \u2013 oto pytanie, jakie w kontek\u015bcie tego \u015bwi\u0119ta warto sobie samemu postawi\u0107.<\/li>\n<li>Parafia nasza prze\u017cywa\u0107 b\u0119dzie jutro kolejny odpust \u2013 \u015bwi\u0119to Narodzenia NMP. Porz\u0105dek Mszy \u015bwi\u0119tych: 9.00 \u2013 12.00 \u2013 17.00. Na sumie o godz. 12.00 b\u0119dziemy dzi\u0119kowa\u0107 Panu Bogu za tegoroczne plony i b\u0119dziemy b\u0142ogos\u0142awi\u0107 zbo\u017ce pod tegoroczne zasiewy. Na sum\u0119 zapraszam asyst\u0119 procesyjn\u0105. Wieniec do\u017cynkowy przygotowali mieszka\u0144cy Koliszewa P\u00f3\u0142noc i Koliszewo Po\u0142udnie. Dzisiaj o godz. 20.30 zapraszam na modlitw\u0119 r\u00f3\u017ca\u0144cow\u0105 w intencji rolnik\u00f3w, sadownik\u00f3w i ogrodnik\u00f3w.<\/li>\n<li>Natomiast w pi\u0105tek, 12 wrze\u015bnia, w liturgii wspominamy Naj\u015bwi\u0119tsze Imi\u0119 Maryi.<\/li>\n<li>W sobot\u0119, 13 wrze\u015bnia, zapraszam na godz. 18.00 na kolejne Nabo\u017ce\u0144stwo fatimskie.<\/li>\n<li>W przysz\u0142\u0105 niedziel\u0119, 14 wrze\u015bnia, przypada \u015bwi\u0119to Podwy\u017cszenia Krzy\u017ca \u015awi\u0119tego. Rozpocznie si\u0119 te\u017c Tydzie\u0144 Wychowania oraz Kwartalne dni modlitw za dzieci, m\u0142odzie\u017c i\u00a0wychowawc\u00f3w.<\/li>\n<li>Dzisiaj dzieci z naszej parafii otrzymaj\u0105 ksi\u0105\u017ceczki zatytu\u0142owane: <strong>\u201eZAWSZE BY\u0106 BLISKO JEZUSA\u201d.<\/strong> W ka\u017cd\u0105 niedziel\u0119 dzieci b\u0119d\u0105 otrzymywa\u0142y karteczki, kt\u00f3re trzeba wklei\u0107 do ksi\u0105\u017ceczki. We wprowadzeniu do tej ksi\u0105\u017ceczki, kt\u00f3rej autorem jest ks. Dariusz Nawara, czytamy: <strong>\u201e\u015awi\u0119ty Carlo Acutis od swojej pierwszej Komunii \u015awi\u0119tej nazywa\u0142 Eucharysti\u0119 drog\u0105 do nieba. Dzisiaj zaprasza nas do wspania\u0142ej przygody, prowadz\u0105cej do lepszego poznawania tego bezcennego Bo\u017cego daru. Poka\u017ce nam naczynia, szaty i ksi\u0119gi liturgiczne (\u2026)\u201d.<\/strong> Bardzo prosz\u0119 rodzic\u00f3w, aby w\u0142\u0105czyli si\u0119 razem z dzie\u0107mi do wype\u0142niania zada\u0144 wskazanych w ksi\u0105\u017ceczce. Mo\u017ce to by\u0107 bardzo po\u017cyteczna katecheza dla ca\u0142ej rodziny.<\/li>\n<li>Uczniowie kl. VIII i kl. I ponadpodstawowej niech zg\u0142osz\u0105 si\u0119 po indeksy, kt\u00f3re b\u0119d\u0105 pomoc\u0105 w przygotowaniu do sakramentu bierzmowania. W roku 2026 w dekanacie P\u0142o\u0144sk P\u00f3\u0142noc, do kt\u00f3rego nale\u017cy nasza parafia, b\u0119dzie wizytacja Biskupia.<\/li>\n<li>Parafie Sochocin i Dziektarzewo prze\u017cywa\u0107 b\u0119d\u0105 w nast\u0119pn\u0105 niedziel\u0119 odpust Podwy\u017cszenia Krzy\u017ca \u015awi\u0119tego. Suma odpustowa w Sochocinie o godz. 12.00.<\/li>\n<li>Pa\u0144stwo M\u0119czy\u0144scy z Sarbiewa ofiarowali kwiaty do ustrojenia o\u0142tarzy. Bardzo serdecznie dzi\u0119kuj\u0119.\u00a0 Pani Bo\u017cena Chojnacka\u00a0 \u00a0ustroi\u0142a o\u0142tarze kwiatami, pomaga\u0142 Pan Tomasz Geller.\u00a0 Pa\u0144stwo Danuta i Henryk Kr\u00f3l piel\u0119gnuj\u0105 krzewy i kwiaty na terenie przy ko\u015bciele i plebanii. Pa\u0144stwo Gierkowscy troszcz\u0105 si\u0119 o kwiaty w donicach przed ko\u015bcio\u0142em.\u00a0 Bardzo serdecznie dzi\u0119kuj\u0119 wszystkim, kt\u00f3rzy pomagaj\u0105 przy porz\u0105dkowaniu terenu wok\u00f3\u0142 ko\u015bcio\u0142a i troszcz\u0105 si\u0119 o porz\u0105dek w \u015bwi\u0105tyni. Nale\u017cy oczywi\u015bcie wymieni\u0107 pana ko\u015bcielnego Wincentego.<\/li>\n<li>Zach\u0119cam do nabycia prasy katolickiej.<\/li>\n<\/ol>\n<p>&nbsp;<\/p>\n","protected":false},"excerpt":{"rendered":"<p>OG\u0141OSZENIA DUSZPASTERSKIE Dzisiaj prze\u017cywamy pierwsz\u0105 niedziel\u0119 wrze\u015bnia. Po Eucharystii o godz. 10.45 b\u0119dzie adoracja i procesja eucharystyczna wok\u00f3\u0142 \u015bwi\u0105tyni. Wrzesie\u0144, podobnie jak sierpie\u0144, przemierzamy z Maryj\u0105. W najbli\u017cszy poniedzia\u0142ek, 8\u00a0wrze\u015bnia, przypada jedno z najstarszych \u015bwi\u0105t maryjnych: Narodzenie Naj\u015bwi\u0119tszej Maryi Panny. W naszej polskiej tradycji znane jest jako \u015bwi\u0119to Matki Bo\u017cej Siewnej. Polecaj\u0105c Bo\u017cej Opatrzno\u015bci, za &hellip; <\/p>\n<p><a class=\"more-link btn\" href=\"https:\/\/parafiasmardzewo.pl\/?p=10244\">Kontynuuj czytanie<\/a><\/p>\n","protected":false},"author":2,"featured_media":5378,"comment_status":"open","ping_status":"open","sticky":false,"template":"","format":"standard","meta":[],"categories":[2],"tags":[],"_links":{"self":[{"href":"https:\/\/parafiasmardzewo.pl\/index.php?rest_route=\/wp\/v2\/posts\/10244"}],"collection":[{"href":"https:\/\/parafiasmardzewo.pl\/index.php?rest_route=\/wp\/v2\/posts"}],"about":[{"href":"https:\/\/parafiasmardzewo.pl\/index.php?rest_route=\/wp\/v2\/types\/post"}],"author":[{"embeddable":true,"href":"https:\/\/parafiasmardzewo.pl\/index.php?rest_route=\/wp\/v2\/users\/2"}],"replies":[{"embeddable":true,"href":"https:\/\/parafiasmardzewo.pl\/index.php?rest_route=%2Fwp%2Fv2%2Fcomments&post=10244"}],"version-history":[{"count":3,"href":"https:\/\/parafiasmardzewo.pl\/index.php?rest_route=\/wp\/v2\/posts\/10244\/revisions"}],"predecessor-version":[{"id":10247,"href":"https:\/\/parafiasmardzewo.pl\/index.php?rest_route=\/wp\/v2\/posts\/10244\/revisions\/10247"}],"wp:featuredmedia":[{"embeddable":true,"href":"https:\/\/parafiasmardzewo.pl\/index.php?rest_route=\/wp\/v2\/media\/5378"}],"wp:attachment":[{"href":"https:\/\/parafiasmardzewo.pl\/index.php?rest_route=%2Fwp%2Fv2%2Fmedia&parent=10244"}],"wp:term":[{"taxonomy":"category","embeddable":true,"href":"https:\/\/parafiasmardzewo.pl\/index.php?rest_route=%2Fwp%2Fv2%2Fcategories&post=10244"},{"taxonomy":"post_tag","embeddable":true,"href":"https:\/\/parafiasmardzewo.pl\/index.php?rest_route=%2Fwp%2Fv2%2Ftags&post=10244"}],"curies":[{"name":"wp","href":"https:\/\/api.w.org\/{rel}","templated":true}]}}