{"id":10248,"date":"2025-09-06T22:02:14","date_gmt":"2025-09-06T20:02:14","guid":{"rendered":"https:\/\/parafiasmardzewo.pl\/?p=10248"},"modified":"2025-09-06T22:02:14","modified_gmt":"2025-09-06T20:02:14","slug":"msze-swiete-od-8-14-wrzesnia-2025","status":"publish","type":"post","link":"https:\/\/parafiasmardzewo.pl\/?p=10248","title":{"rendered":"Msze \u015awi\u0119te od 8 &#8211; 14 wrze\u015bnia 2025"},"content":{"rendered":"<p><strong>Poniedzia\u0142ek<\/strong><\/p>\n<p><strong>godz. 9.00 + <\/strong>Krystyna i Stanis\u0142aw Bandych, W\u0142odzimierz i Stanis\u0142awa (k) Osma\u0144scy<\/p>\n<p><strong>godz. 11.30 R\u00d3\u017bANIEC<\/strong><\/p>\n<p><strong>godz. 12.00<\/strong> W intencji parafian i go\u015bci<\/p>\n<p><strong>godz. 17.00<\/strong> + \u00a0Tadeusz Za\u0142\u0119cki \u2013 gregorianka; 2) + Krystyna Kleszcz, Alicja i Jan Olerejczyk oraz za zmar\u0142ych pionier\u00f3w dzia\u0142ek rekreacyjnych w Podsmardzewie; 3) + Bogdan Geller \u2013 int. p.<\/p>\n<p><strong>Wtorek<\/strong><\/p>\n<p><strong>godz. 17.00 + <\/strong>Stanis\u0142aw Wychucki \u2013 rocznica \u015bmierci (2), Stanis\u0142aw Pleba\u0144ski i r-c\u00f3w Kami\u0144skich<\/p>\n<p><strong>godz. 18.00 +<\/strong> gregorianka<\/p>\n<p><strong>\u015aroda<\/strong><\/p>\n<p><strong>godz. 17.00<\/strong> + gregorianka<\/p>\n<p><strong>Czwartek\u00a0\u00a0\u00a0\u00a0\u00a0\u00a0\u00a0\u00a0\u00a0\u00a0\u00a0\u00a0\u00a0\u00a0\u00a0\u00a0\u00a0\u00a0\u00a0\u00a0\u00a0\u00a0\u00a0\u00a0\u00a0\u00a0\u00a0\u00a0\u00a0\u00a0\u00a0\u00a0\u00a0\u00a0\u00a0\u00a0\u00a0\u00a0\u00a0\u00a0\u00a0\u00a0\u00a0\u00a0\u00a0\u00a0\u00a0\u00a0\u00a0\u00a0\u00a0\u00a0\u00a0\u00a0\u00a0\u00a0\u00a0\u00a0\u00a0\u00a0\u00a0\u00a0\u00a0\u00a0\u00a0\u00a0\u00a0\u00a0\u00a0\u00a0\u00a0\u00a0\u00a0\u00a0\u00a0\u00a0\u00a0\u00a0\u00a0\u00a0\u00a0\u00a0\u00a0\u00a0\u00a0\u00a0\u00a0\u00a0\u00a0\u00a0\u00a0\u00a0\u00a0\u00a0\u00a0\u00a0\u00a0\u00a0\u00a0\u00a0\u00a0\u00a0\u00a0\u00a0\u00a0\u00a0\u00a0\u00a0\u00a0\u00a0\u00a0\u00a0\u00a0\u00a0\u00a0\u00a0\u00a0\u00a0\u00a0\u00a0\u00a0\u00a0\u00a0\u00a0\u00a0\u00a0\u00a0\u00a0\u00a0\u00a0\u00a0\u00a0\u00a0\u00a0\u00a0\u00a0\u00a0\u00a0\u00a0\u00a0\u00a0\u00a0\u00a0\u00a0\u00a0\u00a0\u00a0\u00a0\u00a0\u00a0\u00a0\u00a0\u00a0\u00a0\u00a0\u00a0\u00a0\u00a0\u00a0 <\/strong><\/p>\n<p><strong>godz. 17.00 + <\/strong>\u00a0Hanna \u2013 rocznica \u015bmierci (3) i Stanis\u0142aw Miecznikowscy<\/p>\n<p><strong>godz. 18.00<\/strong> + \u00a0gregorianka<\/p>\n<p><strong>Pi\u0105tek<\/strong><\/p>\n<p><strong>godz. 17.00 + <\/strong>\u00a0Wojciech Kucharzak &#8211; urodzinowa<\/p>\n<p><strong>godz. 18.00 + <\/strong>gregorianka<\/p>\n<p><strong>Sobota\u00a0\u00a0\u00a0\u00a0\u00a0 <\/strong><strong>\u00a0\u00a0\u00a0\u00a0\u00a0\u00a0\u00a0\u00a0\u00a0\u00a0\u00a0\u00a0\u00a0\u00a0\u00a0\u00a0\u00a0\u00a0\u00a0\u00a0\u00a0\u00a0\u00a0\u00a0\u00a0\u00a0\u00a0\u00a0\u00a0\u00a0\u00a0\u00a0\u00a0\u00a0\u00a0\u00a0\u00a0\u00a0\u00a0\u00a0\u00a0\u00a0\u00a0\u00a0\u00a0\u00a0\u00a0\u00a0\u00a0\u00a0\u00a0\u00a0\u00a0\u00a0\u00a0\u00a0\u00a0\u00a0\u00a0\u00a0\u00a0\u00a0\u00a0\u00a0\u00a0\u00a0\u00a0\u00a0\u00a0\u00a0\u00a0\u00a0\u00a0\u00a0\u00a0\u00a0\u00a0\u00a0\u00a0\u00a0\u00a0\u00a0\u00a0\u00a0\u00a0\u00a0\u00a0\u00a0\u00a0\u00a0\u00a0\u00a0\u00a0\u00a0\u00a0\u00a0\u00a0\u00a0\u00a0\u00a0\u00a0\u00a0\u00a0\u00a0\u00a0\u00a0\u00a0\u00a0\u00a0\u00a0\u00a0\u00a0\u00a0\u00a0\u00a0\u00a0\u00a0\u00a0\u00a0\u00a0\u00a0\u00a0\u00a0\u00a0\u00a0\u00a0\u00a0\u00a0\u00a0\u00a0\u00a0\u00a0\u00a0\u00a0\u00a0\u00a0\u00a0\u00a0\u00a0\u00a0\u00a0\u00a0\u00a0\u00a0\u00a0\u00a0\u00a0\u00a0\u00a0\u00a0\u00a0\u00a0\u00a0<\/strong><\/p>\n<p><strong>godz.7.30 + <\/strong>gregorianka<\/p>\n<p><strong>godz. 18.00 <\/strong>O \u0142ask\u0119 zdrowia dla Anastazji<strong> \/Nabo\u017ce\u0144stwo fatimskie<\/strong><\/p>\n<p><strong>Niedziela <\/strong><\/p>\n<p><strong>godz. 9.00 \u00a0+ <\/strong>gregorianka; 2) + Teresa i Kazimierz Szczypiorscy, J\u00f3zef M\u00f3wi\u0144ski, Janina i J\u00f3zef M\u00f3wi\u0144scy<\/p>\n<p><strong>godz. 10.45 <\/strong>+ Anna i Kazimierz Dominiak; 2) W intencji parafian i go\u015bci<\/p>\n<p><strong>godz. 16.00<\/strong> \u00a0+ r-c\u00f3w Szcze\u015bniak\u00f3w, Wojciech oraz zmarli z ca\u0142ej\u00a0 rodziny\u00a0 Szcze\u015bniak\u00f3w; 2) + Jan Wodzy\u0144ski<\/p>\n<p><strong>\u00a0<\/strong><\/p>\n","protected":false},"excerpt":{"rendered":"<p>Poniedzia\u0142ek godz. 9.00 + Krystyna i Stanis\u0142aw Bandych, W\u0142odzimierz i Stanis\u0142awa (k) Osma\u0144scy godz. 11.30 R\u00d3\u017bANIEC godz. 12.00 W intencji parafian i go\u015bci godz. 17.00 + \u00a0Tadeusz Za\u0142\u0119cki \u2013 gregorianka; 2) + Krystyna Kleszcz, Alicja i Jan Olerejczyk oraz za zmar\u0142ych pionier\u00f3w dzia\u0142ek rekreacyjnych w Podsmardzewie; 3) + Bogdan Geller \u2013 int. p. Wtorek godz. &hellip; <\/p>\n<p><a class=\"more-link btn\" href=\"https:\/\/parafiasmardzewo.pl\/?p=10248\">Kontynuuj czytanie<\/a><\/p>\n","protected":false},"author":2,"featured_media":7555,"comment_status":"open","ping_status":"open","sticky":false,"template":"","format":"standard","meta":[],"categories":[5],"tags":[],"_links":{"self":[{"href":"https:\/\/parafiasmardzewo.pl\/index.php?rest_route=\/wp\/v2\/posts\/10248"}],"collection":[{"href":"https:\/\/parafiasmardzewo.pl\/index.php?rest_route=\/wp\/v2\/posts"}],"about":[{"href":"https:\/\/parafiasmardzewo.pl\/index.php?rest_route=\/wp\/v2\/types\/post"}],"author":[{"embeddable":true,"href":"https:\/\/parafiasmardzewo.pl\/index.php?rest_route=\/wp\/v2\/users\/2"}],"replies":[{"embeddable":true,"href":"https:\/\/parafiasmardzewo.pl\/index.php?rest_route=%2Fwp%2Fv2%2Fcomments&post=10248"}],"version-history":[{"count":1,"href":"https:\/\/parafiasmardzewo.pl\/index.php?rest_route=\/wp\/v2\/posts\/10248\/revisions"}],"predecessor-version":[{"id":10249,"href":"https:\/\/parafiasmardzewo.pl\/index.php?rest_route=\/wp\/v2\/posts\/10248\/revisions\/10249"}],"wp:featuredmedia":[{"embeddable":true,"href":"https:\/\/parafiasmardzewo.pl\/index.php?rest_route=\/wp\/v2\/media\/7555"}],"wp:attachment":[{"href":"https:\/\/parafiasmardzewo.pl\/index.php?rest_route=%2Fwp%2Fv2%2Fmedia&parent=10248"}],"wp:term":[{"taxonomy":"category","embeddable":true,"href":"https:\/\/parafiasmardzewo.pl\/index.php?rest_route=%2Fwp%2Fv2%2Fcategories&post=10248"},{"taxonomy":"post_tag","embeddable":true,"href":"https:\/\/parafiasmardzewo.pl\/index.php?rest_route=%2Fwp%2Fv2%2Ftags&post=10248"}],"curies":[{"name":"wp","href":"https:\/\/api.w.org\/{rel}","templated":true}]}}