{"id":10253,"date":"2025-09-07T06:57:52","date_gmt":"2025-09-07T04:57:52","guid":{"rendered":"https:\/\/parafiasmardzewo.pl\/?p=10253"},"modified":"2025-09-07T07:00:01","modified_gmt":"2025-09-07T05:00:01","slug":"program-uroczystosci-odpustowych-narodzenia-nmp-w-par-smardzewo-w-dniach-7-8-ix-2025","status":"publish","type":"post","link":"https:\/\/parafiasmardzewo.pl\/?p=10253","title":{"rendered":"Program uroczysto\u015bci odpustowych Narodzenia NMP w par. Smardzewo w dniach 7 -8 IX 2025"},"content":{"rendered":"<p><strong>Niedziela &#8211; 07 wrze\u015bnia<\/strong><\/p>\n<p><strong>\u00a0godz. 20.30 R\u00f3\u017caniec <\/strong><\/p>\n<p><strong>\u00a0\u00a0\u00a0\u00a0 godz.\u00a0 21.00 Apel Maryjny <\/strong><\/p>\n<p><strong>\u00a0Poniedzia\u0142ek\u00a0\u00a0 &#8211;\u00a0\u00a0 08 wrze\u015bnia <\/strong><\/p>\n<p><strong>\u00a0\u00a0\u00a0\u00a0\u00a0 <\/strong><strong>godz. 9.00 Msza \u015bwi\u0119ta z kazaniem <\/strong><\/p>\n<p><strong>\u00a0\u00a0\u00a0\u00a0\u00a0 godz. 11.30 R\u00f3\u017caniec <\/strong><\/p>\n<p><strong>\u00a0\u00a0\u00a0\u00a0\u00a0 godz. 12.00 Suma odpustowa z kazaniem.\u00a0\u00a0\u00a0 <\/strong><\/p>\n<p><strong>\u00a0\u00a0\u00a0\u00a0\u00a0\u00a0\u00a0\u00a0\u00a0\u00a0\u00a0\u00a0\u00a0\u00a0\u00a0\u00a0\u00a0 Po\u015bwi\u0119cenie wie\u0144c\u00f3w i ziarna<\/strong><\/p>\n<p><strong>\u00a0\u00a0\u00a0\u00a0\u00a0\u00a0\u00a0\u00a0\u00a0\u00a0\u00a0\u00a0\u00a0\u00a0\u00a0\u00a0\u00a0\u00a0 siewnego. Adoracja i procesja<\/strong><\/p>\n<p><strong>\u00a0\u00a0\u00a0\u00a0\u00a0\u00a0\u00a0\u00a0 godz.17.00 Msza \u015bwi\u0119ta z kazaniem <\/strong><\/p>\n<p><strong>\u00a0<\/strong><\/p>\n<p><strong>Sobota \u2013 13 wrze\u015bnia 2025<\/strong><\/p>\n<p><strong>Nabo\u017ce\u0144stwo Fatimskie \u2013 godz. 18.00<\/strong><\/p>\n<p><strong>godz. 18.00 Msza \u015bwi\u0119ta<\/strong><\/p>\n<p><strong>godz. 18.30 R\u00f3\u017caniec i procesja <\/strong><\/p>\n<p><strong>\u00a0\u00a0 <\/strong><\/p>\n<p><strong>\u00a0<\/strong><\/p>\n","protected":false},"excerpt":{"rendered":"<p>Niedziela &#8211; 07 wrze\u015bnia \u00a0godz. 20.30 R\u00f3\u017caniec \u00a0\u00a0\u00a0\u00a0 godz.\u00a0 21.00 Apel Maryjny \u00a0Poniedzia\u0142ek\u00a0\u00a0 &#8211;\u00a0\u00a0 08 wrze\u015bnia \u00a0\u00a0\u00a0\u00a0\u00a0 godz. 9.00 Msza \u015bwi\u0119ta z kazaniem \u00a0\u00a0\u00a0\u00a0\u00a0 godz. 11.30 R\u00f3\u017caniec \u00a0\u00a0\u00a0\u00a0\u00a0 godz. 12.00 Suma odpustowa z kazaniem.\u00a0\u00a0\u00a0 \u00a0\u00a0\u00a0\u00a0\u00a0\u00a0\u00a0\u00a0\u00a0\u00a0\u00a0\u00a0\u00a0\u00a0\u00a0\u00a0\u00a0 Po\u015bwi\u0119cenie wie\u0144c\u00f3w i ziarna \u00a0\u00a0\u00a0\u00a0\u00a0\u00a0\u00a0\u00a0\u00a0\u00a0\u00a0\u00a0\u00a0\u00a0\u00a0\u00a0\u00a0\u00a0 siewnego. Adoracja i procesja \u00a0\u00a0\u00a0\u00a0\u00a0\u00a0\u00a0\u00a0 godz.17.00 Msza \u015bwi\u0119ta z kazaniem \u00a0 Sobota \u2013 13 wrze\u015bnia &hellip; <\/p>\n<p><a class=\"more-link btn\" href=\"https:\/\/parafiasmardzewo.pl\/?p=10253\">Kontynuuj czytanie<\/a><\/p>\n","protected":false},"author":2,"featured_media":9521,"comment_status":"open","ping_status":"open","sticky":false,"template":"","format":"standard","meta":[],"categories":[1],"tags":[],"_links":{"self":[{"href":"https:\/\/parafiasmardzewo.pl\/index.php?rest_route=\/wp\/v2\/posts\/10253"}],"collection":[{"href":"https:\/\/parafiasmardzewo.pl\/index.php?rest_route=\/wp\/v2\/posts"}],"about":[{"href":"https:\/\/parafiasmardzewo.pl\/index.php?rest_route=\/wp\/v2\/types\/post"}],"author":[{"embeddable":true,"href":"https:\/\/parafiasmardzewo.pl\/index.php?rest_route=\/wp\/v2\/users\/2"}],"replies":[{"embeddable":true,"href":"https:\/\/parafiasmardzewo.pl\/index.php?rest_route=%2Fwp%2Fv2%2Fcomments&post=10253"}],"version-history":[{"count":2,"href":"https:\/\/parafiasmardzewo.pl\/index.php?rest_route=\/wp\/v2\/posts\/10253\/revisions"}],"predecessor-version":[{"id":10255,"href":"https:\/\/parafiasmardzewo.pl\/index.php?rest_route=\/wp\/v2\/posts\/10253\/revisions\/10255"}],"wp:featuredmedia":[{"embeddable":true,"href":"https:\/\/parafiasmardzewo.pl\/index.php?rest_route=\/wp\/v2\/media\/9521"}],"wp:attachment":[{"href":"https:\/\/parafiasmardzewo.pl\/index.php?rest_route=%2Fwp%2Fv2%2Fmedia&parent=10253"}],"wp:term":[{"taxonomy":"category","embeddable":true,"href":"https:\/\/parafiasmardzewo.pl\/index.php?rest_route=%2Fwp%2Fv2%2Fcategories&post=10253"},{"taxonomy":"post_tag","embeddable":true,"href":"https:\/\/parafiasmardzewo.pl\/index.php?rest_route=%2Fwp%2Fv2%2Ftags&post=10253"}],"curies":[{"name":"wp","href":"https:\/\/api.w.org\/{rel}","templated":true}]}}