{"id":10256,"date":"2025-09-13T21:17:22","date_gmt":"2025-09-13T19:17:22","guid":{"rendered":"https:\/\/parafiasmardzewo.pl\/?p=10256"},"modified":"2025-09-13T21:17:22","modified_gmt":"2025-09-13T19:17:22","slug":"swieto-podwyzszenia-krzyza-swietego-14-wrzesnia-2025","status":"publish","type":"post","link":"https:\/\/parafiasmardzewo.pl\/?p=10256","title":{"rendered":"\u015aWI\u0118TO PODWY\u017bSZENIA KRZY\u017bA \u015aWI\u0118TEGO &#8211; 14 wrze\u015bnia 2025"},"content":{"rendered":"<p><strong>OG\u0141OSZENIA DUSZPASTERSKIE<\/strong><\/p>\n<ol>\n<li>W dzisiejsz\u0105 niedziel\u0119, 14 wrze\u015bnia, przypada \u015bwi\u0119to Podwy\u017cszenia Krzy\u017ca \u015awi\u0119tego. Krzy\u017c jest naszym chrze\u015bcija\u0144skim god\u0142em \u2013 znakiem m\u0119ki i \u015bmierci naszego Odkupiciela, jednak po nim by\u0142o zmartwychwstanie i wniebowst\u0105pienie. Krzy\u017c jest wi\u0119c tak\u017ce znakiem naszej nadziei. Pami\u0119tajmy, \u017ce Chrystusowym krzy\u017cem staje si\u0119 o\u0142tarz w naszej \u015bwi\u0105tyni i we wszystkich ko\u015bcio\u0142ach na ca\u0142ym \u015bwiecie. Na nim podczas Eucharystii Chrystus ponawia swoj\u0105 paschaln\u0105 Ofiar\u0119 <strong>\u201eza \u017cycie \u015bwiata\u201d.<\/strong> Nasza Ojczyzna i jej dzieje znaczone s\u0105 krzy\u017cami. Jak nigdzie w Europie, zw\u0142aszcza Zachodniej, wsz\u0119dzie g\u00f3ruj\u0105 u nas krzy\u017ce. Zachowujmy je w szacunku i dba\u0142o\u015bci nie tylko przy okazji \u015bwi\u0119ta Podwy\u017cszenia Krzy\u017ca.<\/li>\n<li>Dzisiaj rozpoczyna si\u0119 te\u017c Tydzie\u0144 Wychowania oraz Kwartalne dni modlitw za dzieci, m\u0142odzie\u017c i wychowawc\u00f3w.<\/li>\n<li>Dzisiaj, po Mszy \u015awi\u0119tej o godz. 9.00 b\u0119dzie spotkanie z dzie\u0107mi kl. III i IV, kt\u00f3rzy przygotowuj\u0105 si\u0119 do Pierwszej Komunii \u015awi\u0119tej i odnowienia Przyrzecze\u0144 Chrztu \u015awi\u0119tego.<\/li>\n<li>W s\u0105siedztwie \u015bwi\u0119ta Podwy\u017cszenia Krzy\u017ca \u015awi\u0119tego w kalendarzu liturgicznym pod dat\u0105 15 wrze\u015bnia (najbli\u017cszy poniedzia\u0142ek) przypada wspomnienie Matki Bo\u017cej Bolesnej. Przez to wspomnienie mo\u017cemy u\u015bwiadomi\u0107 sobie cierpienia, jakie by\u0142y udzia\u0142em Maryi, kt\u00f3ra \u2013 jak nikt inny \u2013 by\u0142a zjednoczona z Chrystusem r\u00f3wnie\u017c w Jego m\u0119ce, cierpieniu i \u015bmierci.<\/li>\n<li>W \u015brod\u0119, 17 wrze\u015bnia, w rocznic\u0119 napa\u015bci Zwi\u0105zku Radzieckiego na Polsk\u0119 w 1939 roku w modlitwach pami\u0119tajmy o wszystkich poleg\u0142ych w obronie naszej Ojczyzny na Wschodzie.<\/li>\n<li>W czwartek, 18 wrze\u015bnia, przypada wspomnienie \u015bw. Stanis\u0142awa Kostki, patrona dzieci i m\u0142odzie\u017cy oraz patrona naszej parafii. Za tydzie\u0144 21 wrze\u015bnia zapraszam na Msz\u0119 \u015awi\u0119t\u0105 o godz. 9.00 dzieci i m\u0142odzie\u017c, by dzi\u0119kowa\u0107 Bogu za \u0142aski jakie otrzymujemy i prosi\u0107 naszego Patrona \u015bw. Stanis\u0142awa Kostk\u0119 o wstawiennictwo u Boga za dzie\u0107mi i m\u0142odzie\u017c\u0105. Na tej Eucharystii b\u0119dzie tez po\u015bwi\u0119cenie tornistr\u00f3w i przybor\u00f3w szkolnych.<\/li>\n<li>Przysz\u0142a niedziela, 21 wrze\u015bnia, w Ko\u015bciele b\u0119dzie obchodzona jako Dzie\u0144 \u015arodk\u00f3w Spo\u0142ecznego Przekazu.<\/li>\n<li>W niedziel\u0119, 28 wrze\u015bnia, na Mszy \u015awi\u0119tej o godz. 10.45 wprowadzimy uroczy\u015bcie do naszej \u015bwi\u0105tyni relikwie \u015bw. Andrzeja Boboli, patrona Polski i relikwie b\u0142ogos\u0142awionego kard. Stefana Wyszy\u0144skiego. Wi\u0119cej informacji na ten temat podam w nast\u0119pn\u0105 niedziel\u0119.<\/li>\n<li>Pierwsza Komunia \u015awi\u0119ta dzieci, kt\u00f3re ucz\u0119szczaj\u0105 do kl. III b\u0119dzie 10 maja 2026 r., na Mszy \u015awi\u0119tej o godz. 10.45. Uczniowie kl. IV odnowi\u0105 Przyrzeczenia Chrztu \u015awi\u0119tego 17 maja 2026 r., na Mszy \u015awi\u0119tej o godz. 10.45.<\/li>\n<li>Zach\u0119cam do nabycia prasy katolickiej<\/li>\n<\/ol>\n","protected":false},"excerpt":{"rendered":"<p>OG\u0141OSZENIA DUSZPASTERSKIE W dzisiejsz\u0105 niedziel\u0119, 14 wrze\u015bnia, przypada \u015bwi\u0119to Podwy\u017cszenia Krzy\u017ca \u015awi\u0119tego. Krzy\u017c jest naszym chrze\u015bcija\u0144skim god\u0142em \u2013 znakiem m\u0119ki i \u015bmierci naszego Odkupiciela, jednak po nim by\u0142o zmartwychwstanie i wniebowst\u0105pienie. Krzy\u017c jest wi\u0119c tak\u017ce znakiem naszej nadziei. Pami\u0119tajmy, \u017ce Chrystusowym krzy\u017cem staje si\u0119 o\u0142tarz w naszej \u015bwi\u0105tyni i we wszystkich ko\u015bcio\u0142ach na ca\u0142ym \u015bwiecie. &hellip; <\/p>\n<p><a class=\"more-link btn\" href=\"https:\/\/parafiasmardzewo.pl\/?p=10256\">Kontynuuj czytanie<\/a><\/p>\n","protected":false},"author":2,"featured_media":5378,"comment_status":"open","ping_status":"open","sticky":false,"template":"","format":"standard","meta":[],"categories":[2],"tags":[],"_links":{"self":[{"href":"https:\/\/parafiasmardzewo.pl\/index.php?rest_route=\/wp\/v2\/posts\/10256"}],"collection":[{"href":"https:\/\/parafiasmardzewo.pl\/index.php?rest_route=\/wp\/v2\/posts"}],"about":[{"href":"https:\/\/parafiasmardzewo.pl\/index.php?rest_route=\/wp\/v2\/types\/post"}],"author":[{"embeddable":true,"href":"https:\/\/parafiasmardzewo.pl\/index.php?rest_route=\/wp\/v2\/users\/2"}],"replies":[{"embeddable":true,"href":"https:\/\/parafiasmardzewo.pl\/index.php?rest_route=%2Fwp%2Fv2%2Fcomments&post=10256"}],"version-history":[{"count":1,"href":"https:\/\/parafiasmardzewo.pl\/index.php?rest_route=\/wp\/v2\/posts\/10256\/revisions"}],"predecessor-version":[{"id":10257,"href":"https:\/\/parafiasmardzewo.pl\/index.php?rest_route=\/wp\/v2\/posts\/10256\/revisions\/10257"}],"wp:featuredmedia":[{"embeddable":true,"href":"https:\/\/parafiasmardzewo.pl\/index.php?rest_route=\/wp\/v2\/media\/5378"}],"wp:attachment":[{"href":"https:\/\/parafiasmardzewo.pl\/index.php?rest_route=%2Fwp%2Fv2%2Fmedia&parent=10256"}],"wp:term":[{"taxonomy":"category","embeddable":true,"href":"https:\/\/parafiasmardzewo.pl\/index.php?rest_route=%2Fwp%2Fv2%2Fcategories&post=10256"},{"taxonomy":"post_tag","embeddable":true,"href":"https:\/\/parafiasmardzewo.pl\/index.php?rest_route=%2Fwp%2Fv2%2Ftags&post=10256"}],"curies":[{"name":"wp","href":"https:\/\/api.w.org\/{rel}","templated":true}]}}