{"id":10261,"date":"2025-09-20T20:37:35","date_gmt":"2025-09-20T18:37:35","guid":{"rendered":"https:\/\/parafiasmardzewo.pl\/?p=10261"},"modified":"2025-09-20T20:37:35","modified_gmt":"2025-09-20T18:37:35","slug":"dwudziesta-piata-niedziela-w-ciagu-roku-21-wrzesnia-2025","status":"publish","type":"post","link":"https:\/\/parafiasmardzewo.pl\/?p=10261","title":{"rendered":"DWUDZIESTA PI\u0104TA NIEDZIELA W CIAGU ROKU &#8211; 21 wrze\u015bnia 2025"},"content":{"rendered":"<p><strong>OG\u0141OSZENIA DUSZPASTERSKIE<\/strong><\/p>\n<ol>\n<li>Dzisiejsza niedziela w spos\u00f3b szczeg\u00f3lny w Ko\u015bciele jest po\u015bwi\u0119cona \u015brodkom spo\u0142ecznego przekazu. Si\u0142\u0119 medi\u00f3w podkre\u015bla <em>Katechizm Ko\u015bcio\u0142a katolickiego<\/em>, zauwa\u017caj\u0105c ich wielki wp\u0142yw na przekaz informacji oraz na rozw\u00f3j kultury i kszta\u0142cenie. Media mog\u0105 by\u0107 wspania\u0142ym narz\u0119dziem ewangelizacyjnym. Umiejmy roztropnie korzysta\u0107 z dobrodziejstw medi\u00f3w, ale pami\u0119tajmy, \u017ce one powinny s\u0142u\u017cy\u0107 cz\u0142owiekowi, a nie odwrotnie. Zadbajmy te\u017c o to, aby w\u0142a\u015bciwie i dla swojego ubogacenia korzysta\u0142o z nich nasze m\u0142ode pokolenie.<\/li>\n<li>Dnia 18 wrze\u015bnia wspominali\u015bmy w liturgii Ko\u015bcio\u0142a \u015bw. Stanis\u0142awa Kostk\u0119, patrona dzieci i m\u0142odzie\u017cy. Jest on r\u00f3wnie\u017c patronem naszej parafii i dlatego dzisiaj prze\u017cywamy w naszej wsp\u00f3lnocie odpust. Po ka\u017cdej Mszy \u015awi\u0119tej odm\u00f3wimy Litani\u0119 do \u015bw. Stanis\u0142awa Kostki. Po Mszy \u015awi\u0119tej o godz. 9.00 b\u0119dzie po\u015bwi\u0119cenie tornistr\u00f3w i przybor\u00f3w szkolnych dzieci. Po Mszy \u015awi\u0119tej o godz. 9.00 b\u0119dzie spotkanie z dzie\u0107mi kl. III i IV. Za tydzie\u0144 dzieci nich uczestnicz\u0105 w Eucharystii o godz. 10.45.<\/li>\n<li>We wtorek, 23 wrze\u015bnia, przypada liturgiczne wspomnienie \u015awi\u0119tego Ojca Pio, kt\u00f3ry z\u00a0najwy\u017csz\u0105 czci\u0105 pochyla\u0142 si\u0119 nad Eucharysti\u0105 i nad wszystko kocha\u0142 Matk\u0119 Naj\u015bwi\u0119tsz\u0105.<\/li>\n<li>Za tydzie\u0144 na Mszy \u015awi\u0119tej o godz. 10.45 wprowadzimy uroczy\u015bcie relikwie \u015bw. Andrzeja Boboli i b\u0142. Kard. Stefana Wyszy\u0144skiego, prymasa Polski oraz po\u015bwi\u0119cimy nowe obrazy z wizerunkami tych \u015bwi\u0119tych. Uroczysto\u015bciom b\u0119dzie przewodniczy\u0142 ks. Bp Rafa\u0142 Markowski, biskup pomocniczy Archidiecezji Warszawskiej. Serdecznie zapraszam na t\u0119 uroczysto\u015b\u0107 parafian, go\u015bci, czcicieli tych wielkich syn\u00f3w Ko\u015bcio\u0142a. Zapraszam stra\u017cak\u00f3w ze wszystkich jednostek OSP z terenu naszej parafii oraz M\u0142odzie\u017cow\u0105 Dru\u017cyn\u0119 Po\u017carnicz\u0105 OSP Smardzewo.<\/li>\n<li>W przysz\u0142\u0105 niedziel\u0119, 28 wrze\u015bnia, w Ko\u015bciele b\u0119dziemy obchodzi\u0107 106. \u015awiatowy Dzie\u0144 Migranta i Uchod\u017acy.<\/li>\n<li>Zach\u0119cam do nabycia prasy katolickiej.<\/li>\n<\/ol>\n","protected":false},"excerpt":{"rendered":"<p>OG\u0141OSZENIA DUSZPASTERSKIE Dzisiejsza niedziela w spos\u00f3b szczeg\u00f3lny w Ko\u015bciele jest po\u015bwi\u0119cona \u015brodkom spo\u0142ecznego przekazu. Si\u0142\u0119 medi\u00f3w podkre\u015bla Katechizm Ko\u015bcio\u0142a katolickiego, zauwa\u017caj\u0105c ich wielki wp\u0142yw na przekaz informacji oraz na rozw\u00f3j kultury i kszta\u0142cenie. Media mog\u0105 by\u0107 wspania\u0142ym narz\u0119dziem ewangelizacyjnym. Umiejmy roztropnie korzysta\u0107 z dobrodziejstw medi\u00f3w, ale pami\u0119tajmy, \u017ce one powinny s\u0142u\u017cy\u0107 cz\u0142owiekowi, a nie odwrotnie. &hellip; <\/p>\n<p><a class=\"more-link btn\" href=\"https:\/\/parafiasmardzewo.pl\/?p=10261\">Kontynuuj czytanie<\/a><\/p>\n","protected":false},"author":2,"featured_media":5378,"comment_status":"open","ping_status":"open","sticky":false,"template":"","format":"standard","meta":[],"categories":[2],"tags":[],"_links":{"self":[{"href":"https:\/\/parafiasmardzewo.pl\/index.php?rest_route=\/wp\/v2\/posts\/10261"}],"collection":[{"href":"https:\/\/parafiasmardzewo.pl\/index.php?rest_route=\/wp\/v2\/posts"}],"about":[{"href":"https:\/\/parafiasmardzewo.pl\/index.php?rest_route=\/wp\/v2\/types\/post"}],"author":[{"embeddable":true,"href":"https:\/\/parafiasmardzewo.pl\/index.php?rest_route=\/wp\/v2\/users\/2"}],"replies":[{"embeddable":true,"href":"https:\/\/parafiasmardzewo.pl\/index.php?rest_route=%2Fwp%2Fv2%2Fcomments&post=10261"}],"version-history":[{"count":1,"href":"https:\/\/parafiasmardzewo.pl\/index.php?rest_route=\/wp\/v2\/posts\/10261\/revisions"}],"predecessor-version":[{"id":10262,"href":"https:\/\/parafiasmardzewo.pl\/index.php?rest_route=\/wp\/v2\/posts\/10261\/revisions\/10262"}],"wp:featuredmedia":[{"embeddable":true,"href":"https:\/\/parafiasmardzewo.pl\/index.php?rest_route=\/wp\/v2\/media\/5378"}],"wp:attachment":[{"href":"https:\/\/parafiasmardzewo.pl\/index.php?rest_route=%2Fwp%2Fv2%2Fmedia&parent=10261"}],"wp:term":[{"taxonomy":"category","embeddable":true,"href":"https:\/\/parafiasmardzewo.pl\/index.php?rest_route=%2Fwp%2Fv2%2Fcategories&post=10261"},{"taxonomy":"post_tag","embeddable":true,"href":"https:\/\/parafiasmardzewo.pl\/index.php?rest_route=%2Fwp%2Fv2%2Ftags&post=10261"}],"curies":[{"name":"wp","href":"https:\/\/api.w.org\/{rel}","templated":true}]}}