{"id":10265,"date":"2025-09-27T21:19:54","date_gmt":"2025-09-27T19:19:54","guid":{"rendered":"https:\/\/parafiasmardzewo.pl\/?p=10265"},"modified":"2025-09-27T21:24:05","modified_gmt":"2025-09-27T19:24:05","slug":"dwudziesta-szosta-niedziela-w-ciagu-roku-28-ix-2025","status":"publish","type":"post","link":"https:\/\/parafiasmardzewo.pl\/?p=10265","title":{"rendered":"DWUDZIESTA SZ\u00d3STA NIEDZIELA W CI\u0104GU ROKU &#8211; 28 IX 2025"},"content":{"rendered":"<p><strong>OG\u0141OSZENIA DUSZPASTERSKIE<\/strong><\/p>\n<ol>\n<li>Dzisiejsza niedziela w Ko\u015bciele w szczeg\u00f3lny spos\u00f3b jest po\u015bwi\u0119cona migrantom i\u00a0uchod\u017acom. W tym roku jest to ju\u017c 106. \u015awiatowy Dzie\u0144 Migranta i Uchod\u017acy. Ma on nas uwra\u017cliwi\u0107 na do\u015bwiadczanie niesprawiedliwo\u015bci, krzywdy i cz\u0119sto na nieludzki los tych, kt\u00f3rzy z r\u00f3\u017cnych powod\u00f3w opuszczaj\u0105 swoj\u0105 ojczyzn\u0119, poszukuj\u0105 dla siebie i swoich bliskich bezpiecznego miejsca w innych krajach. Osobistymi modlitwami obejmijmy ludzi, kt\u00f3rzy opu\u015bcili sw\u00f3j dom rodzinny z powodu tocz\u0105cych si\u0119 wojen, prze\u015bladowa\u0144 i terroru. Pro\u015bmy Opatrzno\u015b\u0107 Bo\u017c\u0105, aby dzi\u0119ki pomocy dobrych ludzi znale\u017ali dla siebie bezpieczne miejsce.<\/li>\n<li>Dzisiaj, na Mszy \u015awi\u0119tej o godz. 10.45 wprowadzimy uroczy\u015bcie relikwie \u015bw. Andrzeja Boboli i b\u0142. Kard. Stefana Wyszy\u0144skiego, prymasa Polski oraz po\u015bwi\u0119cimy nowe obrazy z wizerunkami tych \u015bwi\u0119tych. Uroczysto\u015bciom\u00a0 przewodniczy\u0107 b\u0119dzie ks. Bp Rafa\u0142 Markowski, biskup pomocniczy Archidiecezji Warszawskiej.<\/li>\n<li>W poniedzia\u0142ek, 29 wrze\u015bnia, w kalendarzu liturgicznym obchodzone jest \u015bwi\u0119to \u015awi\u0119tych Archanio\u0142\u00f3w: Micha\u0142a, Gabriela i Rafa\u0142a. Natomiast w czwartek, 2 pa\u017adziernika, wspominamy \u015awi\u0119tych Anio\u0142\u00f3w Str\u00f3\u017c\u00f3w. Mo\u017ce na co dzie\u0144 nie zawsze pami\u0119tamy, \u017ce to mi\u0142osierny B\u00f3g troszczy si\u0119 o ka\u017cdego z nas, posy\u0142aj\u0105c nam swoich anio\u0142\u00f3w, kt\u00f3rzy chroni\u0105 nas i nam pomagaj\u0105. Anio\u0142y s\u0105 przejawem obecno\u015bci Boga w \u015bwiecie. \u0141\u0105cz\u0105 niebo z ziemi\u0105. Dlatego korzystajmy z ich po\u015brednictwa, pro\u015bmy o pomoc, zw\u0142aszcza w trudnych sprawach, kiedy zaczyna brakowa\u0107 nadziei.<\/li>\n<li>W t\u0119 najbli\u017csz\u0105 \u015brod\u0119 rozpoczyna si\u0119 pa\u017adziernik \u2013 miesi\u0105c modlitwy r\u00f3\u017ca\u0144cowej. Ju\u017c dzisiaj zach\u0119cam dzieci, m\u0142odzie\u017c i doros\u0142ych do licznego udzia\u0142u w codziennej Mszy \u015awi\u0119tej i w nabo\u017ce\u0144stwie r\u00f3\u017ca\u0144cowym, kt\u00f3re w naszym ko\u015bciele b\u0119dziemy odprawiali po Mszy \u015awi\u0119tej o godz. 16.00. Tych, kt\u00f3rym trudniej dotrze\u0107 do ko\u015bcio\u0142a, prosz\u0119 o wsp\u00f3lne odmawianie r\u00f3\u017ca\u0144ca w domach. W naszych modlitwach pami\u0119tajmy te\u017c o studentach rozpoczynaj\u0105cych rok akademicki.<\/li>\n<li>A w \u015brodowe liturgiczne wspomnienie \u015awi\u0119tej Teresy od Dzieci\u0105tka Jezus, kt\u00f3ra jest patronk\u0105 misji katolickich, w Ko\u015bciele obchodzimy Dzie\u0144 Misyjny Si\u00f3str Zakonnych. W\u00a0osobistych modlitwach pami\u0119tajmy o wielkiej rzeszy si\u00f3str zakonnych, kt\u00f3re ca\u0142kowicie po\u015bwi\u0119ci\u0142y si\u0119 nie tylko g\u0142oszeniu Chrystusowej Ewangelii w r\u00f3\u017cnych zak\u0105tkach \u015bwiata, ale zajmuj\u0105 si\u0119 tak\u017ce krzewieniem kultury, wychowuj\u0105 m\u0142ode pokolenia i w pokorze s\u0142u\u017c\u0105 pomoc\u0105 najs\u0142abszym, bezbronnym i zagubionym.<\/li>\n<li>W tym tygodniu przypada Pierwszy Czwartek, Pierwszy Pi\u0105tek i Pierwsza Sobota miesi\u0105ca. W Pierwszy Pi\u0105tek spowied\u017a od godz. 15.30. M\u0142odzie\u017c, kt\u00f3ra przygotowuje si\u0119 do sakramentu bierzmowania mo\u017ce przyby\u0107 do \u015bwi\u0105tyni o godz. 17.00 na spowied\u017a i odm\u00f3wienie Litanii do Naj\u015bwi\u0119tszego Sakramentu oraz przyj\u0105\u0107 Komuni\u0119 \u015awi\u0119t\u0105. W Pierwsz\u0105 Sobot\u0119 (4 pa\u017adziernika) oddamy cze\u015b\u0107 Niepokalanemu Sercu Naj\u015bwi\u0119tszej Maryi Panny. Msze \u015awi\u0119te o godz. 9.00 i 16.00. Za tydzie\u0144 niedziela adoracyjna. Na sum\u0119 zapraszam asyst\u0119 procesyjn\u0105.<\/li>\n<li>Za tydzie\u0144 po Eucharystii o godz.45 b\u0119dzie spotkanie z rodzicami, kt\u00f3rych dzieci przyst\u0105pi\u0105 do Pierwszej Komunii \u015aw., kl. III (10 maja godz. 10.45 2026 r.), oraz z rodzicami, kt\u00f3rych dzieci odnowi\u0105 Przyrzeczenia Chrztu \u015awi\u0119tego kl. IV (17 maja godz. 10.45 2026 r).<\/li>\n<li>Zach\u0119cam do nabycia prasy katolickiej.<\/li>\n<\/ol>\n<p>&nbsp;<\/p>\n<p>&nbsp;<\/p>\n<p>&nbsp;<\/p>\n","protected":false},"excerpt":{"rendered":"<p>OG\u0141OSZENIA DUSZPASTERSKIE Dzisiejsza niedziela w Ko\u015bciele w szczeg\u00f3lny spos\u00f3b jest po\u015bwi\u0119cona migrantom i\u00a0uchod\u017acom. W tym roku jest to ju\u017c 106. \u015awiatowy Dzie\u0144 Migranta i Uchod\u017acy. Ma on nas uwra\u017cliwi\u0107 na do\u015bwiadczanie niesprawiedliwo\u015bci, krzywdy i cz\u0119sto na nieludzki los tych, kt\u00f3rzy z r\u00f3\u017cnych powod\u00f3w opuszczaj\u0105 swoj\u0105 ojczyzn\u0119, poszukuj\u0105 dla siebie i swoich bliskich bezpiecznego miejsca w &hellip; <\/p>\n<p><a class=\"more-link btn\" href=\"https:\/\/parafiasmardzewo.pl\/?p=10265\">Kontynuuj czytanie<\/a><\/p>\n","protected":false},"author":2,"featured_media":5378,"comment_status":"open","ping_status":"open","sticky":false,"template":"","format":"standard","meta":[],"categories":[2],"tags":[],"_links":{"self":[{"href":"https:\/\/parafiasmardzewo.pl\/index.php?rest_route=\/wp\/v2\/posts\/10265"}],"collection":[{"href":"https:\/\/parafiasmardzewo.pl\/index.php?rest_route=\/wp\/v2\/posts"}],"about":[{"href":"https:\/\/parafiasmardzewo.pl\/index.php?rest_route=\/wp\/v2\/types\/post"}],"author":[{"embeddable":true,"href":"https:\/\/parafiasmardzewo.pl\/index.php?rest_route=\/wp\/v2\/users\/2"}],"replies":[{"embeddable":true,"href":"https:\/\/parafiasmardzewo.pl\/index.php?rest_route=%2Fwp%2Fv2%2Fcomments&post=10265"}],"version-history":[{"count":2,"href":"https:\/\/parafiasmardzewo.pl\/index.php?rest_route=\/wp\/v2\/posts\/10265\/revisions"}],"predecessor-version":[{"id":10267,"href":"https:\/\/parafiasmardzewo.pl\/index.php?rest_route=\/wp\/v2\/posts\/10265\/revisions\/10267"}],"wp:featuredmedia":[{"embeddable":true,"href":"https:\/\/parafiasmardzewo.pl\/index.php?rest_route=\/wp\/v2\/media\/5378"}],"wp:attachment":[{"href":"https:\/\/parafiasmardzewo.pl\/index.php?rest_route=%2Fwp%2Fv2%2Fmedia&parent=10265"}],"wp:term":[{"taxonomy":"category","embeddable":true,"href":"https:\/\/parafiasmardzewo.pl\/index.php?rest_route=%2Fwp%2Fv2%2Fcategories&post=10265"},{"taxonomy":"post_tag","embeddable":true,"href":"https:\/\/parafiasmardzewo.pl\/index.php?rest_route=%2Fwp%2Fv2%2Ftags&post=10265"}],"curies":[{"name":"wp","href":"https:\/\/api.w.org\/{rel}","templated":true}]}}