{"id":10406,"date":"2025-10-04T21:12:03","date_gmt":"2025-10-04T19:12:03","guid":{"rendered":"https:\/\/parafiasmardzewo.pl\/?p=10406"},"modified":"2025-10-04T21:12:03","modified_gmt":"2025-10-04T19:12:03","slug":"pielgzrymka-kol-rozancowych-11-x-2025","status":"publish","type":"post","link":"https:\/\/parafiasmardzewo.pl\/?p=10406","title":{"rendered":"PIELGZRYMKA K\u00d3\u0141 R\u00d3\u017bA\u0143COWYCH 11 X 2025"},"content":{"rendered":"<p><img src=\"https:\/\/scontent.fwaw7-1.fna.fbcdn.net\/v\/t39.30808-6\/555557614_1106833048281079_4210766612586432242_n.jpg?_nc_cat=105&amp;ccb=1-7&amp;_nc_sid=127cfc&amp;_nc_ohc=OPTx4hxRr1kQ7kNvwGfsSRN&amp;_nc_oc=AdnaCO_9oPj7AvZgQTmrZKh8le3vXpkGI8zmTOeDL0nRWWZXudtaeLfxRhsG4nOEDFM&amp;_nc_zt=23&amp;_nc_ht=scontent.fwaw7-1.fna&amp;_nc_gid=8Oi1k-4_Hay7B0QrBP8dow&amp;oh=00_AffQ14pVXLrfAenC1RyI9V-5ADpnv_vwOaVNao3jyUDh9A&amp;oe=68E74D86\" alt=\"Mo\u017ce by\u0107 zdj\u0119ciem przedstawiaj\u0105cym 2 osoby i tekst \u201e10. PIELGRZYMKA KO\u0141 R\u00d3\u017bA\u0143COWYCH DIECEZJI P\u0141OCKIEJ Pielgrzymi nadriei z Maryj\u0105, Matk\u0105 nadriei 11 pa\u017adziernika 2025 r. (sobota) Sanktuarium Matki Bo\u017cej R\u00f3\u017ca\u0144cowej w Smardzewie ko\u0142o P\u0142o\u0144ska 10.00 Zawi\u0105zanie wsp\u00f3lnoty Godzinki ku czci Niepokalanego Pocz\u0119cia NMP 10.30 Konferencja &quot;\u015aladami Maryi z Nazaretu&quot; -red. Grzegorz G\u00f3rny 11.15 Przygotowanie do Eucharystii 11.30 Msza \u015bw. odpustowa- przewodniczenie homilia J.E. Ksi\u0105dz Biskup Piotr Libera 13.30 Modlitwa r\u00f3\u017ca\u0144cowa 14.00 Rozes\u0142anie Zapisy w kancelarii parafialnej \u89d2 \u0e27\u0e04 Fockmy dockins www.duszpasterski.pl\u201d\" \/><\/p>\n","protected":false},"excerpt":{"rendered":"","protected":false},"author":2,"featured_media":0,"comment_status":"open","ping_status":"open","sticky":false,"template":"","format":"standard","meta":[],"categories":[1],"tags":[],"_links":{"self":[{"href":"https:\/\/parafiasmardzewo.pl\/index.php?rest_route=\/wp\/v2\/posts\/10406"}],"collection":[{"href":"https:\/\/parafiasmardzewo.pl\/index.php?rest_route=\/wp\/v2\/posts"}],"about":[{"href":"https:\/\/parafiasmardzewo.pl\/index.php?rest_route=\/wp\/v2\/types\/post"}],"author":[{"embeddable":true,"href":"https:\/\/parafiasmardzewo.pl\/index.php?rest_route=\/wp\/v2\/users\/2"}],"replies":[{"embeddable":true,"href":"https:\/\/parafiasmardzewo.pl\/index.php?rest_route=%2Fwp%2Fv2%2Fcomments&post=10406"}],"version-history":[{"count":1,"href":"https:\/\/parafiasmardzewo.pl\/index.php?rest_route=\/wp\/v2\/posts\/10406\/revisions"}],"predecessor-version":[{"id":10407,"href":"https:\/\/parafiasmardzewo.pl\/index.php?rest_route=\/wp\/v2\/posts\/10406\/revisions\/10407"}],"wp:attachment":[{"href":"https:\/\/parafiasmardzewo.pl\/index.php?rest_route=%2Fwp%2Fv2%2Fmedia&parent=10406"}],"wp:term":[{"taxonomy":"category","embeddable":true,"href":"https:\/\/parafiasmardzewo.pl\/index.php?rest_route=%2Fwp%2Fv2%2Fcategories&post=10406"},{"taxonomy":"post_tag","embeddable":true,"href":"https:\/\/parafiasmardzewo.pl\/index.php?rest_route=%2Fwp%2Fv2%2Ftags&post=10406"}],"curies":[{"name":"wp","href":"https:\/\/api.w.org\/{rel}","templated":true}]}}