{"id":10408,"date":"2025-10-04T21:16:43","date_gmt":"2025-10-04T19:16:43","guid":{"rendered":"https:\/\/parafiasmardzewo.pl\/?p=10408"},"modified":"2025-10-04T21:16:43","modified_gmt":"2025-10-04T19:16:43","slug":"dwudziesta-siodma-niedziela-w-ciagu-roku-5-x-2025","status":"publish","type":"post","link":"https:\/\/parafiasmardzewo.pl\/?p=10408","title":{"rendered":"DWUDZIESTA SI\u00d3DMA NIEDZIELA W CI\u0104GU ROKU &#8211; 5 X 2025"},"content":{"rendered":"<p><strong>OG\u0141OSZENIA DUSZPASTERSKIE<\/strong><\/p>\n<ol>\n<li>Dzi\u015b przypada pierwsza niedziela pa\u017adziernika. Po sumie adoracja i procesja wok\u00f3\u0142 ko\u015bcio\u0142a.<\/li>\n<li>W ko\u015bcio\u0142ach i we wsp\u00f3lnotach rodzinnych rozpocz\u0119li\u015bmy nabo\u017ce\u0144stwa r\u00f3\u017ca\u0144cowe. Bior\u0105c do r\u0105k r\u00f3\u017caniec, przez wstawiennictwo Bo\u017cej Rodzicielki Maryi, pro\u015bmy Jej Syna o mi\u0142osierdzie dla nas i ca\u0142ego \u015bwiata. Zach\u0119cam do udzia\u0142u w codziennej Mszy \u015awi\u0119tej i pa\u017adziernikowym nabo\u017ce\u0144stwie odprawianym w\u00a0naszym ko\u015bciele po Mszy \u015awi\u0119tej o godz.16.00. Tych, kt\u00f3rym trudniej dotrze\u0107 do ko\u015bcio\u0142a, prosz\u0119 o\u00a0odmawianie r\u00f3\u017ca\u0144ca w domach.<\/li>\n<li>W niedziele i \u015brody odmawiamy tajemnice chwalebne, w poniedzia\u0142ki i soboty tajemnice radosne, we wtorki i pi\u0105tki \u2013 bolesne, w\u00a0czwartki \u2013 tajemnice \u015bwiat\u0142a.<\/li>\n<li>W tym duchu prze\u017cyjemy te\u017c liturgiczne wspomnienie Naj\u015bwi\u0119tszej Maryi Panny R\u00f3\u017ca\u0144cowej, kt\u00f3re przypada w \u015brod\u0119, 7 pa\u017adziernika.<\/li>\n<li>Dzisiejsza niedziela przykrywa liturgiczne wspomnienie wyj\u0105tkowej polskiej \u015awi\u0119tej \u2013 Siostry Faustyny Kowalskiej (1905-1938) ze Zgromadzenia Si\u00f3str Matki Bo\u017cej Mi\u0142osierdzia. Przez jej wstawiennictwo pro\u015bmy o mi\u0142osierdzie Bo\u017ce dla nas i dla ca\u0142ego \u015bwiata. My, Polacy, b\u0105d\u017amy przyk\u0142adem na\u015bladowania duchowo\u015bci i pobo\u017cno\u015bci \u015awi\u0119tej Siostry Faustyny.<\/li>\n<li>Dzisiaj, po Mszy \u015awi\u0119tej o godz.10.45 b\u0119dzie spotkanie z rodzicami, kt\u00f3rych dzieci, z kl. III, przygotowuj\u0105 si\u0119 do Pierwszej Komunii \u015awi\u0119tej (10 maja 2026 r,) i odnowienia Przyrzecze\u0144 Chrzcielnych (17 maja 2026 r.), dzieci z kl. IV.<\/li>\n<li>W najbli\u017csz\u0105 sobot\u0119, 11 pa\u017adziernika, b\u0119dziemy go\u015bci\u0107 cz\u0142onk\u00f3w K\u00f3\u0142 R\u00f3\u017ca\u0144cowych z diecezji p\u0142ockiej. Pocz\u0105tek spotkania o godz. 10.00. G\u0142\u00f3wnym punktem spotkania b\u0119dzie Msza \u015awi\u0119ta o godz. 11.15, kt\u00f3rej przewodniczy\u0107 b\u0119dzie ks. Biskup Piotr Libera. Szczeg\u00f3\u0142owy program jest umieszczony na stronie internetowej parafii i w kruchcie ko\u015bcio\u0142a.<\/li>\n<li>W przysz\u0142\u0105 niedziel\u0119, 12 pa\u017adziernika, b\u0119dziemy prze\u017cywali kolejny Dzie\u0144 Papieski, kt\u00f3ry na trwa\u0142e wpisa\u0142 si\u0119 w kalendarz nie tylko Ko\u015bcio\u0142a w Polsce, ale i w kalendarz wa\u017cnych rocznic i obchod\u00f3w w naszej Ojczy\u017anie. Tego dnia ofiarami wspieramy Fundacj\u0119 \u201eDzie\u0142o Nowego Tysi\u0105clecia\u201d, kt\u00f3ra zosta\u0142a powo\u0142ana przez Episkopat Polski dla upami\u0119tnienia pontyfikatu \u015awi\u0119tego Jana Paw\u0142a II.<\/li>\n<li>W ramach obchodzonego w Ko\u015bciele powszechnym Roku Jubileuszowego 2025 w\u00a0dzisiejsz\u0105 niedziel\u0119, 5 pa\u017adziernika, sw\u00f3j Jubileusz obchodz\u0105 migranci. Natomiast w\u00a0\u015brod\u0119 i czwartek sw\u00f3j Jubileusz celebruj\u0105 osoby \u017bycia Konsekrowanego, a w sobot\u0119 i niedziel\u0119 \u2013 wszyscy zaanga\u017cowani w duchowo\u015b\u0107 maryjn\u0105.<\/li>\n<li>W minion\u0105 niedziel\u0119 prze\u017cywali\u015bmy uroczysto\u015b\u0107 wprowadzenia relikwii \u015bw. Andrzeja Boboli i b\u0142. Stefana kard. Wyszy\u0144skiego. Wszystkim, kt\u00f3rzy w\u0142\u0105czyli si\u0119 do przygotowania i przebiegu tej uroczysto\u015bci serdecznie dzi\u0119kuj\u0119. Dzi\u0119kuj\u0119 s\u0142u\u017cbie liturgicznej, czcicielom \u015bw. Andrzeja z P\u0142o\u0144ska i innych miejscowo\u015bci za aktywny udzia\u0142 w liturgii. S\u0142owa podzi\u0119kowania kieruje do stra\u017cak\u00f3w i Rycerzy Jana Paw\u0142a II na czele prowincja\u0142em Januszem Paczkowskim i komandorem Adamem Szarot\u0105 z Modlina.<\/li>\n<li>Panu Bogdanowi Szcze\u015bniewskiemu dzi\u0119kuj\u0119 za prac\u0119 w przygotowaniu miejsca do relikwii i zamontowaniu obraz\u00f3w w\/w \u015bwi\u0119tych. Panu Piotrowi Dobrowolskiemu dzi\u0119kuj\u0119 za wykonanie metalowych wn\u0119trz do relikwii.<\/li>\n<li>Zach\u0119cam do nabycia prasy katolickiej.<\/li>\n<\/ol>\n<p>&nbsp;<\/p>\n","protected":false},"excerpt":{"rendered":"<p>OG\u0141OSZENIA DUSZPASTERSKIE Dzi\u015b przypada pierwsza niedziela pa\u017adziernika. Po sumie adoracja i procesja wok\u00f3\u0142 ko\u015bcio\u0142a. W ko\u015bcio\u0142ach i we wsp\u00f3lnotach rodzinnych rozpocz\u0119li\u015bmy nabo\u017ce\u0144stwa r\u00f3\u017ca\u0144cowe. Bior\u0105c do r\u0105k r\u00f3\u017caniec, przez wstawiennictwo Bo\u017cej Rodzicielki Maryi, pro\u015bmy Jej Syna o mi\u0142osierdzie dla nas i ca\u0142ego \u015bwiata. Zach\u0119cam do udzia\u0142u w codziennej Mszy \u015awi\u0119tej i pa\u017adziernikowym nabo\u017ce\u0144stwie odprawianym w\u00a0naszym ko\u015bciele &hellip; <\/p>\n<p><a class=\"more-link btn\" href=\"https:\/\/parafiasmardzewo.pl\/?p=10408\">Kontynuuj czytanie<\/a><\/p>\n","protected":false},"author":2,"featured_media":5378,"comment_status":"open","ping_status":"open","sticky":false,"template":"","format":"standard","meta":[],"categories":[2],"tags":[],"_links":{"self":[{"href":"https:\/\/parafiasmardzewo.pl\/index.php?rest_route=\/wp\/v2\/posts\/10408"}],"collection":[{"href":"https:\/\/parafiasmardzewo.pl\/index.php?rest_route=\/wp\/v2\/posts"}],"about":[{"href":"https:\/\/parafiasmardzewo.pl\/index.php?rest_route=\/wp\/v2\/types\/post"}],"author":[{"embeddable":true,"href":"https:\/\/parafiasmardzewo.pl\/index.php?rest_route=\/wp\/v2\/users\/2"}],"replies":[{"embeddable":true,"href":"https:\/\/parafiasmardzewo.pl\/index.php?rest_route=%2Fwp%2Fv2%2Fcomments&post=10408"}],"version-history":[{"count":1,"href":"https:\/\/parafiasmardzewo.pl\/index.php?rest_route=\/wp\/v2\/posts\/10408\/revisions"}],"predecessor-version":[{"id":10409,"href":"https:\/\/parafiasmardzewo.pl\/index.php?rest_route=\/wp\/v2\/posts\/10408\/revisions\/10409"}],"wp:featuredmedia":[{"embeddable":true,"href":"https:\/\/parafiasmardzewo.pl\/index.php?rest_route=\/wp\/v2\/media\/5378"}],"wp:attachment":[{"href":"https:\/\/parafiasmardzewo.pl\/index.php?rest_route=%2Fwp%2Fv2%2Fmedia&parent=10408"}],"wp:term":[{"taxonomy":"category","embeddable":true,"href":"https:\/\/parafiasmardzewo.pl\/index.php?rest_route=%2Fwp%2Fv2%2Fcategories&post=10408"},{"taxonomy":"post_tag","embeddable":true,"href":"https:\/\/parafiasmardzewo.pl\/index.php?rest_route=%2Fwp%2Fv2%2Ftags&post=10408"}],"curies":[{"name":"wp","href":"https:\/\/api.w.org\/{rel}","templated":true}]}}