{"id":10410,"date":"2025-10-05T23:09:04","date_gmt":"2025-10-05T21:09:04","guid":{"rendered":"https:\/\/parafiasmardzewo.pl\/?p=10410"},"modified":"2025-10-05T23:09:11","modified_gmt":"2025-10-05T21:09:11","slug":"msze-swiete-od-6-12-pazdziernika-2025","status":"publish","type":"post","link":"https:\/\/parafiasmardzewo.pl\/?p=10410","title":{"rendered":"Msze \u015awi\u0119te od 6 &#8211; 12 pa\u017adziernika 2025"},"content":{"rendered":"<p><strong>Poniedzia\u0142ek<\/strong><\/p>\n<p><strong>godz. 13.00 + <\/strong>Hanna Zientarska &#8211; <strong>pogrzeb <\/strong><\/p>\n<p><strong>godz. 16.00<\/strong> + Marianna i Roman Nowakowscy<\/p>\n<p><strong>Wtorek<\/strong><\/p>\n<p><strong>godz. 7.30 <\/strong>+ Piotr Jasi\u0144ski &#8211; int. p.<\/p>\n<p><strong>godz. 16.00 +<\/strong> \u00a0Genowefa Wi\u015bniewska int. p.<\/p>\n<p><strong>\u015aroda<\/strong><\/p>\n<p><strong>godz. 16.30<\/strong> <strong>R\u00f3\u017caniec<\/strong><\/p>\n<p><strong>godz. 17.00<\/strong> Msza \u015awi\u0119ta w intencji Ojczyzny<\/p>\n<p><strong>Czwartek\u00a0\u00a0\u00a0\u00a0\u00a0\u00a0\u00a0\u00a0\u00a0\u00a0\u00a0\u00a0\u00a0\u00a0\u00a0\u00a0\u00a0\u00a0\u00a0\u00a0\u00a0\u00a0\u00a0\u00a0\u00a0\u00a0\u00a0\u00a0\u00a0\u00a0\u00a0\u00a0\u00a0\u00a0\u00a0\u00a0\u00a0\u00a0\u00a0\u00a0\u00a0\u00a0\u00a0\u00a0\u00a0\u00a0\u00a0\u00a0\u00a0\u00a0\u00a0\u00a0\u00a0\u00a0\u00a0\u00a0\u00a0\u00a0\u00a0\u00a0\u00a0\u00a0\u00a0\u00a0\u00a0\u00a0\u00a0\u00a0\u00a0\u00a0\u00a0\u00a0\u00a0\u00a0\u00a0\u00a0\u00a0\u00a0\u00a0\u00a0\u00a0\u00a0\u00a0\u00a0\u00a0\u00a0\u00a0\u00a0\u00a0\u00a0\u00a0\u00a0\u00a0\u00a0\u00a0\u00a0\u00a0\u00a0\u00a0\u00a0\u00a0\u00a0\u00a0\u00a0\u00a0\u00a0\u00a0\u00a0\u00a0\u00a0\u00a0\u00a0\u00a0\u00a0\u00a0\u00a0\u00a0\u00a0\u00a0\u00a0\u00a0\u00a0\u00a0\u00a0\u00a0\u00a0\u00a0\u00a0\u00a0\u00a0\u00a0\u00a0\u00a0\u00a0\u00a0\u00a0\u00a0\u00a0\u00a0\u00a0\u00a0\u00a0\u00a0\u00a0\u00a0\u00a0\u00a0\u00a0\u00a0\u00a0\u00a0\u00a0\u00a0\u00a0\u00a0\u00a0\u00a0\u00a0\u00a0 <\/strong><\/p>\n<p><strong>godz. 7.30 + <\/strong>\u00a0Janusz Jakubowski \u00a0\u2013 int. p.<\/p>\n<p><strong>godz. 16.00<\/strong> + \u00a0Teresa Duszy\u0144ska i nt. p.<\/p>\n<p><strong>Pi\u0105tek<\/strong><\/p>\n<p><strong>godz. 7.30 + <\/strong>\u00a0Piotr B\u0142aszkowski &#8211; int. p.<\/p>\n<p><strong>godz. 16.00 <\/strong>+ Janusz Czarnecki<\/p>\n<p><strong>Sobota\u00a0\u00a0\u00a0\u00a0\u00a0 <\/strong><strong>\u00a0\u00a0\u00a0\u00a0\u00a0\u00a0\u00a0\u00a0\u00a0\u00a0\u00a0\u00a0\u00a0\u00a0\u00a0\u00a0\u00a0\u00a0\u00a0\u00a0\u00a0\u00a0\u00a0\u00a0\u00a0\u00a0\u00a0\u00a0\u00a0\u00a0\u00a0\u00a0\u00a0\u00a0\u00a0\u00a0\u00a0\u00a0\u00a0\u00a0\u00a0\u00a0\u00a0\u00a0\u00a0\u00a0\u00a0\u00a0\u00a0\u00a0\u00a0\u00a0\u00a0\u00a0\u00a0\u00a0\u00a0\u00a0\u00a0\u00a0\u00a0\u00a0\u00a0\u00a0\u00a0\u00a0\u00a0\u00a0\u00a0\u00a0\u00a0\u00a0\u00a0\u00a0\u00a0\u00a0\u00a0\u00a0\u00a0\u00a0\u00a0\u00a0\u00a0\u00a0\u00a0\u00a0\u00a0\u00a0\u00a0\u00a0\u00a0\u00a0\u00a0\u00a0\u00a0\u00a0\u00a0\u00a0\u00a0\u00a0\u00a0\u00a0\u00a0\u00a0\u00a0\u00a0\u00a0\u00a0\u00a0\u00a0\u00a0\u00a0\u00a0\u00a0\u00a0\u00a0\u00a0\u00a0\u00a0\u00a0\u00a0\u00a0\u00a0\u00a0\u00a0\u00a0\u00a0\u00a0\u00a0\u00a0\u00a0\u00a0\u00a0\u00a0\u00a0\u00a0\u00a0\u00a0\u00a0\u00a0\u00a0\u00a0\u00a0\u00a0\u00a0\u00a0\u00a0\u00a0\u00a0\u00a0\u00a0\u00a0\u00a0<\/strong><\/p>\n<p><strong>godz.11.15 BISKUP PIOTR LIBERA W INTENCJI PIELGRZYM\u00d3W<\/strong><\/p>\n<p><strong>godz. 16.00 \u00a0+ <\/strong>r-c\u00f3w Janin\u0119 i J\u00f3zefa Dworakowskich, r-c\u00f3w Mari\u0119 i Wac\u0142awa (m) Mackiewicz\u00f3w, Gra\u017cyn\u0119 Wody\u0144sk\u0105, Zofi\u0119 i Boles\u0142awa Pietruskich, ma\u0142\u017ce\u0144stwo Studzi\u0144skich, Ann\u0119 Pi\u00f3rkowsk\u0105<\/p>\n<p><strong>godz. 18.00<\/strong> \u015blub \u2013 Klaudia Lewandowska i Cezary Podlecki<\/p>\n<p><strong>Niedziela <\/strong><\/p>\n<p><strong>godz. 9.00 \u00a0<\/strong>Dzi\u0119kczynna i o Bo\u017ce b\u0142ogos\u0142awie\u0144stwo dla P. El\u017cbiety i Zbigniewa Ko\u0142paczy\u0144skich w 40. rocznic\u0119 \u015blubu<strong>;\u00a0 2) <\/strong>+ Stanis\u0142aw Bramowicz \u2013 rocznica \u015bmierci (2) i dziadk\u00f3w Bramowicz\u00f3w;<\/p>\n<p><strong>godz. 10.45 \u00a0<\/strong>Dzi\u0119kczynna i o Bo\u017ce b\u0142ogos\u0142awie\u0144stwo dla Oliwii Wi\u015bniewskiej w 18. rocznic\u0119 urodzin ; 2) + Teresa Wierzchowska<\/p>\n<p><strong>godz. 16.00<\/strong> \u00a0+ Eugeniusz Ryzi\u0144ski \u2013 rocznica \u015bmierci(10) \u00a02) Ryszard\u00a0 (rocznica \u015bmierci) i Genowefa Gawkowscy i dziadk\u00f3w Gawkowskich<\/p>\n<p>&nbsp;<\/p>\n","protected":false},"excerpt":{"rendered":"<p>Poniedzia\u0142ek godz. 13.00 + Hanna Zientarska &#8211; pogrzeb godz. 16.00 + Marianna i Roman Nowakowscy Wtorek godz. 7.30 + Piotr Jasi\u0144ski &#8211; int. p. godz. 16.00 + \u00a0Genowefa Wi\u015bniewska int. p. \u015aroda godz. 16.30 R\u00f3\u017caniec godz. 17.00 Msza \u015awi\u0119ta w intencji Ojczyzny Czwartek\u00a0\u00a0\u00a0\u00a0\u00a0\u00a0\u00a0\u00a0\u00a0\u00a0\u00a0\u00a0\u00a0\u00a0\u00a0\u00a0\u00a0\u00a0\u00a0\u00a0\u00a0\u00a0\u00a0\u00a0\u00a0\u00a0\u00a0\u00a0\u00a0\u00a0\u00a0\u00a0\u00a0\u00a0\u00a0\u00a0\u00a0\u00a0\u00a0\u00a0\u00a0\u00a0\u00a0\u00a0\u00a0\u00a0\u00a0\u00a0\u00a0\u00a0\u00a0\u00a0\u00a0\u00a0\u00a0\u00a0\u00a0\u00a0\u00a0\u00a0\u00a0\u00a0\u00a0\u00a0\u00a0\u00a0\u00a0\u00a0\u00a0\u00a0\u00a0\u00a0\u00a0\u00a0\u00a0\u00a0\u00a0\u00a0\u00a0\u00a0\u00a0\u00a0\u00a0\u00a0\u00a0\u00a0\u00a0\u00a0\u00a0\u00a0\u00a0\u00a0\u00a0\u00a0\u00a0\u00a0\u00a0\u00a0\u00a0\u00a0\u00a0\u00a0\u00a0\u00a0\u00a0\u00a0\u00a0\u00a0\u00a0\u00a0\u00a0\u00a0\u00a0\u00a0\u00a0\u00a0\u00a0\u00a0\u00a0\u00a0\u00a0\u00a0\u00a0\u00a0\u00a0\u00a0\u00a0\u00a0\u00a0\u00a0\u00a0\u00a0\u00a0\u00a0\u00a0\u00a0\u00a0\u00a0\u00a0\u00a0\u00a0\u00a0\u00a0\u00a0\u00a0\u00a0\u00a0\u00a0\u00a0\u00a0\u00a0\u00a0\u00a0\u00a0\u00a0\u00a0\u00a0\u00a0\u00a0 godz. 7.30 + \u00a0Janusz Jakubowski \u00a0\u2013 int. p. godz. 16.00 + \u00a0Teresa &hellip; <\/p>\n<p><a class=\"more-link btn\" href=\"https:\/\/parafiasmardzewo.pl\/?p=10410\">Kontynuuj czytanie<\/a><\/p>\n","protected":false},"author":2,"featured_media":10400,"comment_status":"open","ping_status":"open","sticky":false,"template":"","format":"standard","meta":[],"categories":[1],"tags":[],"_links":{"self":[{"href":"https:\/\/parafiasmardzewo.pl\/index.php?rest_route=\/wp\/v2\/posts\/10410"}],"collection":[{"href":"https:\/\/parafiasmardzewo.pl\/index.php?rest_route=\/wp\/v2\/posts"}],"about":[{"href":"https:\/\/parafiasmardzewo.pl\/index.php?rest_route=\/wp\/v2\/types\/post"}],"author":[{"embeddable":true,"href":"https:\/\/parafiasmardzewo.pl\/index.php?rest_route=\/wp\/v2\/users\/2"}],"replies":[{"embeddable":true,"href":"https:\/\/parafiasmardzewo.pl\/index.php?rest_route=%2Fwp%2Fv2%2Fcomments&post=10410"}],"version-history":[{"count":1,"href":"https:\/\/parafiasmardzewo.pl\/index.php?rest_route=\/wp\/v2\/posts\/10410\/revisions"}],"predecessor-version":[{"id":10411,"href":"https:\/\/parafiasmardzewo.pl\/index.php?rest_route=\/wp\/v2\/posts\/10410\/revisions\/10411"}],"wp:featuredmedia":[{"embeddable":true,"href":"https:\/\/parafiasmardzewo.pl\/index.php?rest_route=\/wp\/v2\/media\/10400"}],"wp:attachment":[{"href":"https:\/\/parafiasmardzewo.pl\/index.php?rest_route=%2Fwp%2Fv2%2Fmedia&parent=10410"}],"wp:term":[{"taxonomy":"category","embeddable":true,"href":"https:\/\/parafiasmardzewo.pl\/index.php?rest_route=%2Fwp%2Fv2%2Fcategories&post=10410"},{"taxonomy":"post_tag","embeddable":true,"href":"https:\/\/parafiasmardzewo.pl\/index.php?rest_route=%2Fwp%2Fv2%2Ftags&post=10410"}],"curies":[{"name":"wp","href":"https:\/\/api.w.org\/{rel}","templated":true}]}}