{"id":10413,"date":"2025-10-11T21:47:16","date_gmt":"2025-10-11T19:47:16","guid":{"rendered":"https:\/\/parafiasmardzewo.pl\/?p=10413"},"modified":"2025-10-11T22:27:10","modified_gmt":"2025-10-11T20:27:10","slug":"dwudziesta-osma-niedziela-w-ciagu-roku-12-x-2025","status":"publish","type":"post","link":"https:\/\/parafiasmardzewo.pl\/?p=10413","title":{"rendered":"DWUDZIESTA \u00d3SMA NIEDZIELA W CI\u0104GU ROKU 12 X 2025"},"content":{"rendered":"<p><strong>OG\u0141OSZENIA DUSZPASTERSKIE<\/strong><\/p>\n<ol>\n<li>Dzisiaj, po Eucharystii o godz. 9.00 b\u0119dzie spotkanie z dzie\u0107mi przygotowuj\u0105cymi si\u0119 do Pierwszej Komunii \u015awi\u0119tej (kl. III) i do odnowienia przyrzecze\u0144 Chrztu \u015awi\u0119tego (kl. IV).<\/li>\n<li>W dzisiejsz\u0105 niedziel\u0119 kolejny raz w naszym kraju obchodzimy Dzie\u0144 Papieski. Dzi\u015b, a\u00a0tak\u017ce w czwartek, 16 pa\u017adziernika (liturgiczne wspomnienie \u015awi\u0119tej Jadwigi \u015al\u0105skiej) \u2013 w\u00a0dzie\u0144 powo\u0142ania \u015awi\u0119tego Jana Paw\u0142a II na Stolic\u0119 Piotrow\u0105 \u2013 dzi\u0119kujemy Bogu za wieloletni\u0105 pos\u0142ug\u0119 papie\u017ca Polaka, a jednocze\u015bnie prosimy o jego wstawiennictwo, aby\u015bmy wytrwali na wytyczonej przez niego drodze.<\/li>\n<li>Dzisiaj swoimi ofiarami wspieramy Fundacj\u0119 \u201eDzie\u0142o Nowego Tysi\u0105clecia\u201d, kt\u00f3ra zosta\u0142a powo\u0142ana przez Episkopat Polski dla upami\u0119tnienia pontyfikatu Ojca \u015awi\u0119tego Jana Paw\u0142a II. G\u0142\u00f3wnym celem fundacji jest promowanie nauczania papie\u017ca Polaka i wspieranie okre\u015blonych przedsi\u0119wzi\u0119\u0107 spo\u0142ecznych, g\u0142\u00f3wnie w dziedzinie edukacji i kultury. Z tych \u015brodk\u00f3w mi\u0119dzy innymi fundowane s\u0105 stypendia dla uzdolnionej, a pochodz\u0105cej z ubogich rodzin m\u0142odzie\u017cy. Polecam t\u0119 zbi\u00f3rk\u0119 \u017cyczliwo\u015bci Parafian.<\/li>\n<li>W poniedzia\u0142ek, 13 pa\u017adziernika, zapraszam na godz. 18.00 na Msz\u0119 \u015awi\u0119t\u0105 i nabo\u017ce\u0144stwo fatimskie.<\/li>\n<li>We wtorek, 14 pa\u017adziernika, przypada Dzie\u0144 Edukacji Narodowej. Wspierajmy nauczycieli i wychowawc\u00f3w nasz\u0105 \u017cyczliwo\u015bci\u0105, a przede gor\u0105c\u0105 modlitw\u0105. Zapraszam na Msz\u0119 \u015awi\u0119t\u0105 o\u00a0godz. 16.00 i r\u00f3\u017caniec w intencji nauczycieli, wychowawc\u00f3w, katechet\u00f3w i wszystkich pracownik\u00f3w o\u015bwiaty z naszej parafii.<\/li>\n<li>W \u015brod\u0119, 15 pa\u017adziernika, w liturgiczne wspomnienie \u015awi\u0119tej Teresy od Jezusa, obchodzimy Dzie\u0144 Dziecka Utraconego. Ma on nam przypomina\u0107, \u017ce cz\u0119sto rodzice, kt\u00f3rzy odprowadzili swoje dziecko do bram wieczno\u015bci, nie zawsze oczekuj\u0105 jakiego\u015b specjalnego pocieszenia, ale potrzebuj\u0105 naszej modlitwy, kt\u00f3ra pomo\u017ce im przetrwa\u0107 niezwykle trudny czas.<\/li>\n<li>W sobot\u0119, 18 pa\u017adziernika, w kalendarzu liturgicznym przypada \u015bwi\u0119to \u015awi\u0119tego \u0141ukasza Ewangelisty. Jest to Dzie\u0144 Modlitw za Pracownik\u00f3w S\u0142u\u017cby Zdrowia. Pami\u0119tajmy o nich w\u00a0naszej modlitwie.<\/li>\n<li>Przez ca\u0142y pa\u017adziernik z Maryj\u0105 trwamy na modlitwie r\u00f3\u017ca\u0144cowej. Rozwa\u017caj\u0105c tajemnice z\u00a0\u017cycia Jezusa i Maryi, w r\u00f3\u017ca\u0144cowe dziesi\u0105tki wplatamy wszystkie nasze sprawy osobiste, sprawy naszych rodzin, narodu, Ko\u015bcio\u0142a<\/li>\n<li>W ramach obchodzonego w Ko\u015bciele powszechnym Roku Jubileuszowego 2025 od\u00a0soboty, 18 pa\u017adziernika, do niedzieli, 19 pa\u017adziernika, sw\u00f3j Jubileusz obchodzi \u015bwiat misyjny.<\/li>\n<li>Wczoraj go\u015bcili\u015bmy cz\u0142onk\u00f3w K\u00f3\u0142 R\u00f3\u017ca\u0144cowych z diecezji p\u0142ockiej. G\u0142\u00f3wnym punktem spotkania by\u0142a Masza \u015awi\u0119ta, kt\u00f3rej przewodniczy\u0142 ks. Biskup Piotr Libera. Dzi\u0119kuj\u0119 wszystkim, kt\u00f3rzy w\u0142\u0105czyli si\u0119 w przygotowaniu i przebiegu uroczysto\u015bci. Dzi\u0119kuj\u0119 s\u0142u\u017cbie liturgicznej, stra\u017cakom OSP Smardzewo, panu organi\u015bcie i panu ko\u015bcielnemu. Dzi\u0119kuj\u0119 pa\u0144stwu Gierkowskim za posadzenie kwiat\u00f3w przed ko\u015bcio\u0142em. Dzi\u0119kuj\u0119 paniom: Danucie Kr\u00f3l, Jolancie Zieli\u0144skiej i Bo\u017cenie Chojnackiej za w\u0142\u0105czenie si\u0119 w przygotowanie spotkania.<\/li>\n<li>W tym tygodniu z naszej wsp\u00f3lnoty odesz\u0142a do wieczno\u015bci \u015bw. p. Hanna Zientarska, kt\u00f3ra prze\u017cy\u0142a 88 lat. Od uczestnik\u00f3w pogrzebu b\u0119dzie odprawionych 11 Mszy \u015awi\u0119tych.<\/li>\n<li>Zach\u0119cam do nabycia prasy katolickiej.<\/li>\n<\/ol>\n<p><strong>\u00a0<\/strong><\/p>\n","protected":false},"excerpt":{"rendered":"<p>OG\u0141OSZENIA DUSZPASTERSKIE Dzisiaj, po Eucharystii o godz. 9.00 b\u0119dzie spotkanie z dzie\u0107mi przygotowuj\u0105cymi si\u0119 do Pierwszej Komunii \u015awi\u0119tej (kl. III) i do odnowienia przyrzecze\u0144 Chrztu \u015awi\u0119tego (kl. IV). W dzisiejsz\u0105 niedziel\u0119 kolejny raz w naszym kraju obchodzimy Dzie\u0144 Papieski. Dzi\u015b, a\u00a0tak\u017ce w czwartek, 16 pa\u017adziernika (liturgiczne wspomnienie \u015awi\u0119tej Jadwigi \u015al\u0105skiej) \u2013 w\u00a0dzie\u0144 powo\u0142ania \u015awi\u0119tego Jana &hellip; <\/p>\n<p><a class=\"more-link btn\" href=\"https:\/\/parafiasmardzewo.pl\/?p=10413\">Kontynuuj czytanie<\/a><\/p>\n","protected":false},"author":2,"featured_media":5378,"comment_status":"open","ping_status":"open","sticky":false,"template":"","format":"standard","meta":[],"categories":[2],"tags":[],"_links":{"self":[{"href":"https:\/\/parafiasmardzewo.pl\/index.php?rest_route=\/wp\/v2\/posts\/10413"}],"collection":[{"href":"https:\/\/parafiasmardzewo.pl\/index.php?rest_route=\/wp\/v2\/posts"}],"about":[{"href":"https:\/\/parafiasmardzewo.pl\/index.php?rest_route=\/wp\/v2\/types\/post"}],"author":[{"embeddable":true,"href":"https:\/\/parafiasmardzewo.pl\/index.php?rest_route=\/wp\/v2\/users\/2"}],"replies":[{"embeddable":true,"href":"https:\/\/parafiasmardzewo.pl\/index.php?rest_route=%2Fwp%2Fv2%2Fcomments&post=10413"}],"version-history":[{"count":3,"href":"https:\/\/parafiasmardzewo.pl\/index.php?rest_route=\/wp\/v2\/posts\/10413\/revisions"}],"predecessor-version":[{"id":10416,"href":"https:\/\/parafiasmardzewo.pl\/index.php?rest_route=\/wp\/v2\/posts\/10413\/revisions\/10416"}],"wp:featuredmedia":[{"embeddable":true,"href":"https:\/\/parafiasmardzewo.pl\/index.php?rest_route=\/wp\/v2\/media\/5378"}],"wp:attachment":[{"href":"https:\/\/parafiasmardzewo.pl\/index.php?rest_route=%2Fwp%2Fv2%2Fmedia&parent=10413"}],"wp:term":[{"taxonomy":"category","embeddable":true,"href":"https:\/\/parafiasmardzewo.pl\/index.php?rest_route=%2Fwp%2Fv2%2Fcategories&post=10413"},{"taxonomy":"post_tag","embeddable":true,"href":"https:\/\/parafiasmardzewo.pl\/index.php?rest_route=%2Fwp%2Fv2%2Ftags&post=10413"}],"curies":[{"name":"wp","href":"https:\/\/api.w.org\/{rel}","templated":true}]}}