{"id":10419,"date":"2025-10-18T15:28:00","date_gmt":"2025-10-18T13:28:00","guid":{"rendered":"https:\/\/parafiasmardzewo.pl\/?p=10419"},"modified":"2025-10-18T15:31:58","modified_gmt":"2025-10-18T13:31:58","slug":"dwudziesta-dziewiata-niedziela-w-ciagu-roku-19-x-2025","status":"publish","type":"post","link":"https:\/\/parafiasmardzewo.pl\/?p=10419","title":{"rendered":"DWUDZIESTA DZIEWI\u0104TA NIEDZIELA W CI\u0104GU ROKU &#8211; 19 X 2025"},"content":{"rendered":"<p><strong>OG\u0141OSZENIA DUSZPASTERSKIE<\/strong><\/p>\n<ol>\n<li>Dzisiejsza niedziela w ca\u0142ym Ko\u015bciele po\u015bwi\u0119cona jest sprawie misji. Rozpoczyna si\u0119 Tydzie\u0144 Misyjny. Modlimy si\u0119 w intencji misji i misjonarzy zakonnych i \u015bwieckich. \u015awiatowy Dzie\u0144 Misyjny u\u015bwiadamia nam te\u017c, jak bardzo Ko\u015bci\u00f3\u0142 jest r\u00f3\u017cnorodny, a przez to rzeczywi\u015bcie powszechny. To mozaika kultur, ras, j\u0119zyk\u00f3w i zwyczaj\u00f3w. Wielkie dzie\u0142o misyjne wspieramy na r\u00f3\u017cne sposoby, dzisiaj tak\u017ce sk\u0142adaj\u0105c ofiary na Papieskie Dzie\u0142a Misyjne.<\/li>\n<li>Ka\u017cdy chrze\u015bcijanin na mocy sakramentu chrztu powo\u0142any jest do bezpo\u015bredniego zaanga\u017cowania si\u0119 na rzecz g\u0142oszenia Ewangelii. Pami\u0119tamy, \u017ce nieustannie mamy by\u0107 \u015bwiat\u0142em dla ca\u0142ej ludzko\u015bci w pielgrzymce wiary. <strong>Po Eucharystii o godz. 9.00 b\u0119dzie spotkanie z kl. III i IV.<\/strong><\/li>\n<li>Dzisiaj przypada r\u00f3wnie\u017c Narodowy Dzie\u0144 Pami\u0119ci Duchownych Niez\u0142omnych. Zosta\u0142 ustanowiony przez Sejm Rzeczypospolitej Polskiej w 2018 roku. Dzie\u0144 ten ma by\u0107 wyrazem ho\u0142du dla kap\u0142an\u00f3w i innych os\u00f3b duchownych, kt\u00f3re swoj\u0105 postaw\u0105 da\u0142y \u015bwiadectwo m\u0119stwa i patriotyzmu, a niejednokrotnie przela\u0142y te\u017c krew w obronie naszej Ojczyzny.<\/li>\n<li>Wszystkich parafian zapraszam na nabo\u017ce\u0144stwa r\u00f3\u017ca\u0144cowe! Matka Bo\u017ca w swych objawieniach wskazuje na r\u00f3\u017caniec jako mistyczn\u0105 bro\u0144 i narz\u0119dzie Bo\u017cych zwyci\u0119stw. Jako chrze\u015bcijanie nie walczymy mieczem. Naszym or\u0119\u017cem jest r\u00f3\u017caniec. Codziennie w naszym ko\u015bciele gromadzimy si\u0119 na wieczornej Eucharystii o godz. 16.00, a po niej odprawiamy nabo\u017ce\u0144stwo r\u00f3\u017ca\u0144cowe.<\/li>\n<li>W \u015brod\u0119, 22 pa\u017adziernika, przypada liturgiczne wspomnienie \u015awi\u0119tego Jana Paw\u0142a II, a tak\u017ce 72. rocznica \u015bmierci Czcigodnego S\u0142ugi Bo\u017cego kard. Augusta Hlonda, Prymasa Polski w latach 1926-1948. Jego wielk\u0105 trosk\u0105 by\u0142 nar\u00f3d i Ko\u015bci\u00f3\u0142 nie tylko w\u00a0Ojczy\u017anie, ale tak\u017ce rodacy na emigracji. Aby na wychod\u017astwie nie gin\u0119\u0142y polskie dusze, powo\u0142a\u0142 specjalne zgromadzenie zakonne: Towarzystwo Chrystusowe dla Polonii Zagranicznej. Przez wstawiennictwo Czcigodnego S\u0142ugi Bo\u017cego b\u0119dziemy prosi\u0107 Boga, aby i\u00a0dzi\u015b Polacy poszukuj\u0105cych lepszego bytu za granic\u0105 nie zapominali o wierze ojc\u00f3w i\u00a0o\u00a0w\u0142asnej Ojczy\u017anie.<\/li>\n<li>W sobot\u0119, 25 X br., w Gietrzwa\u0142dzie o godz. 12.00 b\u0119dzie sprawowana Uroczysta Msza \u015awi\u0119ta, kt\u00f3rej b\u0119dzie przewodniczy\u0107 ks. pra\u0142at J\u00f3zef Ni\u017cnik ze Strachociny. Po Eucharystii procesja r\u00f3\u017ca\u0144cowa z relikwiami \u015bw. Andrzeja Boboli, Patrona Polski. Z P\u0142o\u0144ska jest mo\u017cliwo\u015b\u0107 wyjazdu do Gietrzwa\u0142du. Gdyby kto\u015b chcia\u0142 uczestniczy\u0107 w tej uroczysto\u015bci to prosz\u0119 si\u0119 zg\u0142osi\u0107 nr tel. 605684622<\/li>\n<li>W sobot\u0119 te\u017c, 25 X br., w naszej parafii b\u0119dzie grupa ponad 30 os\u00f3b z P\u0142o\u0144ska, kt\u00f3rzy od godz. 10.00 \u2013 17.00 b\u0119d\u0105 dzie\u0144 modlitwy i skupienia.<\/li>\n<li>Zach\u0119cam do nabycia prasy katolickiej.<\/li>\n<\/ol>\n","protected":false},"excerpt":{"rendered":"<p>OG\u0141OSZENIA DUSZPASTERSKIE Dzisiejsza niedziela w ca\u0142ym Ko\u015bciele po\u015bwi\u0119cona jest sprawie misji. Rozpoczyna si\u0119 Tydzie\u0144 Misyjny. Modlimy si\u0119 w intencji misji i misjonarzy zakonnych i \u015bwieckich. \u015awiatowy Dzie\u0144 Misyjny u\u015bwiadamia nam te\u017c, jak bardzo Ko\u015bci\u00f3\u0142 jest r\u00f3\u017cnorodny, a przez to rzeczywi\u015bcie powszechny. To mozaika kultur, ras, j\u0119zyk\u00f3w i zwyczaj\u00f3w. Wielkie dzie\u0142o misyjne wspieramy na r\u00f3\u017cne sposoby, &hellip; <\/p>\n<p><a class=\"more-link btn\" href=\"https:\/\/parafiasmardzewo.pl\/?p=10419\">Kontynuuj czytanie<\/a><\/p>\n","protected":false},"author":2,"featured_media":5378,"comment_status":"open","ping_status":"open","sticky":false,"template":"","format":"standard","meta":[],"categories":[2],"tags":[],"_links":{"self":[{"href":"https:\/\/parafiasmardzewo.pl\/index.php?rest_route=\/wp\/v2\/posts\/10419"}],"collection":[{"href":"https:\/\/parafiasmardzewo.pl\/index.php?rest_route=\/wp\/v2\/posts"}],"about":[{"href":"https:\/\/parafiasmardzewo.pl\/index.php?rest_route=\/wp\/v2\/types\/post"}],"author":[{"embeddable":true,"href":"https:\/\/parafiasmardzewo.pl\/index.php?rest_route=\/wp\/v2\/users\/2"}],"replies":[{"embeddable":true,"href":"https:\/\/parafiasmardzewo.pl\/index.php?rest_route=%2Fwp%2Fv2%2Fcomments&post=10419"}],"version-history":[{"count":2,"href":"https:\/\/parafiasmardzewo.pl\/index.php?rest_route=\/wp\/v2\/posts\/10419\/revisions"}],"predecessor-version":[{"id":10421,"href":"https:\/\/parafiasmardzewo.pl\/index.php?rest_route=\/wp\/v2\/posts\/10419\/revisions\/10421"}],"wp:featuredmedia":[{"embeddable":true,"href":"https:\/\/parafiasmardzewo.pl\/index.php?rest_route=\/wp\/v2\/media\/5378"}],"wp:attachment":[{"href":"https:\/\/parafiasmardzewo.pl\/index.php?rest_route=%2Fwp%2Fv2%2Fmedia&parent=10419"}],"wp:term":[{"taxonomy":"category","embeddable":true,"href":"https:\/\/parafiasmardzewo.pl\/index.php?rest_route=%2Fwp%2Fv2%2Fcategories&post=10419"},{"taxonomy":"post_tag","embeddable":true,"href":"https:\/\/parafiasmardzewo.pl\/index.php?rest_route=%2Fwp%2Fv2%2Ftags&post=10419"}],"curies":[{"name":"wp","href":"https:\/\/api.w.org\/{rel}","templated":true}]}}