{"id":10427,"date":"2025-10-25T20:42:04","date_gmt":"2025-10-25T18:42:04","guid":{"rendered":"https:\/\/parafiasmardzewo.pl\/?p=10427"},"modified":"2025-10-25T20:42:04","modified_gmt":"2025-10-25T18:42:04","slug":"trzydziesta-niedziela-w-ciagu-roku-26-x-2025","status":"publish","type":"post","link":"https:\/\/parafiasmardzewo.pl\/?p=10427","title":{"rendered":"TRZYDZIESTA NIEDZIELA W CI\u0104GU ROKU &#8211; 26 X 2025"},"content":{"rendered":"<p><strong>OG\u0141OSZENIA DUSZPASTERSKIE<\/strong><\/p>\n<ol>\n<li>Dzisiaj w ko\u015bcio\u0142ach (poza katedrami), kt\u00f3re zosta\u0142y konsekrowane, ale data ich konsekracji nie jest znana, obchodzona jest uroczysto\u015b\u0107 Po\u015bwi\u0119cenia W\u0142asnego Ko\u015bcio\u0142a. Ka\u017cda \u015bwi\u0105tynia obchodzi w ci\u0105gu roku uroczy\u015bcie dwa dni: dzie\u0144 swojego patrona i dzie\u0144 swojej konsekracji. Dzie\u0144 patrona to jakby dzie\u0144 imienin ko\u015bcio\u0142a. Tego dnia obchodzony jest zazwyczaj odpust parafialny. Natomiast dzie\u0144 po\u015bwi\u0119cenia ko\u015bcio\u0142a jest dniem jego oddania na wy\u0142\u0105czn\u0105 w\u0142asno\u015b\u0107 Panu Boga, aby by\u0142 miejscem modlitwy dla parafialnej wsp\u00f3lnoty i\u00a0miejscem sprawowania kultu. <strong>Po Eucharystii o godz. 9.00 spotkanie z dzie\u0107mi kl. III i IV. <\/strong><\/li>\n<li>We wtorek w liturgii czcimy \u015awi\u0119tych Aposto\u0142\u00f3w Szymona i Jud\u0119 Tadeusza. Zapatrzeni w\u00a0ich \u015bwiadectwo b\u0119dziemy prosi\u0107 Boga o siln\u0105 wiar\u0119. \u015awi\u0119ty Juda Tadeusz uwa\u017cany jest za patrona spraw beznadziejnych, wzywamy go w szczeg\u00f3lnych potrzebach.<\/li>\n<li>W ramach obchodzonego w Ko\u015bciele powszechnym Roku Jubileuszowego 2025 od\u00a0czwartku, 30 pa\u017adziernika, do niedzieli, 2 listopada, sw\u00f3j Jubileusz obchodz\u0105 wszyscy zwi\u0105zani z o\u015bwiat\u0105.<\/li>\n<li>W sobot\u0119, 1 listopada, przypada uroczysto\u015b\u0107 Wszystkich \u015awi\u0119tych. W tym dniu mamy obowi\u0105zek uczestniczenia we Mszy \u015awi\u0119tej. W naszym ko\u015bciele b\u0119d\u0105 one sprawowane wed\u0142ug nast\u0119puj\u0105cego porz\u0105dku: <strong> 8.00 i godz. 10.00, a po niej procesja na cmentarz.<\/strong> W t\u0119 uroczysto\u015b\u0107 uwielbiamy Boga w Jego \u015bwi\u0119tych \u2013 w tych, kt\u00f3rzy przeszli przez \u017cycie wierni Bogu i Jego przykazaniom. Dla nas s\u0105 oni drogowskazami na drodze do wieczno\u015bci.<\/li>\n<li>W niedziel\u0119, 2 listopada, w liturgii wspominamy Wszystkich Wiernych Zmar\u0142ych, jest to tak zwany Dzie\u0144 Zaduszny. W naszym ko\u015bciele tego dnia sprawujemy trzy <strong>Msze \u015awi\u0119te w\u00a0nast\u0119puj\u0105cych godzinach 9.00 \u2013 10.45 \u2013 16.00. <\/strong>Nie zapominajmy te\u017c, \u017ce przez osiem pierwszych dni listopada duszom w czy\u015b\u0107cu mo\u017cemy ofiarowa\u0107 wielki dar \u2013 odpust zupe\u0142ny za pobo\u017cne nawiedzenie cmentarza i zm\u00f3wienie modlitwy w ich intencji oraz spe\u0142nienie pozosta\u0142ych zwyk\u0142ych warunk\u00f3w, to znaczy: stan \u0142aski u\u015bwi\u0119caj\u0105cej, brak przywi\u0105zania do jakiegokolwiek grzechu, przyj\u0119cie Komunii \u015awi\u0119tej, odm\u00f3wienie modlitwy w intencjach wyznaczonych przez papie\u017ca.<\/li>\n<li>Przed nami ostatni tydzie\u0144 r\u00f3\u017ca\u0144cowy. Przypominam, \u017ce codziennie w naszym ko\u015bciele po Eucharystii o\u00a0godz. 16.00\u00a0 celebrujemy nabo\u017ce\u0144stwo r\u00f3\u017ca\u0144cowe. Wszystkich parafian, zw\u0142aszcza tych, kt\u00f3rzy jeszcze z jakich\u015b powod\u00f3w nie uczestniczyli w pa\u017adziernikowym nabo\u017ce\u0144stwie, zapraszam na t\u0119 modlitw\u0119.<\/li>\n<li>Zach\u0119cam do nabycia prasy katolickiej.<\/li>\n<\/ol>\n<p><strong>\u00a0<\/strong><\/p>\n","protected":false},"excerpt":{"rendered":"<p>OG\u0141OSZENIA DUSZPASTERSKIE Dzisiaj w ko\u015bcio\u0142ach (poza katedrami), kt\u00f3re zosta\u0142y konsekrowane, ale data ich konsekracji nie jest znana, obchodzona jest uroczysto\u015b\u0107 Po\u015bwi\u0119cenia W\u0142asnego Ko\u015bcio\u0142a. Ka\u017cda \u015bwi\u0105tynia obchodzi w ci\u0105gu roku uroczy\u015bcie dwa dni: dzie\u0144 swojego patrona i dzie\u0144 swojej konsekracji. Dzie\u0144 patrona to jakby dzie\u0144 imienin ko\u015bcio\u0142a. Tego dnia obchodzony jest zazwyczaj odpust parafialny. Natomiast dzie\u0144 &hellip; <\/p>\n<p><a class=\"more-link btn\" href=\"https:\/\/parafiasmardzewo.pl\/?p=10427\">Kontynuuj czytanie<\/a><\/p>\n","protected":false},"author":2,"featured_media":5378,"comment_status":"open","ping_status":"open","sticky":false,"template":"","format":"standard","meta":[],"categories":[2],"tags":[],"_links":{"self":[{"href":"https:\/\/parafiasmardzewo.pl\/index.php?rest_route=\/wp\/v2\/posts\/10427"}],"collection":[{"href":"https:\/\/parafiasmardzewo.pl\/index.php?rest_route=\/wp\/v2\/posts"}],"about":[{"href":"https:\/\/parafiasmardzewo.pl\/index.php?rest_route=\/wp\/v2\/types\/post"}],"author":[{"embeddable":true,"href":"https:\/\/parafiasmardzewo.pl\/index.php?rest_route=\/wp\/v2\/users\/2"}],"replies":[{"embeddable":true,"href":"https:\/\/parafiasmardzewo.pl\/index.php?rest_route=%2Fwp%2Fv2%2Fcomments&post=10427"}],"version-history":[{"count":1,"href":"https:\/\/parafiasmardzewo.pl\/index.php?rest_route=\/wp\/v2\/posts\/10427\/revisions"}],"predecessor-version":[{"id":10428,"href":"https:\/\/parafiasmardzewo.pl\/index.php?rest_route=\/wp\/v2\/posts\/10427\/revisions\/10428"}],"wp:featuredmedia":[{"embeddable":true,"href":"https:\/\/parafiasmardzewo.pl\/index.php?rest_route=\/wp\/v2\/media\/5378"}],"wp:attachment":[{"href":"https:\/\/parafiasmardzewo.pl\/index.php?rest_route=%2Fwp%2Fv2%2Fmedia&parent=10427"}],"wp:term":[{"taxonomy":"category","embeddable":true,"href":"https:\/\/parafiasmardzewo.pl\/index.php?rest_route=%2Fwp%2Fv2%2Fcategories&post=10427"},{"taxonomy":"post_tag","embeddable":true,"href":"https:\/\/parafiasmardzewo.pl\/index.php?rest_route=%2Fwp%2Fv2%2Ftags&post=10427"}],"curies":[{"name":"wp","href":"https:\/\/api.w.org\/{rel}","templated":true}]}}