{"id":10429,"date":"2025-10-25T23:27:31","date_gmt":"2025-10-25T21:27:31","guid":{"rendered":"https:\/\/parafiasmardzewo.pl\/?p=10429"},"modified":"2025-10-25T23:27:42","modified_gmt":"2025-10-25T21:27:42","slug":"zmarl-ks-kanonik-ignacy-sikorski","status":"publish","type":"post","link":"https:\/\/parafiasmardzewo.pl\/?p=10429","title":{"rendered":"Zmar\u0142 ks. kanonik Ignacy Sikorski"},"content":{"rendered":"<p>Dnia\u00a021 pa\u017adziernika 2025 r. zmar\u0142 ks. kan. Ignacy Sikorski, emerytowany proboszcz parafii Kr\u00f3lewo. Odszed\u0142 do Pana w wieku 90 lat, w 66. roku kap\u0142a\u0144stwa. Przez 30 lat pracowa\u0142\u00a0 jako proboszcz w parafii Kr\u00f3lewo. Od 2006 roku mieszka\u0142 jako emeryt w Domu Ksi\u0119\u017cy Emeryt\u00f3w w P\u0142ocku. Pogrzeb ks. Ignacego Sikorskiego odby\u0142 si\u0119 24 X 2025 r. w Kr\u00f3lewie i tam zosta\u0142 pochowany na grzebalnym cmentarzu.\u00a0\u00a0Mszy \u015awi\u0119tej pogrzebowej przewodniczy\u0142 ks. Biskup Miros\u0142aw Milewski oraz sze\u015b\u0107dziesi\u0119ciu kap\u0142an\u00f3w i liczne grono wiernych z parafii Kr\u00f3lewo oraz innych miejscowo\u015bci.<\/p>\n<p>Ks. Ignacy Sikorski przez 49 lat spowiada\u0142 na odpustach i rekolekcjach w naszej parafii, w Smardzewie.<\/p>\n<p><strong>Wieczny odpoczynek racz Mu da\u0107 Panie\u2026.<\/strong><\/p>\n","protected":false},"excerpt":{"rendered":"<p>Dnia\u00a021 pa\u017adziernika 2025 r. zmar\u0142 ks. kan. Ignacy Sikorski, emerytowany proboszcz parafii Kr\u00f3lewo. Odszed\u0142 do Pana w wieku 90 lat, w 66. roku kap\u0142a\u0144stwa. Przez 30 lat pracowa\u0142\u00a0 jako proboszcz w parafii Kr\u00f3lewo. Od 2006 roku mieszka\u0142 jako emeryt w Domu Ksi\u0119\u017cy Emeryt\u00f3w w P\u0142ocku. Pogrzeb ks. Ignacego Sikorskiego odby\u0142 si\u0119 24 X 2025 r. &hellip; <\/p>\n<p><a class=\"more-link btn\" href=\"https:\/\/parafiasmardzewo.pl\/?p=10429\">Kontynuuj czytanie<\/a><\/p>\n","protected":false},"author":2,"featured_media":849,"comment_status":"open","ping_status":"open","sticky":false,"template":"","format":"standard","meta":[],"categories":[1],"tags":[],"_links":{"self":[{"href":"https:\/\/parafiasmardzewo.pl\/index.php?rest_route=\/wp\/v2\/posts\/10429"}],"collection":[{"href":"https:\/\/parafiasmardzewo.pl\/index.php?rest_route=\/wp\/v2\/posts"}],"about":[{"href":"https:\/\/parafiasmardzewo.pl\/index.php?rest_route=\/wp\/v2\/types\/post"}],"author":[{"embeddable":true,"href":"https:\/\/parafiasmardzewo.pl\/index.php?rest_route=\/wp\/v2\/users\/2"}],"replies":[{"embeddable":true,"href":"https:\/\/parafiasmardzewo.pl\/index.php?rest_route=%2Fwp%2Fv2%2Fcomments&post=10429"}],"version-history":[{"count":1,"href":"https:\/\/parafiasmardzewo.pl\/index.php?rest_route=\/wp\/v2\/posts\/10429\/revisions"}],"predecessor-version":[{"id":10430,"href":"https:\/\/parafiasmardzewo.pl\/index.php?rest_route=\/wp\/v2\/posts\/10429\/revisions\/10430"}],"wp:featuredmedia":[{"embeddable":true,"href":"https:\/\/parafiasmardzewo.pl\/index.php?rest_route=\/wp\/v2\/media\/849"}],"wp:attachment":[{"href":"https:\/\/parafiasmardzewo.pl\/index.php?rest_route=%2Fwp%2Fv2%2Fmedia&parent=10429"}],"wp:term":[{"taxonomy":"category","embeddable":true,"href":"https:\/\/parafiasmardzewo.pl\/index.php?rest_route=%2Fwp%2Fv2%2Fcategories&post=10429"},{"taxonomy":"post_tag","embeddable":true,"href":"https:\/\/parafiasmardzewo.pl\/index.php?rest_route=%2Fwp%2Fv2%2Ftags&post=10429"}],"curies":[{"name":"wp","href":"https:\/\/api.w.org\/{rel}","templated":true}]}}