{"id":10431,"date":"2025-11-01T20:26:48","date_gmt":"2025-11-01T19:26:48","guid":{"rendered":"https:\/\/parafiasmardzewo.pl\/?p=10431"},"modified":"2025-11-01T20:28:53","modified_gmt":"2025-11-01T19:28:53","slug":"wspomnienie-wszystkich-wiernych-zmarlych-2-xi-2025","status":"publish","type":"post","link":"https:\/\/parafiasmardzewo.pl\/?p=10431","title":{"rendered":"WSPOMNIENIE WSZYSTKICH WIERNYCH ZMAR\u0141YCH &#8211; 2 XI 2025"},"content":{"rendered":"<p><strong>OG\u0141OSZENIA DUSZPASTERSKIE<\/strong><\/p>\n<ol>\n<li>W dzisiejsz\u0105 niedziel\u0119 przypada wspomnienie Wszystkich Wiernych Zmar\u0142ych, tak zwany Dzie\u0144 Zaduszny. Cmentarze przypominaj\u0105 nam o przemijaniu i krucho\u015bci ludzkiego \u017cycia, ale jako chrze\u015bcijanie ufamy, \u017ce i nasi bliscy zmarli, i kiedy\u015b my sami, do\u0142\u0105czymy do grona \u015bwi\u0119tych i b\u0142ogos\u0142awionych. Pami\u0119tajmy, \u017ce nie ma \u201e\u015bwi\u0119ta zmar\u0142ych\u201d. W drugim dniu listopada Ko\u015bci\u00f3\u0142 wspomina Wszystkich Wiernych Zmar\u0142ych. Blisko\u015b\u0107 uroczysto\u015bci Wszystkich \u015awi\u0119tych i wspomnienie Wszystkich Wiernych Zmar\u0142ych nie jest przypadkowa. Stanowimy bowiem jeden Ko\u015bci\u00f3\u0142: my jeste\u015bmy jeszcze Ko\u015bcio\u0142em pielgrzymuj\u0105cym do nieba i walcz\u0105cym z grzechem; \u015bwi\u0119ci s\u0105 Ko\u015bcio\u0142em tryumfuj\u0105cym, a zmarli przebywaj\u0105cy w czy\u015b\u0107cu s\u0105 Ko\u015bcio\u0142em oczyszczaj\u0105cym si\u0119. Modl\u0105c si\u0119 za zmar\u0142ych, pomagamy tym, kt\u00f3rzy pokutuj\u0105 w czy\u015b\u0107cu. Ofiarujmy im dar modlitwy, aby jak najszybciej mogli przebywa\u0107 blisko Ojca w niebie. Kandydaci do bierzmowania mog\u0105 przyby\u0107 na godz. 17.00, aby rozpocz\u0105\u0107 pierwsze pi\u0105tki miesi\u0105ca.<\/li>\n<li>Przypominam, \u017ce przez osiem pierwszych dni listopada (do 8 listopada) duszom w czy\u015b\u0107cu mo\u017cemy ofiarowa\u0107 wielki dar \u2013 odpust zupe\u0142ny za pobo\u017cne nawiedzenie cmentarza i\u00a0zm\u00f3wienie modlitwy w ich intencji oraz spe\u0142nienie pozosta\u0142ych zwyk\u0142ych warunk\u00f3w odpustu, to znaczy: stan \u0142aski u\u015bwi\u0119caj\u0105cej, brak przywi\u0105zania do jakiegokolwiek grzechu, przyj\u0119cie Komunii \u015awi\u0119tej, odm\u00f3wienie modlitwy w intencjach wyznaczonych przez papie\u017ca. Niech nasza troska o zmar\u0142ych nie ogranicza si\u0119 tylko do popularnych \u201ewypomink\u00f3w\u201d. Starajmy si\u0119 by\u0107 przy nich cz\u0119\u015bciej i m\u00f3dlmy si\u0119 za nich. Oni odwdzi\u0119cz\u0105 si\u0119 nam swoimi modlitwami i swoim wstawiennictwem przed Bogiem.<\/li>\n<li>W tym tygodniu przypada Pierwszy Czwartek i Pierwszy Pi\u0105tek miesi\u0105ca. W Pierwszy Czwartek (6 listopada) b\u0119dziemy dzi\u0119kowali Panu Bogu za dar Eucharystii, b\u0119dziemy si\u0119 te\u017c modlili o liczne i\u00a0\u015bwi\u0119te powo\u0142ania kap\u0142a\u0144skie i\u00a0zakonne. W Pierwszy Pi\u0105tek (7 listopada) b\u0119dzie szczeg\u00f3lna okazja do oddania czci Naj\u015bwi\u0119tszemu Sercu Pana Jezusa oraz do pojednania si\u0119 z Bogiem i\u00a0bra\u0107mi.- Adoracja Naj\u015bwi\u0119tszego Sakramentu z nabo\u017ce\u0144stwem pierwszopi\u0105tkowym oraz okazja do spowiedzi \u015bwi\u0119tej w naszym ko\u015bciele po Eucharystii o godz. 16.00. Spowied\u017a od godz.15.30.<\/li>\n<li>W przysz\u0142\u0105 niedziel\u0119, 9 listopada, b\u0119dziemy \u015bwi\u0119towa\u0107 Rocznic\u0119 Po\u015bwi\u0119cenia Bazyliki Latera\u0144skiej. To \u015bwi\u0119to podpowiada nam, \u017ce jeste\u015bmy cz\u0105stk\u0105 jednego wielkiego Ko\u015bcio\u0142a powszechnego. Nazwa \u201erzymskokatolicki\u201d wskazuje na szczeg\u00f3lne znaczenie, jakie pe\u0142ni w\u00a0nim Rzym. Bazylika Latera\u0144ska jest katedr\u0105 Rzymu i matk\u0105 wszystkich ko\u015bcio\u0142\u00f3w \u015bwiata. Przez tysi\u0105c lat koncentrowa\u0142o si\u0119 przy niej \u017cycie Ko\u015bcio\u0142a i nawet kiedy wybudowano bazylik\u0119 nad grobem \u015awi\u0119tego Piotra Aposto\u0142a na Watykanie, Bazylika Latera\u0144ska zachowa\u0142a status katedry biskupa Rzymu. Do dzi\u015b nad wej\u015bciem do Bazyliki Latera\u0144skiej znajduje si\u0119 \u0142aci\u0144ski napis: \u201eMatka i\u00a0G\u0142owa wszystkich ko\u015bcio\u0142\u00f3w Miasta i \u015awiata\u201d.<\/li>\n<li>Przysz\u0142\u0105 niedziel\u0119 b\u0119dziemy prze\u017cywali te\u017c jako Dzie\u0144 Solidarno\u015bci z Ko\u015bcio\u0142em Prze\u015bladowanym.<\/li>\n<li>Zach\u0119cam do nabycia prasy katolickiej.<\/li>\n<\/ol>\n<p>&nbsp;<\/p>\n<p>&nbsp;<\/p>\n","protected":false},"excerpt":{"rendered":"<p>OG\u0141OSZENIA DUSZPASTERSKIE W dzisiejsz\u0105 niedziel\u0119 przypada wspomnienie Wszystkich Wiernych Zmar\u0142ych, tak zwany Dzie\u0144 Zaduszny. Cmentarze przypominaj\u0105 nam o przemijaniu i krucho\u015bci ludzkiego \u017cycia, ale jako chrze\u015bcijanie ufamy, \u017ce i nasi bliscy zmarli, i kiedy\u015b my sami, do\u0142\u0105czymy do grona \u015bwi\u0119tych i b\u0142ogos\u0142awionych. Pami\u0119tajmy, \u017ce nie ma \u201e\u015bwi\u0119ta zmar\u0142ych\u201d. W drugim dniu listopada Ko\u015bci\u00f3\u0142 wspomina Wszystkich &hellip; <\/p>\n<p><a class=\"more-link btn\" href=\"https:\/\/parafiasmardzewo.pl\/?p=10431\">Kontynuuj czytanie<\/a><\/p>\n","protected":false},"author":2,"featured_media":5378,"comment_status":"open","ping_status":"open","sticky":false,"template":"","format":"standard","meta":[],"categories":[2],"tags":[],"_links":{"self":[{"href":"https:\/\/parafiasmardzewo.pl\/index.php?rest_route=\/wp\/v2\/posts\/10431"}],"collection":[{"href":"https:\/\/parafiasmardzewo.pl\/index.php?rest_route=\/wp\/v2\/posts"}],"about":[{"href":"https:\/\/parafiasmardzewo.pl\/index.php?rest_route=\/wp\/v2\/types\/post"}],"author":[{"embeddable":true,"href":"https:\/\/parafiasmardzewo.pl\/index.php?rest_route=\/wp\/v2\/users\/2"}],"replies":[{"embeddable":true,"href":"https:\/\/parafiasmardzewo.pl\/index.php?rest_route=%2Fwp%2Fv2%2Fcomments&post=10431"}],"version-history":[{"count":3,"href":"https:\/\/parafiasmardzewo.pl\/index.php?rest_route=\/wp\/v2\/posts\/10431\/revisions"}],"predecessor-version":[{"id":10434,"href":"https:\/\/parafiasmardzewo.pl\/index.php?rest_route=\/wp\/v2\/posts\/10431\/revisions\/10434"}],"wp:featuredmedia":[{"embeddable":true,"href":"https:\/\/parafiasmardzewo.pl\/index.php?rest_route=\/wp\/v2\/media\/5378"}],"wp:attachment":[{"href":"https:\/\/parafiasmardzewo.pl\/index.php?rest_route=%2Fwp%2Fv2%2Fmedia&parent=10431"}],"wp:term":[{"taxonomy":"category","embeddable":true,"href":"https:\/\/parafiasmardzewo.pl\/index.php?rest_route=%2Fwp%2Fv2%2Fcategories&post=10431"},{"taxonomy":"post_tag","embeddable":true,"href":"https:\/\/parafiasmardzewo.pl\/index.php?rest_route=%2Fwp%2Fv2%2Ftags&post=10431"}],"curies":[{"name":"wp","href":"https:\/\/api.w.org\/{rel}","templated":true}]}}