{"id":10438,"date":"2025-11-08T17:53:47","date_gmt":"2025-11-08T16:53:47","guid":{"rendered":"https:\/\/parafiasmardzewo.pl\/?p=10438"},"modified":"2025-11-08T17:54:21","modified_gmt":"2025-11-08T16:54:21","slug":"rocznica-poswiecenia-bazyliki-lateranskiej","status":"publish","type":"post","link":"https:\/\/parafiasmardzewo.pl\/?p=10438","title":{"rendered":"ROCZNICA PO\u015aWI\u0118CENIA BAZYLIKI LATERA\u0143SKIEJ"},"content":{"rendered":"<p><strong>OG\u0141OSZENIA DUSZPASTERSKIE<\/strong><\/p>\n<ol>\n<li>W dzisiejsz\u0105 niedziel\u0119 przypada \u015bwi\u0119to Rocznicy Po\u015bwi\u0119cenia Bazyliki Latera\u0144skiej. To \u015bwi\u0119to przypomina, \u017ce jeste\u015bmy cz\u0105stk\u0105 jednego Ko\u015bcio\u0142a powszechnego. Bazylika Latera\u0144ska jest katedr\u0105 biskupa Rzymu, czyli papie\u017ca, i matk\u0105 wszystkich ko\u015bcio\u0142\u00f3w \u015bwiata. Przez tysi\u0105c lat koncentrowa\u0142o si\u0119 przy niej \u017cycie Ko\u015bcio\u0142a. Nawet kiedy wybudowano bazylik\u0119 nad grobem \u015awi\u0119tego Piotra Aposto\u0142a na Watykanie, Bazylika Latera\u0144ska zachowa\u0142a status katedry biskupa Rzymu. Do dzi\u015b nad wej\u015bciem do Bazyliki Latera\u0144skiej znajduje si\u0119 \u0142aci\u0144ski napis: \u201eMatka i G\u0142owa wszystkich ko\u015bcio\u0142\u00f3w Miasta i \u015awiata\u201d.<\/li>\n<li>W t\u0119 dzisiejsz\u0105 \u2013 drug\u0105 niedziel\u0119 listopada solidaryzujemy si\u0119 z Ko\u015bcio\u0142em prze\u015bladowanym w r\u00f3\u017cnych cz\u0119\u015bciach \u015bwiata. My cieszymy si\u0119 wolno\u015bci\u0105 religijn\u0105, mo\u017cemy swobodnie wyznawa\u0107 wiar\u0119 w Boga i okazywa\u0107 przywi\u0105zanie do Ko\u015bcio\u0142a. Nie mo\u017cemy jednak zapomina\u0107, \u017ce s\u0105 na \u015bwiecie kraje i narody, gdzie chrze\u015bcija\u0144stwo jest prze\u015bladowane. Wielu wyznawc\u00f3w Chrystusa p\u0142aci za wiar\u0119 najwy\u017csz\u0105 cen\u0119 \u2013 oddaje swoje \u017cycie. Ofiarujmy im dar modlitwy.<\/li>\n<li>We wtorek, 11 listopada, b\u0119dziemy obchodzili \u015awi\u0119to Niepodleg\u0142o\u015bci. Pami\u0119tajmy o tych, kt\u00f3rzy przelewali swoj\u0105 krew i oddawali \u017cycie w obronie Ojczyzny. Niech w tych dniach nie zabraknie nas przy mogi\u0142ach \u017co\u0142nierzy z lat 1918-1920 i modlitewnej o nich pami\u0119ci. Msze \u015awi\u0119te w naszym ko\u015bciele w ten \u015bwi\u0105teczny dzie\u0144 o godz. <strong>00 i 16.00<\/strong>. O godz. 9.30 b\u0119dziemy modli\u0107 si\u0119 na r\u00f3\u017ca\u0144cu w intencji Ojczyzny. Tego dnia sk\u0142adamy ofiary na potrzeby Stolicy Apostolskiej \u2013 na tak zwane \u015bwi\u0119topietrze.<\/li>\n<li>Od dzisiejszej niedzieli czytamy wypominki zapisane na rok 2025\/26 i modlimy si\u0119 za naszych bliskich zmar\u0142ych. Je\u017celi kto\u015b zam\u00f3wi\u0142 wypominki a nie s\u0105 czytane to prosz\u0119 zg\u0142osi\u0107.<\/li>\n<li>Przysz\u0142a niedziela, 16 listopada, w ca\u0142ym Ko\u015bciele powszechnym b\u0119dzie obchodzona jako \u015awiatowy Dzie\u0144 Ubogich. W t\u0119 przysz\u0142\u0105 niedziel\u0119 w ramach Roku Jubileuszowego 2025 sw\u00f3j Jubileusz b\u0119d\u0105 obchodzi\u0142y w\u0142a\u015bnie osoby ubogie.<\/li>\n<li>Od najbli\u017cszej \u015brody (12 listopada) b\u0119dzie nawiedza\u0142 rodziny naszej parafii Pan organista Stefan Godlewski z op\u0142atkiem. <strong>\u015aroda<\/strong> \u2013 Koliszewo P\u00f3\u0142noc i Podsmardzewo, <strong>czwartek<\/strong> \u2013 Koliszewo Po\u0142udnie i Wierzb\u00f3wiec, <strong>pi\u0105tek <\/strong>\u2013 Milewo, <strong>sobota<\/strong> \u2013 S\u0142oszewo Kolonia, S\u0142oszewo i \u0106wiklinek do Pa\u0144stwa Stawickich. Nieobecni mog\u0105 naby\u0107 op\u0142atek w niedziel\u0119 w ko\u015bciele.<\/li>\n<li>Zach\u0119cam do nabycia prasy katolickiej<\/li>\n<\/ol>\n<p>&nbsp;<\/p>\n<p><strong>\u00a0<\/strong><\/p>\n<p><strong>\u00a0<\/strong><\/p>\n<p><strong>\u00a0<\/strong><\/p>\n","protected":false},"excerpt":{"rendered":"<p>OG\u0141OSZENIA DUSZPASTERSKIE W dzisiejsz\u0105 niedziel\u0119 przypada \u015bwi\u0119to Rocznicy Po\u015bwi\u0119cenia Bazyliki Latera\u0144skiej. To \u015bwi\u0119to przypomina, \u017ce jeste\u015bmy cz\u0105stk\u0105 jednego Ko\u015bcio\u0142a powszechnego. Bazylika Latera\u0144ska jest katedr\u0105 biskupa Rzymu, czyli papie\u017ca, i matk\u0105 wszystkich ko\u015bcio\u0142\u00f3w \u015bwiata. Przez tysi\u0105c lat koncentrowa\u0142o si\u0119 przy niej \u017cycie Ko\u015bcio\u0142a. Nawet kiedy wybudowano bazylik\u0119 nad grobem \u015awi\u0119tego Piotra Aposto\u0142a na Watykanie, Bazylika Latera\u0144ska &hellip; <\/p>\n<p><a class=\"more-link btn\" href=\"https:\/\/parafiasmardzewo.pl\/?p=10438\">Kontynuuj czytanie<\/a><\/p>\n","protected":false},"author":2,"featured_media":10404,"comment_status":"open","ping_status":"open","sticky":false,"template":"","format":"standard","meta":[],"categories":[1],"tags":[],"_links":{"self":[{"href":"https:\/\/parafiasmardzewo.pl\/index.php?rest_route=\/wp\/v2\/posts\/10438"}],"collection":[{"href":"https:\/\/parafiasmardzewo.pl\/index.php?rest_route=\/wp\/v2\/posts"}],"about":[{"href":"https:\/\/parafiasmardzewo.pl\/index.php?rest_route=\/wp\/v2\/types\/post"}],"author":[{"embeddable":true,"href":"https:\/\/parafiasmardzewo.pl\/index.php?rest_route=\/wp\/v2\/users\/2"}],"replies":[{"embeddable":true,"href":"https:\/\/parafiasmardzewo.pl\/index.php?rest_route=%2Fwp%2Fv2%2Fcomments&post=10438"}],"version-history":[{"count":1,"href":"https:\/\/parafiasmardzewo.pl\/index.php?rest_route=\/wp\/v2\/posts\/10438\/revisions"}],"predecessor-version":[{"id":10439,"href":"https:\/\/parafiasmardzewo.pl\/index.php?rest_route=\/wp\/v2\/posts\/10438\/revisions\/10439"}],"wp:featuredmedia":[{"embeddable":true,"href":"https:\/\/parafiasmardzewo.pl\/index.php?rest_route=\/wp\/v2\/media\/10404"}],"wp:attachment":[{"href":"https:\/\/parafiasmardzewo.pl\/index.php?rest_route=%2Fwp%2Fv2%2Fmedia&parent=10438"}],"wp:term":[{"taxonomy":"category","embeddable":true,"href":"https:\/\/parafiasmardzewo.pl\/index.php?rest_route=%2Fwp%2Fv2%2Fcategories&post=10438"},{"taxonomy":"post_tag","embeddable":true,"href":"https:\/\/parafiasmardzewo.pl\/index.php?rest_route=%2Fwp%2Fv2%2Ftags&post=10438"}],"curies":[{"name":"wp","href":"https:\/\/api.w.org\/{rel}","templated":true}]}}