{"id":10442,"date":"2025-11-15T17:49:18","date_gmt":"2025-11-15T16:49:18","guid":{"rendered":"https:\/\/parafiasmardzewo.pl\/?p=10442"},"modified":"2025-11-15T17:49:18","modified_gmt":"2025-11-15T16:49:18","slug":"trzydziesta-niedziela-w-ciagu-roku-16-listopada-2025","status":"publish","type":"post","link":"https:\/\/parafiasmardzewo.pl\/?p=10442","title":{"rendered":"TRZYDZIESTA NIEDZIELA W CI\u0104GU ROKU &#8211; 16 listopada 2025"},"content":{"rendered":"<p><strong>OG\u0141OSZENIA DUSZPASTERSKIE<\/strong><\/p>\n<ol>\n<li>Dzisiejsza niedziela w Ko\u015bciele powszechnym obchodzona jest jako \u015awiatowy Dzie\u0144 Ubogich. Papie\u017c Franciszek ustanowi\u0142 ten dzie\u0144 w listopadzie 2016 roku specjalnym Listem apostolskim \u201eMisericordia et Misera\u201d, napisanym na zako\u0144czenie Nadzwyczajnego Jubileuszowego Roku Mi\u0142osierdzia. Mo\u017ce i w naszym s\u0105siedztwie, okolicy s\u0105 osoby potrzebuj\u0105ce pomocy. Otw\u00f3rzmy nasze serca na ka\u017cd\u0105 ludzk\u0105 bied\u0119 i ch\u0119tnie w\u0142\u0105czmy si\u0119 w\u00a0dzia\u0142alno\u015b\u0107 organizacji spo\u0142ecznych i ko\u015bcielnych, jak na przyk\u0142ad Caritas, aby pomaga\u0107 innym. <strong>Dzisiaj, po Mszy \u015awi\u0119tej o godz. 9.00 b\u0119dzie spotkanie z dzie\u0107mi kl. III i IV.<\/strong><\/li>\n<li>Dzisiaj w ramach Roku Jubileuszowego 2025 sw\u00f3j Jubileusz obchodz\u0105 w\u0142a\u015bnie osoby ubogie.<\/li>\n<li>W pi\u0105tek, 21 listopada w liturgii wspominamy Ofiarowanie Naj\u015bwi\u0119tszej Maryi Panny. Gdy Maryja mia\u0142a 3 lata, rodzice, \u015awi\u0119ty Joachim i \u015awi\u0119ta Anna, oddali J\u0105 kap\u0142anowi Zachariaszowi, ojcu \u015awi\u0119tego Jana Chrzciciela, na wychowanie i nauk\u0119. Maryja pozosta\u0142a w\u00a0\u015bwi\u0105tyni oko\u0142o 12 lat. Dla uczczenia tej tajemnicy z Jej \u017cycia od VIII wieku na Wschodzie, a od XIV wieku tak\u017ce na Zachodzie obchodzone jest specjalne \u015bwi\u0119to.<\/li>\n<li>Natomiast w sobot\u0119, 22 listopada, w liturgii wspominamy \u015awi\u0119t\u0105 Cecyli\u0119, dziewic\u0119 i\u00a0m\u0119czennic\u0119, patronk\u0119 ch\u00f3rzyst\u00f3w, lutnik\u00f3w, muzyk\u00f3w, organist\u00f3w, ko\u015bcielnych zespo\u0142\u00f3w wokalno-muzycznych. Przez jej wstawiennictwo b\u0119dziemy polecali naszych parafialnych muzyk\u00f3w. W pobli\u017cy liturgicznego wspomnienia \u015awi\u0119tej Cecylii w ramach Roku Jubileuszowego 2025, w dniach 21 do 23 listopada, sw\u00f3j Jubileusz obchodz\u0105 ch\u00f3rzy\u015bci i\u00a0ch\u00f3rzystki.<\/li>\n<li>W \u015brod\u0119 i czwartek (19 i 20 listopada) b\u0119dzie nawiedza\u0142 rodziny naszej parafii Pan organista Stefan Godlewski z op\u0142atkiem. <strong>\u015aroda<\/strong> \u2013 Smardzewo od P. Robakiewicz\u00f3w do P. Sobczy\u0144skich, <strong>czwartek<\/strong> \u2013 Smardzewo Dzia\u0142ki, Smardzewo Sp\u00f3\u0142dzielnia, Smardzewo Poduchowne i Smardzewo Kolonia. Nieobecni mog\u0105 naby\u0107 op\u0142atek w niedziel\u0119 w ko\u015bciele.<\/li>\n<li>Zbli\u017camy si\u0119 do ko\u0144ca roku liturgicznego. Przysz\u0142a niedziela, 23 listopada, to uroczysto\u015b\u0107 Jezusa Chrystusa, Kr\u00f3la Wszech\u015bwiata, ostatnia niedziela przed Adwentem.<\/li>\n<li>Zach\u0119cam do nabycia prasy katolickiej.<\/li>\n<\/ol>\n<p>&nbsp;<\/p>\n","protected":false},"excerpt":{"rendered":"<p>OG\u0141OSZENIA DUSZPASTERSKIE Dzisiejsza niedziela w Ko\u015bciele powszechnym obchodzona jest jako \u015awiatowy Dzie\u0144 Ubogich. Papie\u017c Franciszek ustanowi\u0142 ten dzie\u0144 w listopadzie 2016 roku specjalnym Listem apostolskim \u201eMisericordia et Misera\u201d, napisanym na zako\u0144czenie Nadzwyczajnego Jubileuszowego Roku Mi\u0142osierdzia. Mo\u017ce i w naszym s\u0105siedztwie, okolicy s\u0105 osoby potrzebuj\u0105ce pomocy. Otw\u00f3rzmy nasze serca na ka\u017cd\u0105 ludzk\u0105 bied\u0119 i ch\u0119tnie w\u0142\u0105czmy &hellip; <\/p>\n<p><a class=\"more-link btn\" href=\"https:\/\/parafiasmardzewo.pl\/?p=10442\">Kontynuuj czytanie<\/a><\/p>\n","protected":false},"author":2,"featured_media":10404,"comment_status":"open","ping_status":"open","sticky":false,"template":"","format":"standard","meta":[],"categories":[2],"tags":[],"_links":{"self":[{"href":"https:\/\/parafiasmardzewo.pl\/index.php?rest_route=\/wp\/v2\/posts\/10442"}],"collection":[{"href":"https:\/\/parafiasmardzewo.pl\/index.php?rest_route=\/wp\/v2\/posts"}],"about":[{"href":"https:\/\/parafiasmardzewo.pl\/index.php?rest_route=\/wp\/v2\/types\/post"}],"author":[{"embeddable":true,"href":"https:\/\/parafiasmardzewo.pl\/index.php?rest_route=\/wp\/v2\/users\/2"}],"replies":[{"embeddable":true,"href":"https:\/\/parafiasmardzewo.pl\/index.php?rest_route=%2Fwp%2Fv2%2Fcomments&post=10442"}],"version-history":[{"count":1,"href":"https:\/\/parafiasmardzewo.pl\/index.php?rest_route=\/wp\/v2\/posts\/10442\/revisions"}],"predecessor-version":[{"id":10443,"href":"https:\/\/parafiasmardzewo.pl\/index.php?rest_route=\/wp\/v2\/posts\/10442\/revisions\/10443"}],"wp:featuredmedia":[{"embeddable":true,"href":"https:\/\/parafiasmardzewo.pl\/index.php?rest_route=\/wp\/v2\/media\/10404"}],"wp:attachment":[{"href":"https:\/\/parafiasmardzewo.pl\/index.php?rest_route=%2Fwp%2Fv2%2Fmedia&parent=10442"}],"wp:term":[{"taxonomy":"category","embeddable":true,"href":"https:\/\/parafiasmardzewo.pl\/index.php?rest_route=%2Fwp%2Fv2%2Fcategories&post=10442"},{"taxonomy":"post_tag","embeddable":true,"href":"https:\/\/parafiasmardzewo.pl\/index.php?rest_route=%2Fwp%2Fv2%2Ftags&post=10442"}],"curies":[{"name":"wp","href":"https:\/\/api.w.org\/{rel}","templated":true}]}}