{"id":10447,"date":"2025-11-22T20:33:42","date_gmt":"2025-11-22T19:33:42","guid":{"rendered":"https:\/\/parafiasmardzewo.pl\/?p=10447"},"modified":"2025-11-22T20:34:11","modified_gmt":"2025-11-22T19:34:11","slug":"jezusa-chrystusa-krola-wszechswiata-23-listopada-2025","status":"publish","type":"post","link":"https:\/\/parafiasmardzewo.pl\/?p=10447","title":{"rendered":"JEZUSA CHRYSTUSA, KR\u00d3LA WSZECHSWIATA &#8211; 23 listopada 2025"},"content":{"rendered":"<p><strong>OG\u0141OSZENIA DUSZPASTERSKIE<\/strong><\/p>\n<ol>\n<li>Dzisiaj przypada uroczysto\u015b\u0107 Jezusa Chrystusa, Kr\u00f3la Wszech\u015bwiata. Do kalendarza liturgicznego zosta\u0142a wprowadzona przez papie\u017ca Piusa XI w 1925 roku, na zako\u0144czenie przypadaj\u0105cego w\u00f3wczas Roku Jubileuszowego. W odnowionej liturgii Ko\u015bci\u00f3\u0142 obchodzi t\u0119 uroczysto\u015b\u0107 w ostatni\u0105 niedziel\u0119 roku ko\u015bcielnego dla podkre\u015blenia, \u017ce wszystko ma sw\u00f3j pocz\u0105tek i b\u0119dzie mia\u0142o swoje ukoronowanie w Chrystusie.<\/li>\n<li>Dzi\u015b po Mszach \u015awi\u0119tych dokonujemy wystawienia Naj\u015bwi\u0119tszego Sakramentu i\u00a0odmawiamy Litani\u0119 do Naj\u015bwi\u0119tszego Serca Pana Jezusa oraz Akt po\u015bwi\u0119cenia rodzaju ludzkiego Sercu Pana Jezusa. Za udzia\u0142 w tym nabo\u017ce\u0144stwie mo\u017cemy uzyska\u0107 odpust zupe\u0142ny pod zwyk\u0142ymi warunkami.<\/li>\n<li>Dzisiejsza uroczysto\u015b\u0107 jest te\u017c \u015bwi\u0119tem patronalnym Akcji Katolickiej. To stowarzyszenie wiernych, a jego celem jest formacja duchowa, moralna, a tak\u017ce kulturalna. <strong>Po Mszy \u015awi\u0119tej o godz. 9.00 b\u0119dzie spotkanie z uczniami kl. III i IV. <\/strong><\/li>\n<li>Czas przygotowa\u0107 si\u0119 do Adwentu \u2013 okresu radosnego i pobo\u017cnego oczekiwania na przyj\u015bcie Pana Jezusa. W przysz\u0142\u0105 niedziel\u0119, 30 listopada, rozpoczniemy ten pi\u0119kny czas.<\/li>\n<li>Przed drug\u0105 Niedziel\u0105 Adwentu b\u0119dziemy prze\u017cywa\u0107 rekolekcje adwentowe. W zakrystii mo\u017cna zabra\u0107 programy rekolekcji dla ka\u017cdej rodziny naszej parafii. Podobnie jak w latach ubieg\u0142ych przy rozprowadzaniu program\u00f3w rekolekcji zbieramy dobrowolne ofiary na op\u0142at\u0119 za podgrzewanie ko\u015bcio\u0142a.<\/li>\n<li>Zach\u0119cam do nabycia prasy katolickiej.<\/li>\n<li>W tym tygodniu z naszej wsp\u00f3lnoty odszed\u0142 do wieczno\u015bci \u015bw. p. Janusz \u0141ukaszewski, kt\u00f3ry prze\u017cy\u0142 70 lat. Od uczestnik\u00f3w pogrzebu b\u0119dzie odprawionych 14 Mszy \u015awi\u0119tych. \u00a0Zmar\u0142ego parafianina pole\u0107my mi\u0142osierdziu Bo\u017cemu: <em>Dobry Jezu, a nasz Panie, daj im wieczne spoczywanie<\/em><\/li>\n<\/ol>\n","protected":false},"excerpt":{"rendered":"<p>OG\u0141OSZENIA DUSZPASTERSKIE Dzisiaj przypada uroczysto\u015b\u0107 Jezusa Chrystusa, Kr\u00f3la Wszech\u015bwiata. Do kalendarza liturgicznego zosta\u0142a wprowadzona przez papie\u017ca Piusa XI w 1925 roku, na zako\u0144czenie przypadaj\u0105cego w\u00f3wczas Roku Jubileuszowego. W odnowionej liturgii Ko\u015bci\u00f3\u0142 obchodzi t\u0119 uroczysto\u015b\u0107 w ostatni\u0105 niedziel\u0119 roku ko\u015bcielnego dla podkre\u015blenia, \u017ce wszystko ma sw\u00f3j pocz\u0105tek i b\u0119dzie mia\u0142o swoje ukoronowanie w Chrystusie. Dzi\u015b po &hellip; <\/p>\n<p><a class=\"more-link btn\" href=\"https:\/\/parafiasmardzewo.pl\/?p=10447\">Kontynuuj czytanie<\/a><\/p>\n","protected":false},"author":2,"featured_media":10404,"comment_status":"open","ping_status":"open","sticky":false,"template":"","format":"standard","meta":[],"categories":[2],"tags":[],"_links":{"self":[{"href":"https:\/\/parafiasmardzewo.pl\/index.php?rest_route=\/wp\/v2\/posts\/10447"}],"collection":[{"href":"https:\/\/parafiasmardzewo.pl\/index.php?rest_route=\/wp\/v2\/posts"}],"about":[{"href":"https:\/\/parafiasmardzewo.pl\/index.php?rest_route=\/wp\/v2\/types\/post"}],"author":[{"embeddable":true,"href":"https:\/\/parafiasmardzewo.pl\/index.php?rest_route=\/wp\/v2\/users\/2"}],"replies":[{"embeddable":true,"href":"https:\/\/parafiasmardzewo.pl\/index.php?rest_route=%2Fwp%2Fv2%2Fcomments&post=10447"}],"version-history":[{"count":2,"href":"https:\/\/parafiasmardzewo.pl\/index.php?rest_route=\/wp\/v2\/posts\/10447\/revisions"}],"predecessor-version":[{"id":10449,"href":"https:\/\/parafiasmardzewo.pl\/index.php?rest_route=\/wp\/v2\/posts\/10447\/revisions\/10449"}],"wp:featuredmedia":[{"embeddable":true,"href":"https:\/\/parafiasmardzewo.pl\/index.php?rest_route=\/wp\/v2\/media\/10404"}],"wp:attachment":[{"href":"https:\/\/parafiasmardzewo.pl\/index.php?rest_route=%2Fwp%2Fv2%2Fmedia&parent=10447"}],"wp:term":[{"taxonomy":"category","embeddable":true,"href":"https:\/\/parafiasmardzewo.pl\/index.php?rest_route=%2Fwp%2Fv2%2Fcategories&post=10447"},{"taxonomy":"post_tag","embeddable":true,"href":"https:\/\/parafiasmardzewo.pl\/index.php?rest_route=%2Fwp%2Fv2%2Ftags&post=10447"}],"curies":[{"name":"wp","href":"https:\/\/api.w.org\/{rel}","templated":true}]}}