{"id":10455,"date":"2025-11-29T21:25:06","date_gmt":"2025-11-29T20:25:06","guid":{"rendered":"https:\/\/parafiasmardzewo.pl\/?p=10455"},"modified":"2025-11-29T21:28:10","modified_gmt":"2025-11-29T20:28:10","slug":"pierwsza-niedziela-adwentu-30-listopada-2025","status":"publish","type":"post","link":"https:\/\/parafiasmardzewo.pl\/?p=10455","title":{"rendered":"PIERWSZA NIEDZIELA ADWENTU &#8211; 30 listopada 2025"},"content":{"rendered":"<p><strong>OG\u0141OSZENIA DUSZPASTERSKIE<\/strong><\/p>\n<ol>\n<li>Dzisiejsz\u0105 niedziel\u0105 rozpoczynamy kolejny Adwent, czas radosnego oczekiwania i\u00a0przygotowania na przyj\u015bcie Chrystusa. W pierwszej cz\u0119\u015bci (do 16 grudnia) b\u0119dziemy pochyla\u0107 si\u0119 nad tajemnic\u0105 powt\u00f3rnego przyj\u015bcia Pana na ko\u0144cu czas\u00f3w. Druga cz\u0119\u015b\u0107 (od 17\u00a0do 24 grudnia) b\u0119dzie stanowi\u0107 bezpo\u015brednie przygotowanie do celebrowania pami\u0105tki pierwszego przyj\u015bcia Chrystusa na ziemi\u0119 \u2013 na uroczysto\u015b\u0107 Narodzenia Pa\u0144skiego. Wykorzystajmy dobrze ten czas na s\u0142uchanie s\u0142owa Bo\u017cego oraz wchodzenie w tajemnic\u0119 blisko\u015bci Boga, kt\u00f3ry przychodzi jako Emmanuel \u2013 B\u00f3g z nami.<\/li>\n<li>Adwent rozpoczyna nowy rok liturgiczny i duszpasterski 2025\/2026. Has\u0142o programu duszpasterskiego dla Ko\u015bcio\u0142a w Polsce na ten rok brzmi: <strong>\u201eUczniowie \u2013 misjonarze\u201d.<\/strong> W ci\u0105gu tego roku mamy pod\u0105\u017ca\u0107 ku dojrza\u0142emu zjednoczeniu z Bogiem i z drugim cz\u0142owiekiem. Chodzi o to, aby\u015bmy w pe\u0142ni poczuli si\u0119 uczniami w szkole Pana Jezusa, gdzie Go s\u0142uchamy, budujemy i umacniamy z Nim wi\u0119\u017a, aby przemienia\u0107 si\u0119 na Jego wz\u00f3r, aby Go na\u015bladowa\u0107 i\u00a0\u015bwiadczy\u0107 o Nim pomi\u0119dzy lud\u017ami. Ten program duszpasterski pomo\u017ce nam priorytetowo potraktowa\u0107 wsp\u00f3lne trwanie na modlitwie i celebrowanie liturgii, s\u0142uchanie i rozwa\u017canie s\u0142owa Bo\u017cego i poszukiwanie dr\u00f3g, sposob\u00f3w dzielenia si\u0119 swoj\u0105 wiar\u0105 z innymi lud\u017ami.<\/li>\n<li>Przy okazji warto wspomnie\u0107, \u017ce trwa jeszcze zainaugurowany przez papie\u017ca Franciszka Rok Jubileuszowy 2025. Jego oficjalnego zako\u0144czenia dokona papie\u017c Leon XIV, kiedy symbolicznie zamknie Drzwi \u015awi\u0119te w Bazylice \u015awi\u0119tego Piotra na Watykanie w dniu 6\u00a0stycznia 2026.<\/li>\n<li>W czasie adwentowego oczekiwania zapraszam serdecznie wszystkich parafian na Msze \u015awi\u0119te roratne; szczeg\u00f3lne zaproszenie kieruj\u0119 do dzieci i m\u0142odzie\u017cy. W naszym ko\u015bciele b\u0119d\u0105 one celebrowane w \u015brody o godz. 16.00 i soboty o godz. 7.30. Przynie\u015bmy ze sob\u0105 lampiony, aby ze \u015bwiat\u0142em w\u00a0d\u0142oniach oczekiwa\u0107 przyj\u015bcia Pana.<\/li>\n<li>W Adwencie b\u0119dziemy tak\u017ce prze\u017cywali czas rekolekcji. W naszej wsp\u00f3lnocie b\u0119d\u0105 one mia\u0142y miejsce w dniach 5-7 grudnia. Zaplanujmy tak nasze zaj\u0119cia, aby wzi\u0105\u0107 udzia\u0142 w spotkaniach rekolekcyjnych. W te dni mo\u017cemy skorzysta\u0107 tak\u017ce z sakramentu pokuty i pojednania. Nie odk\u0142adajmy jednak spowiedzi na ostatnie dni Adwentu. Zach\u0119camy do podejmowania postanowie\u0144 adwentowych, niech one b\u0119d\u0105 pomoc\u0105 w zbli\u017caniu si\u0119 do Pana. Mo\u017cemy tak\u017ce wesprze\u0107 potrzebuj\u0105cych przez zakup \u015bwiec Wigilijnego Dzie\u0142a Pomocy Dzieciom. Ta \u015bwieca ju\u017c na sta\u0142e wpisuje si\u0119 w tradycje prze\u017cywania \u015bwi\u0105t Narodzenia Pa\u0144skiego.<\/li>\n<li>Dzisiaj, po Eucharystii o godz. 9.00 b\u0119dzie spotkanie z uczniami kl. III i IV.<\/li>\n<li>W najbli\u017csz\u0105 \u015brod\u0119, 3 grudnia, w liturgii wspominamy \u015awi\u0119tego Franciszka Ksawerego, patrona misji katolickich. Tego dnia obchodzony jest Dzie\u0144 Misyjny Papieskiej Unii Misyjnej \u2013 Misyjny Dzie\u0144 Kap\u0142an\u00f3w. B\u0119dziemy modli\u0107 si\u0119 za wszystkich misjonarzy oraz prosi\u0107 o\u00a0nowe powo\u0142ania misyjne, aby \u015bwiat\u0142o Ewangelii dociera\u0142o do wszystkich ludzi.<\/li>\n<li>W czwartek, 4 grudnia, przypada liturgiczne wspomnienie \u015awi\u0119tej Barbary, patronki g\u00f3rnik\u00f3w. Jest to tak\u017ce Dzie\u0144 Modlitw w Intencji Bezrobotnych.<\/li>\n<li>W sobot\u0119, 6 grudnia, przypada liturgiczne wspomnienie \u015awi\u0119tego Miko\u0142aja Biskupa. Tradycyjnie obdarujemy prezentami nasze dzieci i bliskich. Niech liturgiczne wspomnienie \u015awi\u0119tego Miko\u0142aja usposobi nas tak\u017ce do szerokiego otwarcia oczu i\u00a0serc na dzieci, o kt\u00f3rych bliscy zapomnieli albo si\u0119 ich wyparli. Niech opr\u00f3cz wielu podarunk\u00f3w nie zabraknie tak\u017ce daru naszej modlitwy w ich intencji przez wstawiennictwo tego wspania\u0142ego \u015awi\u0119tego.<\/li>\n<li>W tym tygodniu przypada tak\u017ce pierwszy czwartek, pierwszy pi\u0105tek i pierwsza sobota miesi\u0105ca. W pierwszy czwartek (4 grudnia) b\u0119dziemy dzi\u0119kowali Panu Bogu za dar Eucharystii, b\u0119dziemy si\u0119 te\u017c modlili o liczne i\u00a0\u015bwi\u0119te powo\u0142ania kap\u0142a\u0144skie i\u00a0zakonne. Pierwszy pi\u0105tek i pierwsz\u0105 sobot\u0119 miesi\u0105ca b\u0119dziemy prze\u017cywa\u0107 w czasie rekolekcji adwentowych.<\/li>\n<li>Przysz\u0142a niedziela, 7 grudnia, w Ko\u015bciele b\u0119dzie obchodzona jako Dzie\u0144 Modlitwy i\u00a0Pomocy Materialnej Ko\u015bcio\u0142owi na Wschodzie.<\/li>\n<li>Pragn\u0119 poinformowa\u0107, \u017ce Pan Wincenty Sta\u0144czak, po odpowiednim przygotowaniu liturgicznym, wczoraj w czasie uroczystej Mszy \u015awi\u0119tej pod przewodnictwem ks. Biskupa Stu\u0142kowskiego otrzyma\u0142 misje do udzielania Komunii \u015awi\u0119tej. Ciesz\u0119 si\u0119, \u017ce mamy pierwszego nadzwyczajnego szafarza Komunii \u015awi\u0119tej. Panu Wincentemu \u017cycz\u0119 Bo\u017cego b\u0142ogos\u0142awie\u0144stwa i ludzkiej \u017cyczliwo\u015bci.<\/li>\n<li>Ofiary na op\u0142at\u0119 za podgrzewanie ko\u015bcio\u0142a z\u0142o\u017cono z nast\u0119puj\u0105cych miejscowo\u015bci: Smardzewo Dzia\u0142ki,, Smardzewo k\/ko\u015bcio\u0142a , \u0106wiklinek. Ofiarodawcom, a szczeg\u00f3lnie osobom, kt\u00f3re zbiera\u0142y ofiary sk\u0142adam serdeczne B\u00f3g zap\u0142a\u0107.<\/li>\n<li>W tym tygodniu z naszej wsp\u00f3lnoty odeszli do wieczno\u015bci \u015bw. p. Teresa Arciszewska, kt\u00f3ra prze\u017cy\u0142a 75 lat. Od uczestnik\u00f3w pogrzebu b\u0119dzie odprawionych 15 Mszy \u015awi\u0119tych. Zmar\u0142\u0105 parafiank\u0119 pole\u0107my mi\u0142osierdziu Bo\u017cemu: <em>Dobry Jezu, a nasz Panie, daj im wieczne spoczywanie\u2026<\/em><\/li>\n<li>Zmar\u0142, pochodz\u0105cy z <a href=\"https:\/\/www.facebook.com\/michalplonsk?__cft__%5b0%5d=AZXyolH8-QUp6Xe-tm2-HWsblvr0NJNbf8SWSpScAFetkgJyDcHA3gEwPlTiH9UFLW-A8CZTpN8xuJWq7i8p8Rp0XFpiEhPAI9LcwovcJzeyOHUoI5qFhdQHP1uTZgfR4kIfEkpeL_cCuX_HBmdPZBin89N8MmWslbAZ03li1ayMXvpRPqZ6zHtnYi3JlFZFdyA&amp;__tn__=-%5dK-y-R\"><strong>Parafii pw. \u015bw. Micha\u0142a Archanio\u0142a w P\u0142o\u0144sku<\/strong><\/a> ks. Jacek Wichorowski, kt\u00f3ry prze\u017cy\u0142 55 lat. Przez wiele lat zwi\u0105zany z P\u0142ock\u0105 Piesz\u0105 Pielgrzymk\u0105 na Jasn\u0105 G\u00f3r\u0119. W ostatnim czasie pe\u0142ni\u0142 funkcj\u0119 proboszcza w <a href=\"https:\/\/www.facebook.com\/krzynowlogamala?__cft__%5b0%5d=AZXyolH8-QUp6Xe-tm2-HWsblvr0NJNbf8SWSpScAFetkgJyDcHA3gEwPlTiH9UFLW-A8CZTpN8xuJWq7i8p8Rp0XFpiEhPAI9LcwovcJzeyOHUoI5qFhdQHP1uTZgfR4kIfEkpeL_cCuX_HBmdPZBin89N8MmWslbAZ03li1ayMXvpRPqZ6zHtnYi3JlFZFdyA&amp;__tn__=-%5dK-y-R\"><strong>Parafii \u015bw. Dominika w Krzynow\u0142odze Ma\u0142ej<\/strong><\/a>.<\/li>\n<\/ol>\n<p>&nbsp;<\/p>\n<p>&nbsp;<\/p>\n","protected":false},"excerpt":{"rendered":"<p>OG\u0141OSZENIA DUSZPASTERSKIE Dzisiejsz\u0105 niedziel\u0105 rozpoczynamy kolejny Adwent, czas radosnego oczekiwania i\u00a0przygotowania na przyj\u015bcie Chrystusa. W pierwszej cz\u0119\u015bci (do 16 grudnia) b\u0119dziemy pochyla\u0107 si\u0119 nad tajemnic\u0105 powt\u00f3rnego przyj\u015bcia Pana na ko\u0144cu czas\u00f3w. Druga cz\u0119\u015b\u0107 (od 17\u00a0do 24 grudnia) b\u0119dzie stanowi\u0107 bezpo\u015brednie przygotowanie do celebrowania pami\u0105tki pierwszego przyj\u015bcia Chrystusa na ziemi\u0119 \u2013 na uroczysto\u015b\u0107 Narodzenia Pa\u0144skiego. Wykorzystajmy &hellip; <\/p>\n<p><a class=\"more-link btn\" href=\"https:\/\/parafiasmardzewo.pl\/?p=10455\">Kontynuuj czytanie<\/a><\/p>\n","protected":false},"author":2,"featured_media":10404,"comment_status":"open","ping_status":"open","sticky":false,"template":"","format":"standard","meta":[],"categories":[2],"tags":[],"_links":{"self":[{"href":"https:\/\/parafiasmardzewo.pl\/index.php?rest_route=\/wp\/v2\/posts\/10455"}],"collection":[{"href":"https:\/\/parafiasmardzewo.pl\/index.php?rest_route=\/wp\/v2\/posts"}],"about":[{"href":"https:\/\/parafiasmardzewo.pl\/index.php?rest_route=\/wp\/v2\/types\/post"}],"author":[{"embeddable":true,"href":"https:\/\/parafiasmardzewo.pl\/index.php?rest_route=\/wp\/v2\/users\/2"}],"replies":[{"embeddable":true,"href":"https:\/\/parafiasmardzewo.pl\/index.php?rest_route=%2Fwp%2Fv2%2Fcomments&post=10455"}],"version-history":[{"count":2,"href":"https:\/\/parafiasmardzewo.pl\/index.php?rest_route=\/wp\/v2\/posts\/10455\/revisions"}],"predecessor-version":[{"id":10457,"href":"https:\/\/parafiasmardzewo.pl\/index.php?rest_route=\/wp\/v2\/posts\/10455\/revisions\/10457"}],"wp:featuredmedia":[{"embeddable":true,"href":"https:\/\/parafiasmardzewo.pl\/index.php?rest_route=\/wp\/v2\/media\/10404"}],"wp:attachment":[{"href":"https:\/\/parafiasmardzewo.pl\/index.php?rest_route=%2Fwp%2Fv2%2Fmedia&parent=10455"}],"wp:term":[{"taxonomy":"category","embeddable":true,"href":"https:\/\/parafiasmardzewo.pl\/index.php?rest_route=%2Fwp%2Fv2%2Fcategories&post=10455"},{"taxonomy":"post_tag","embeddable":true,"href":"https:\/\/parafiasmardzewo.pl\/index.php?rest_route=%2Fwp%2Fv2%2Ftags&post=10455"}],"curies":[{"name":"wp","href":"https:\/\/api.w.org\/{rel}","templated":true}]}}