{"id":10465,"date":"2025-12-06T22:30:26","date_gmt":"2025-12-06T21:30:26","guid":{"rendered":"https:\/\/parafiasmardzewo.pl\/?p=10465"},"modified":"2025-12-06T23:40:47","modified_gmt":"2025-12-06T22:40:47","slug":"druga-niedziela-adwentu-7-grudnia-2025","status":"publish","type":"post","link":"https:\/\/parafiasmardzewo.pl\/?p=10465","title":{"rendered":"DRUGA NIEDZIELA ADWENTU &#8211; 7 grudnia 2025"},"content":{"rendered":"<p><strong>OG\u0141OSZENIA DUSZPASTERSKIE<\/strong><\/p>\n<ol>\n<li>Dzi\u015b druga niedziela Adwentu. Trwamy w radosnym czasie oczekiwania na spotkanie z\u00a0Panem. Dzisiejsza niedziela jest jednocze\u015bnie szczeg\u00f3lnym \u2013 ju\u017c dwudziestym sz\u00f3stym z\u00a0kolei \u2013 Dniem Modlitwy i Pomocy Materialnej Ko\u015bcio\u0142owi na Wschodzie.<\/li>\n<li>Z Maryj\u0105 pod\u0105\u017camy adwentow\u0105 drog\u0105, przygotowuj\u0105c si\u0119 na przyj\u0119cie niezwyk\u0142ego daru \u2013 narodzenia Syna Bo\u017cego \u2013 naszego Odkupiciela, kt\u00f3ry na nowo otwiera nam bramy nieba. Pami\u0119tajmy o sprawowanej w naszym ko\u015bciele Mszy \u015awi\u0119tej roratnej w \u015brody o godz. 16.00 i soboty o godz. 7.30<\/li>\n<\/ol>\n<p>Czasem szczeg\u00f3lnego przygotowania si\u0119 do \u015bwi\u0105t Bo\u017cego Narodzenia s\u0105 rekolekcje adwentowe, kt\u00f3re dzisiaj ko\u0144czymy. Dzi\u0119kujemy Panu Bogu i Matce Naj\u015bwi\u0119tszej za \u0142aski, jakie otrzymali\u015bmy w tym \u015bwi\u0119tym czasie modlitwy, s\u0142uchania s\u0142owa Bo\u017cego i korzystania z Bo\u017cego Mi\u0142osierdzia w sakramencie pokuty. Pragn\u0119 podzi\u0119kowa\u0107 te\u017c wszystkim osobom, kt\u00f3re pomaga\u0142y nam w prze\u017cyciu tego \u015bwi\u0119tego czasu. Dzi\u0119kuj\u0119 bardzo serdecznie ks. Krzysztofowi Kosewskiemu, kt\u00f3ry przez trzy dni g\u0142osi\u0142 s\u0142owo Bo\u017ce, sprawowa\u0142 Eucharysti\u0119 i przewodniczy\u0142 nabo\u017ce\u0144stwom. Wiele os\u00f3b skorzysta\u0142o z tego czasu \u0142aski i pog\u0142\u0119bi\u0142o swoj\u0105 przyja\u017a\u0144 z Bogiem. Trwajmy w takiej postawie do \u015bwi\u0105t i d\u0142u\u017cej. Ci, kt\u00f3rzy jeszcze nie skorzystali z sakramentu pokuty niech uczyni\u0105 to w najbli\u017cszym czasie. \u00a0Sk\u0142adam podzi\u0119kowanie ks. kan. J\u00f3zefowi Kacperskiemu za pos\u0142ug\u0119 w konfesjonale oraz kap\u0142anom z naszego dekanatu. Dzi\u0119kuj\u0119 panom: organi\u015bcie i\u00a0 ko\u015bcielnemu za ich pos\u0142ug\u0119. S\u0142owa wdzi\u0119czno\u015bci kieruj\u0119 do s\u0142u\u017cby liturgicznej ministrant\u00f3w, lektor\u00f3w i lektorek. Dzi\u0119kuj\u0119 p. Danucie Kr\u00f3l i p. Wincentemu Sta\u0144czakowi za sprz\u0105tanie ko\u015bcio\u0142a. Dzi\u0119kuj\u0119 Pani Ewie Felczak za przygotowanie posi\u0142k\u00f3w dla ksi\u0119\u017cy.<\/p>\n<ol start=\"3\">\n<li>W najbli\u017cszy poniedzia\u0142ek, 8 grudnia, przypada uroczysto\u015b\u0107 Niepokalanego Pocz\u0119cia Naj\u015bwi\u0119tszej Maryi Panny. Tego dnia pochylimy si\u0119 nad tajemnic\u0105 wiary, kt\u00f3ra m\u00f3wi, \u017ce Pan B\u00f3g, wybieraj\u0105c Maryj\u0119 na Matk\u0119 swego Syna, zachowa\u0142 J\u0105 od grzechu pierworodnego. Tego uroczystego dnia w naszym ko\u015bciele b\u0119d\u0105 sprawowane Msze \u015awi\u0119te o godz. 7.30 i 12.00.<\/li>\n<li><strong>&#8220;GODZINA \u0141ASKI&#8221;<\/strong> w naszym ko\u015bciele 8 grudnia 2025 roku od godziny 12:00 do 13:00. Zapraszam do prze\u017cycia tego wyj\u0105tkowego czasu na osobistej modlitwie przed wystawionym Naj\u015bwi\u0119tszym Sakramentem. Godzina \u0141aski jest przede wszystkim czasem szczeg\u00f3lnego otwarcia nieba. To moment w roku, w kt\u00f3rym wierz\u0105cy s\u0105 zaproszeni, aby w ciszy i zaufaniu stan\u0105\u0107 przed Bogiem, prosz\u0105c Go o potrzebne dary. <strong>Jak odprawi\u0107 Godzin\u0119 \u0141aski?<\/strong> Maryja zach\u0119ca, by ka\u017cdego 8 grudnia o godz. 12.00 uda\u0107 si\u0119 do Ko\u015bcio\u0142a i tam si\u0119 modli\u0107. Jednak, je\u015bli nie jest to mo\u017cliwe, mo\u017cna tak\u017ce prosi\u0107 o \u0142aski w domu, w pracy \u2013 tam, gdzie akurat przebywamy. Wa\u017cne jednak, aby zbyt \u0142atwo nie zwalnia\u0107 si\u0119 z mo\u017cliwo\u015bci p\u00f3j\u015bcia do ko\u015bcio\u0142a.<\/li>\n<li>W tych dniach wspominamy bolesne do\u015bwiadczenia z naszej najnowszej historii (13\u00a0grudnia 1981 roku wprowadzono stan wojenny, a 16 grudnia tego roku dokonano pacyfikacji kopalni \u201eWujek\u201d na \u015al\u0105sku). \u015awi\u0119ty Jan Pawe\u0142 II ci\u0105gle przypomina\u0142: \u201e[\u2026]\u00a0ogromna jest cena, jak\u0105 zap\u0142aci\u0142 nar\u00f3d polski za niepodleg\u0142o\u015b\u0107, za prawo do istnienia jako pa\u0144stwo. Przechowujmy w sercach t\u0119 \u015bwiadomo\u015b\u0107 i niech ona stanie si\u0119 zach\u0119t\u0105 do g\u0142\u0119bokiej refleksji o Polsce, nad tym, jak\u0105 by\u0142a, jak\u0105 jest i jak\u0105 powinna by\u0107\u201d.<\/li>\n<li>Po Mszach \u015awi\u0119tych mo\u017cna naby\u0107 \u015bwiece Wigilijnego Dzie\u0142a Pomocy Dzieciom. Zach\u0119cam do wsparcia tej inicjatywy. W zakrystii s\u0105 tak\u017ce do nabycia pob\u0142ogos\u0142awione op\u0142atki oraz sianko przygotowane przez ministrant\u00f3w na st\u00f3\u0142 wigilijny.<\/li>\n<li>Po Eucharystii o godz. 10.45 zostanie po\u015bwi\u0119cona odnowiona figurka przy drodze Smardzewo &#8211; K\u0119pa, Grzesz\u00f3wka.\u00a0 Prace wykona\u0142 P. Bogdan Szcze\u015bniewski z Koliszewa, natomiast P. Ewa Czarnecka z Sarbiewa i P. Mariusz Czarnecki z \u0106wiklinka op\u0142acili koszty za materia\u0142 i wykonane prace. Bardzo serdecznie dzi\u0119kuj\u0119.<\/li>\n<li>Zach\u0119cam do nabycia prasy katolickiej.<\/li>\n<li>Ofiary na op\u0142at\u0119 za podgrzewanie ko\u015bcio\u0142a z\u0142o\u017cono z nast\u0119puj\u0105cych miejscowo\u015bci: K\u0119pa , Smardzewo Kolonia,, Smardzewo Poduchowne, S\u0142oszewo Kolonia, Milewo cz. I, Milewo cz. II \u2013 \u00a0, Wierzb\u00f3wiec, Koliszewo P\u00f3\u0142noc, Koliszewo Po\u0142udnie . Ofiarodawcom, a szczeg\u00f3lnie osobom, kt\u00f3re zbiera\u0142y ofiary sk\u0142adam serdeczne B\u00f3g zap\u0142a\u0107.<\/li>\n<\/ol>\n<p>&nbsp;<\/p>\n","protected":false},"excerpt":{"rendered":"<p>OG\u0141OSZENIA DUSZPASTERSKIE Dzi\u015b druga niedziela Adwentu. Trwamy w radosnym czasie oczekiwania na spotkanie z\u00a0Panem. Dzisiejsza niedziela jest jednocze\u015bnie szczeg\u00f3lnym \u2013 ju\u017c dwudziestym sz\u00f3stym z\u00a0kolei \u2013 Dniem Modlitwy i Pomocy Materialnej Ko\u015bcio\u0142owi na Wschodzie. Z Maryj\u0105 pod\u0105\u017camy adwentow\u0105 drog\u0105, przygotowuj\u0105c si\u0119 na przyj\u0119cie niezwyk\u0142ego daru \u2013 narodzenia Syna Bo\u017cego \u2013 naszego Odkupiciela, kt\u00f3ry na nowo otwiera &hellip; <\/p>\n<p><a class=\"more-link btn\" href=\"https:\/\/parafiasmardzewo.pl\/?p=10465\">Kontynuuj czytanie<\/a><\/p>\n","protected":false},"author":2,"featured_media":10404,"comment_status":"open","ping_status":"open","sticky":false,"template":"","format":"standard","meta":[],"categories":[2],"tags":[],"_links":{"self":[{"href":"https:\/\/parafiasmardzewo.pl\/index.php?rest_route=\/wp\/v2\/posts\/10465"}],"collection":[{"href":"https:\/\/parafiasmardzewo.pl\/index.php?rest_route=\/wp\/v2\/posts"}],"about":[{"href":"https:\/\/parafiasmardzewo.pl\/index.php?rest_route=\/wp\/v2\/types\/post"}],"author":[{"embeddable":true,"href":"https:\/\/parafiasmardzewo.pl\/index.php?rest_route=\/wp\/v2\/users\/2"}],"replies":[{"embeddable":true,"href":"https:\/\/parafiasmardzewo.pl\/index.php?rest_route=%2Fwp%2Fv2%2Fcomments&post=10465"}],"version-history":[{"count":5,"href":"https:\/\/parafiasmardzewo.pl\/index.php?rest_route=\/wp\/v2\/posts\/10465\/revisions"}],"predecessor-version":[{"id":10472,"href":"https:\/\/parafiasmardzewo.pl\/index.php?rest_route=\/wp\/v2\/posts\/10465\/revisions\/10472"}],"wp:featuredmedia":[{"embeddable":true,"href":"https:\/\/parafiasmardzewo.pl\/index.php?rest_route=\/wp\/v2\/media\/10404"}],"wp:attachment":[{"href":"https:\/\/parafiasmardzewo.pl\/index.php?rest_route=%2Fwp%2Fv2%2Fmedia&parent=10465"}],"wp:term":[{"taxonomy":"category","embeddable":true,"href":"https:\/\/parafiasmardzewo.pl\/index.php?rest_route=%2Fwp%2Fv2%2Fcategories&post=10465"},{"taxonomy":"post_tag","embeddable":true,"href":"https:\/\/parafiasmardzewo.pl\/index.php?rest_route=%2Fwp%2Fv2%2Ftags&post=10465"}],"curies":[{"name":"wp","href":"https:\/\/api.w.org\/{rel}","templated":true}]}}