{"id":10484,"date":"2025-12-13T20:55:31","date_gmt":"2025-12-13T19:55:31","guid":{"rendered":"https:\/\/parafiasmardzewo.pl\/?p=10484"},"modified":"2025-12-13T20:56:46","modified_gmt":"2025-12-13T19:56:46","slug":"tzrecia-niedziela-adwentu-14-grudnia-2025","status":"publish","type":"post","link":"https:\/\/parafiasmardzewo.pl\/?p=10484","title":{"rendered":"TZRECIA NIEDZIELA ADWENTU &#8211; 14 grudnia 2025"},"content":{"rendered":"<p><strong>OG\u0141OSZENIA DUSZPASTERSKIE<\/strong><\/p>\n<ol>\n<li>W tym tygodniu, od \u015brody, 17 grudnia, rozpoczniemy okres bezpo\u015bredniego przygotowania do uroczysto\u015bci Narodzenia Pa\u0144skiego. Zastan\u00f3wmy si\u0119, jak prze\u017cywamy ten \u015bwi\u0119ty czas? Mo\u017ce to w\u0142a\u015bciwy moment na korekt\u0119 naszego post\u0119powania, na pojednanie si\u0119 z Panem Bogiem i bli\u017animi przez szczer\u0105 spowied\u017a. Ko\u015bci\u00f3\u0142 przychodzi nam z pomoc\u0105 jako szafarz Bo\u017cego mi\u0142osierdzia oraz przez pi\u0119kno i bogactwo adwentowej liturgii. Wykorzystajmy ten czas na szczeg\u00f3lne pog\u0142\u0119bienie wi\u0119zi z domownikami oraz z naszym Ko\u015bcio\u0142em parafialnym, w kt\u00f3rym uczymy si\u0119 przyja\u017ani z Panem Bogiem, aby dalej w niej wzrasta\u0107, dojrzewa\u0107 i\u00a0dzieli\u0107 si\u0119 ni\u0105 z innymi.<\/li>\n<li>Trzeci\u0105 niedziel\u0119 Adwentu nazywamy niedziel\u0105 <em>Gaudete<\/em> \u2013 \u201eRadujcie si\u0119!\u201d, od s\u0142\u00f3w z Listu \u015awi\u0119tego Paw\u0142a do Filipian (Flp 4,4-5): \u201eRadujcie si\u0119 zawsze w Panu, raz jeszcze powtarzam: radujcie si\u0119! Pan jest blisko\u201d. Dlatego te\u017c w dzisiejszej liturgii zamiast fioletowych pojawi\u0142y si\u0119 szaty r\u00f3\u017cowe.<\/li>\n<li>Dzisiaj rozpoczynamy te\u017c kwartalne dni modlitw o chrze\u015bcija\u0144skie \u017cycie rodzin. Nie lekcewa\u017cmy wsp\u00f3\u0142czesnych zagro\u017ce\u0144 i zorganizowanych atak\u00f3w wrog\u00f3w rodziny. Jest ona przecie\u017c pierwszym, podstawowym i naturalnym \u015brodowiskiem chrze\u015bcija\u0144skiego wychowania i przekazywania wiary. Trosce o trudn\u0105 codzienno\u015b\u0107 naszych rodzin niech towarzyszy modlitwa, tak\u017ce ta wsp\u00f3lnotowa domowego Ko\u015bcio\u0142a.<\/li>\n<li>Przygotowuj\u0105c si\u0119 do \u015bwi\u0105t Bo\u017cego Narodzenia, pami\u0119tajmy o naszych chrze\u015bcija\u0144skich i\u00a0narodowych tradycjach. Niech nie zabraknie w naszych domach pob\u0142ogos\u0142awionego wcze\u015bniej w ko\u015bciele wigilijnego op\u0142atka i p\u0142on\u0105cej \u015bwiecy Caritas. Miejmy wra\u017cliwe i\u00a0otwarte serca. Wielu chcia\u0142oby wykre\u015bli\u0107 z nich Pana Jezusa, a \u015bwi\u0119ta ograniczy\u0107 do rozrywki i sto\u0142u. \u015awiece mo\u017cna naby\u0107 wychodz\u0105c z ko\u015bcio\u0142a.<\/li>\n<li>Ofiary na op\u0142at\u0119 za podgrzewanie ko\u015bcio\u0142a z\u0142o\u017cono z nast\u0119puj\u0105cych miejscowo\u015bci: K\u0119pa, Smardzewo, Kolonia, Smardzewo Poduchowne, S\u0142oszewo Kolonia, Milewo cz. I , Milewo cz. II ,\u00a0 Wierzb\u00f3wiec, Koliszewo P\u00f3\u0142noc , Koliszewo Po\u0142udnie. Ofiarodawcom, a szczeg\u00f3lnie osobom, kt\u00f3re zbiera\u0142y ofiary sk\u0142adam serdeczne B\u00f3g zap\u0142a\u0107.<\/li>\n<li>Franciszka\u0144ski Zakon \u015awieckich organizuje wyjazd na sylwestra na Jasn\u0105 G\u00f3r\u0119. Wyjazd z P\u0142o\u0144ska przy ko\u015bciele \u015bw. M. Kolbego w P\u0142o\u0144sku 31 XII 2025 o godz. 12.00. Koszt wyjazdu 150,00 z\u0142. Tel. 889\u00a0339\u00a0459 u p. Romana.<\/li>\n<li>Zach\u0119cam do nabycia prasy katolickiej.<\/li>\n<li>W tym tygodniu z naszej wsp\u00f3lnoty odeszli do wieczno\u015bci: \u015bw. p. Jan W\u0142odarski, kt\u00f3ry prze\u017cy\u0142 65 lat. Od uczestnik\u00f3w pogrzebu b\u0119dzie odprawionych 8 Mszy \u015awi\u0119tych. \u015aw. p. Ewa Pronicka odesz\u0142a do wieczno\u015bci w 89. roku \u017cycia. Od uczestnik\u00f3w pogrzebu b\u0119dzie odprawionych 8 Mszy \u015awi\u0119tych. . Zmar\u0142ych pole\u0107my mi\u0142osierdziu Bo\u017cemu: <em>Dobry Jezu, a nasz Panie, daj im wieczne spoczywanie<\/em><\/li>\n<\/ol>\n<p><strong>\u00a0<\/strong><\/p>\n","protected":false},"excerpt":{"rendered":"<p>OG\u0141OSZENIA DUSZPASTERSKIE W tym tygodniu, od \u015brody, 17 grudnia, rozpoczniemy okres bezpo\u015bredniego przygotowania do uroczysto\u015bci Narodzenia Pa\u0144skiego. Zastan\u00f3wmy si\u0119, jak prze\u017cywamy ten \u015bwi\u0119ty czas? Mo\u017ce to w\u0142a\u015bciwy moment na korekt\u0119 naszego post\u0119powania, na pojednanie si\u0119 z Panem Bogiem i bli\u017animi przez szczer\u0105 spowied\u017a. Ko\u015bci\u00f3\u0142 przychodzi nam z pomoc\u0105 jako szafarz Bo\u017cego mi\u0142osierdzia oraz przez pi\u0119kno &hellip; <\/p>\n<p><a class=\"more-link btn\" href=\"https:\/\/parafiasmardzewo.pl\/?p=10484\">Kontynuuj czytanie<\/a><\/p>\n","protected":false},"author":2,"featured_media":10404,"comment_status":"open","ping_status":"open","sticky":false,"template":"","format":"standard","meta":[],"categories":[2,1],"tags":[],"_links":{"self":[{"href":"https:\/\/parafiasmardzewo.pl\/index.php?rest_route=\/wp\/v2\/posts\/10484"}],"collection":[{"href":"https:\/\/parafiasmardzewo.pl\/index.php?rest_route=\/wp\/v2\/posts"}],"about":[{"href":"https:\/\/parafiasmardzewo.pl\/index.php?rest_route=\/wp\/v2\/types\/post"}],"author":[{"embeddable":true,"href":"https:\/\/parafiasmardzewo.pl\/index.php?rest_route=\/wp\/v2\/users\/2"}],"replies":[{"embeddable":true,"href":"https:\/\/parafiasmardzewo.pl\/index.php?rest_route=%2Fwp%2Fv2%2Fcomments&post=10484"}],"version-history":[{"count":3,"href":"https:\/\/parafiasmardzewo.pl\/index.php?rest_route=\/wp\/v2\/posts\/10484\/revisions"}],"predecessor-version":[{"id":10487,"href":"https:\/\/parafiasmardzewo.pl\/index.php?rest_route=\/wp\/v2\/posts\/10484\/revisions\/10487"}],"wp:featuredmedia":[{"embeddable":true,"href":"https:\/\/parafiasmardzewo.pl\/index.php?rest_route=\/wp\/v2\/media\/10404"}],"wp:attachment":[{"href":"https:\/\/parafiasmardzewo.pl\/index.php?rest_route=%2Fwp%2Fv2%2Fmedia&parent=10484"}],"wp:term":[{"taxonomy":"category","embeddable":true,"href":"https:\/\/parafiasmardzewo.pl\/index.php?rest_route=%2Fwp%2Fv2%2Fcategories&post=10484"},{"taxonomy":"post_tag","embeddable":true,"href":"https:\/\/parafiasmardzewo.pl\/index.php?rest_route=%2Fwp%2Fv2%2Ftags&post=10484"}],"curies":[{"name":"wp","href":"https:\/\/api.w.org\/{rel}","templated":true}]}}