{"id":10491,"date":"2025-12-20T21:00:21","date_gmt":"2025-12-20T20:00:21","guid":{"rendered":"https:\/\/parafiasmardzewo.pl\/?p=10491"},"modified":"2025-12-20T21:00:21","modified_gmt":"2025-12-20T20:00:21","slug":"czwarta-niedziela-adwentu-21-grudnia-2025","status":"publish","type":"post","link":"https:\/\/parafiasmardzewo.pl\/?p=10491","title":{"rendered":"CZWARTA NIEDZIELA ADWENTU &#8211; 21 grudnia 2025"},"content":{"rendered":"<p><strong>OG\u0141OSZENIA DUSZPASTERSKIE<\/strong><\/p>\n<ol>\n<li>Dzi\u015b czwarta niedziela Adwentu, a w najbli\u017cszych dniach b\u0119dziemy prze\u017cywali uroczysto\u015b\u0107 Narodzenia Pa\u0144skiego. W\u00a0najbli\u017csz\u0105 \u015brod\u0119 przypada Wigilia i po niej kolejne \u015bwi\u0105teczne dni. Czy do ich prze\u017cywania jeste\u015bmy dobrze, po chrze\u015bcija\u0144sku przygotowani? Narodzenie Dzieci\u0105tka Jezus powinni\u015bmy \u015bwi\u0119towa\u0107 rado\u015bnie i z czystym sercem. Niech to b\u0119dzie prze\u017cycie religijne.<\/li>\n<li>Liturgiczny obch\u00f3d pami\u0105tki narodzenia Chrystusa rozpoczniemy od Pasterki, czyli Mszy \u015awi\u0119tej sprawowanej ze \u015brody, 24 grudnia, na czwartek, 25 grudnia. Wcze\u015bniej w\u00a0naszych domach, wsp\u00f3lnotach rodzinnych zadbajmy o tradycyjn\u0105, chrze\u015bcija\u0144sk\u0105 opraw\u0119 wigilijnej wieczerzy. Niech to b\u0119dzie okazja, mo\u017ce jedyna w roku, do pojednania, zgody, wyci\u0105gni\u0119cia przyjaznej d\u0142oni do kogo\u015b spo\u015br\u00f3d bliskich, znajomych, w s\u0105siedztwie. Niech wigilijnej wieczerzy towarzysz\u0105 wsp\u00f3lna modlitwa, lektura fragmentu Pisma \u015awi\u0119tego o\u00a0narodzeniu Zbawiciela \u015bwiata (Ewangelia wg \u015bw. \u0141ukasza rozdzia\u0142 2, 1-14), \u0142amanie si\u0119 op\u0142atkiem, wsp\u00f3lny \u015bpiew kol\u0119d i pastora\u0142ek. Nie podawajmy na wigilijny st\u00f3\u0142 alkoholu, tradycyjnie zachowajmy te\u017c wstrzemi\u0119\u017aliwo\u015b\u0107 od potraw mi\u0119snych.<\/li>\n<li>Przy wigilijnym stole pami\u0119tajmy o ubogich i samotnych. Zakorzenione w naszej tradycji dodatkowe miejsce przy stole wcale nie musi pozosta\u0107 puste. Niech czas Bo\u017cego Narodzenia b\u0119dzie przepe\u0142niony chrze\u015bcija\u0144sk\u0105, wzajemn\u0105 \u017cyczliwo\u015bci\u0105 i dobroci\u0105. Pami\u0119ci\u0105 obejmijmy r\u00f3wnie\u017c tych, kt\u00f3rzy ju\u017c od nas odeszli do domu Ojca, a \u017cyli z nami, kochali nas i dla nas si\u0119 trudzili.<\/li>\n<li>Zapraszam do udzia\u0142u w Pasterce, <strong>o godz. 22.00<\/strong>, w naszej parafialnej \u015bwi\u0105tyni<strong>. <\/strong>Tak czynili nasi ojcowie i\u00a0my chcemy by\u0107 wierni tej tradycji. Rado\u015bnie i we wsp\u00f3lnocie uczcijmy przychodz\u0105cego Pana. <strong>Msze \u015awi\u0119te w dzie\u0144 Bo\u017cego Narodzenia (25 XII) b\u0119d\u0105 sprawowane o godz. 9.00 i 10.45, w drugi dzie\u0144 \u015bwi\u0105t jak w ka\u017cd\u0105 niedziel\u0119 o\u00a0godz. 9.00 \u2013 10.45 \u2013 16.00. <\/strong><\/li>\n<li>W drugi dzie\u0144 Narodzenia Pa\u0144skiego, w pitek 26 grudnia, obchodzimy \u015bwi\u0119to \u015awi\u0119tego Szczepana, jednego z siedmiu diakon\u00f3w Ko\u015bcio\u0142a jerozolimskiego, pierwszego m\u0119czennika. Z uwagi na przypadaj\u0105c\u0105 w tym czasie oktaw\u0119 Narodzenia Pa\u0144skiego w tym dniu nie obowi\u0105zuje wstrzemi\u0119\u017aliwo\u015b\u0107 od pokarm\u00f3w mi\u0119snych \u2013 mamy dyspens\u0119.<\/li>\n<li>Ca\u0142\u0105 oktaw\u0119 Bo\u017cego Narodzenia ubogacaj\u0105 przypadaj\u0105ce w najbli\u017cszych dniach kolejne \u015bwi\u0119ta. W sobot\u0119, 27 grudnia, wspominamy \u015awi\u0119tego Jana Aposto\u0142a, najwi\u0119kszego teologa w\u015br\u00f3d Ewangelist\u00f3w, umi\u0142owanego ucznia Pana Jezusa. A w przysz\u0142\u0105 niedziel\u0119, 28 grudnia, b\u0119dziemy celebrowali \u015bwi\u0119to \u015awi\u0119tej Rodziny: Jezusa, Maryi i\u00a0J\u00f3zefa. Przez wstawiennictwo \u015awi\u0119tej Rodziny podczas Mszy \u015awi\u0119tych b\u0119dziemy prosili o \u015bwi\u0119to\u015b\u0107 i pok\u00f3j w naszych rodzinach, a jednocze\u015bnie b\u0119dzie to Dzie\u0144 Modlitw o \u015awi\u0119to\u015b\u0107 Ma\u0142\u017ce\u0144stw i Rodzin. Jednocze\u015bnie ta przysz\u0142a niedziela przykrywa \u015bwi\u0119to \u015awi\u0119tych M\u0142odziank\u00f3w, dlatego w\u00a0osobistych modlitwach b\u0119dziemy pami\u0119tali te\u017c o naszych maluchach, o niemowl\u0119tach oraz o\u00a0dzieciach nienarodzonych.<\/li>\n<li>Zach\u0119cam do przyst\u0105pienia do spowiedzi \u015bwi\u0119tej. Ko\u015bci\u00f3\u0142 przychodzi nam z pomoc\u0105 jako szafarz mi\u0142osierdzia Bo\u017cego. Pami\u0119tajmy, \u017ce nasza \u017cyciowa droga wiedzie ku ostatecznemu spotkaniu z Bogiem \u2013 Sprawiedliwym S\u0119dzi\u0105. W naszym ko\u015bciele okazja do przed\u015bwi\u0105tecznej spowiedzi \u015bwi\u0119tej w poniedzia\u0142ek, wtorek i \u015brod\u0119.<\/li>\n<li>Zach\u0119cam do nabycia prasy katolickiej.<\/li>\n<\/ol>\n<p>&nbsp;<\/p>\n<p>&nbsp;<\/p>\n<p>&nbsp;<\/p>\n<p>&nbsp;<\/p>\n<p>&nbsp;<\/p>\n<p>&nbsp;<\/p>\n<p><strong>\u00a0<\/strong><\/p>\n<p><strong>\u00a0<\/strong><\/p>\n<p><strong>\u00a0<\/strong><\/p>\n<p>&nbsp;<\/p>\n<p>&nbsp;<\/p>\n<p>&nbsp;<\/p>\n<p>&nbsp;<\/p>\n","protected":false},"excerpt":{"rendered":"<p>OG\u0141OSZENIA DUSZPASTERSKIE Dzi\u015b czwarta niedziela Adwentu, a w najbli\u017cszych dniach b\u0119dziemy prze\u017cywali uroczysto\u015b\u0107 Narodzenia Pa\u0144skiego. W\u00a0najbli\u017csz\u0105 \u015brod\u0119 przypada Wigilia i po niej kolejne \u015bwi\u0105teczne dni. Czy do ich prze\u017cywania jeste\u015bmy dobrze, po chrze\u015bcija\u0144sku przygotowani? Narodzenie Dzieci\u0105tka Jezus powinni\u015bmy \u015bwi\u0119towa\u0107 rado\u015bnie i z czystym sercem. Niech to b\u0119dzie prze\u017cycie religijne. Liturgiczny obch\u00f3d pami\u0105tki narodzenia Chrystusa rozpoczniemy &hellip; <\/p>\n<p><a class=\"more-link btn\" href=\"https:\/\/parafiasmardzewo.pl\/?p=10491\">Kontynuuj czytanie<\/a><\/p>\n","protected":false},"author":2,"featured_media":10404,"comment_status":"open","ping_status":"open","sticky":false,"template":"","format":"standard","meta":[],"categories":[2],"tags":[],"_links":{"self":[{"href":"https:\/\/parafiasmardzewo.pl\/index.php?rest_route=\/wp\/v2\/posts\/10491"}],"collection":[{"href":"https:\/\/parafiasmardzewo.pl\/index.php?rest_route=\/wp\/v2\/posts"}],"about":[{"href":"https:\/\/parafiasmardzewo.pl\/index.php?rest_route=\/wp\/v2\/types\/post"}],"author":[{"embeddable":true,"href":"https:\/\/parafiasmardzewo.pl\/index.php?rest_route=\/wp\/v2\/users\/2"}],"replies":[{"embeddable":true,"href":"https:\/\/parafiasmardzewo.pl\/index.php?rest_route=%2Fwp%2Fv2%2Fcomments&post=10491"}],"version-history":[{"count":1,"href":"https:\/\/parafiasmardzewo.pl\/index.php?rest_route=\/wp\/v2\/posts\/10491\/revisions"}],"predecessor-version":[{"id":10492,"href":"https:\/\/parafiasmardzewo.pl\/index.php?rest_route=\/wp\/v2\/posts\/10491\/revisions\/10492"}],"wp:featuredmedia":[{"embeddable":true,"href":"https:\/\/parafiasmardzewo.pl\/index.php?rest_route=\/wp\/v2\/media\/10404"}],"wp:attachment":[{"href":"https:\/\/parafiasmardzewo.pl\/index.php?rest_route=%2Fwp%2Fv2%2Fmedia&parent=10491"}],"wp:term":[{"taxonomy":"category","embeddable":true,"href":"https:\/\/parafiasmardzewo.pl\/index.php?rest_route=%2Fwp%2Fv2%2Fcategories&post=10491"},{"taxonomy":"post_tag","embeddable":true,"href":"https:\/\/parafiasmardzewo.pl\/index.php?rest_route=%2Fwp%2Fv2%2Ftags&post=10491"}],"curies":[{"name":"wp","href":"https:\/\/api.w.org\/{rel}","templated":true}]}}