{"id":10495,"date":"2025-12-24T20:44:29","date_gmt":"2025-12-24T19:44:29","guid":{"rendered":"https:\/\/parafiasmardzewo.pl\/?p=10495"},"modified":"2025-12-24T20:44:37","modified_gmt":"2025-12-24T19:44:37","slug":"narodzenie-panskie-25-grudnia-2025","status":"publish","type":"post","link":"https:\/\/parafiasmardzewo.pl\/?p=10495","title":{"rendered":"NARODZENIE PA\u0143SKIE &#8211; 25 grudnia 2025"},"content":{"rendered":"<p><strong>OG\u0141OSZENIA DUSZPASTERSKIE<\/strong><\/p>\n<ol>\n<li><strong>\u017byczenia na Bo\u017ce Narodzenie:<\/strong> Podczas Mszy \u015awi\u0119tej w Bo\u017ce Narodzenie z wielk\u0105 rado\u015bci\u0105 \u015bpiewamy <strong>\u201eChwa\u0142a na wysoko\u015bci Bogu\u2026\u201d.<\/strong> S\u0142owami tego hymnu uwielbiamy Boga wszechmog\u0105cego za dar narodzin Syna, kt\u00f3ry sta\u0142 si\u0119 jednym z nas. Niech te \u015bwi\u0119ta dla wszystkich Drogich Parafian i\u00a0Go\u015bci b\u0119d\u0105 pe\u0142ne Bo\u017cego b\u0142ogos\u0142awie\u0144stwa i mi\u0142o\u015bci, kt\u00f3r\u0105 przynosi ze sob\u0105 Syn Bo\u017cy. Niech Bo\u017ca rado\u015b\u0107 i mi\u0142o\u015b\u0107 wype\u0142niaj\u0105 kolejne dni naszego \u015bwi\u0119towania i ca\u0142\u0105 nasz\u0105, nieraz trudn\u0105, codzienno\u015b\u0107. Aby prze\u017cy\u0107 t\u0119 tajemnic\u0119 prawdziwie po chrze\u015bcija\u0144sku, nie ograniczajmy si\u0119 tylko do zewn\u0119trznych obrz\u0119d\u00f3w i zwyczaj\u00f3w. Zechciejmy dotrze\u0107 do \u017ar\u00f3d\u0142a tej rado\u015bci, do samej tajemnicy wcielenia Syna Bo\u017cego. Prze\u017cywajmy \u015bwi\u0119ta w gronie rodzinnym.<\/li>\n<li>Zach\u0119cam do wsp\u00f3lnego \u015bpiewania kol\u0119d i pastora\u0142ek. To pi\u0119kny polski zwyczaj, niestety, zanikaj\u0105cy ju\u017c w naszych rodzinach i w naszej wsp\u00f3\u0142czesnej kulturze. Polskie kol\u0119dy zawieraj\u0105 bogate tre\u015bci teologiczne, czerpi\u0105 z narodowej tradycji i historii. Niech polskie katolickie domy w tym czasie rozbrzmiewaj\u0105 kol\u0119d\u0105 p\u0142yn\u0105c\u0105 przede wszystkim z naszych serc.<\/li>\n<li>W najbli\u017csze dni \u015bwi\u0105teczne porz\u0105dek nabo\u017ce\u0144stw w naszym ko\u015bciele parafialnym b\u0119dzie nast\u0119puj\u0105cy: <strong>25 XII Msze \u015awi\u0119te godz. 9.00 i 10.45. Drugi dzie\u0144 \u015bwi\u0105t\u00a0 \u2013\u00a0 \u015bw. Szczepana &#8211; godz. 9.00 \u2013 10.45 \u2013 16.00.<\/strong><\/li>\n<li>Oktawa Bo\u017cego Narodzenia jest bardzo bogata w liturgiczne wspomnienia. W drugi dzie\u0144 uroczysto\u015bci Narodzenia Pa\u0144skiego (pi\u0105tek, kt\u00f3ry przypada w oktawie Narodzenia Pa\u0144skiego, zatem nie obowi\u0105zuje wstrzemi\u0119\u017aliwo\u015b\u0107 od pokarm\u00f3w mi\u0119snych) tradycyjnie wspominamy \u015awi\u0119tego Szczepana, pierwszego m\u0119czennika. W sobot\u0119, 27 grudnia, wspominamy \u015awi\u0119tego Jana Aposto\u0142a, najwi\u0119kszego teologa w\u015br\u00f3d Ewangelist\u00f3w, umi\u0142owanego ucznia Pana Jezusa. A w przysz\u0142\u0105 niedziel\u0119, 28 grudnia, b\u0119dziemy celebrowali \u015bwi\u0119to \u015awi\u0119tej Rodziny: Jezusa, Maryi i\u00a0J\u00f3zefa. Przez wstawiennictwo \u015awi\u0119tej Rodziny podczas Mszy \u015awi\u0119tych b\u0119dziemy prosili o \u015bwi\u0119to\u015b\u0107 i\u00a0pok\u00f3j w naszych rodzinach, b\u0119dzie to bowiem Dzie\u0144 Modlitw o \u015awi\u0119to\u015b\u0107 Ma\u0142\u017ce\u0144stw i Rodzin. Jednocze\u015bnie ta przysz\u0142a niedziela przykrywa \u015bwi\u0119to \u015awi\u0119tych M\u0142odziank\u00f3w, dlatego w osobistych modlitwach b\u0119dziemy pami\u0119tali te\u017c o naszych maluchach, o\u00a0niemowl\u0119tach oraz o\u00a0dzieciach nienarodzonych. Podczas Mszy \u015awi\u0119tych tym najmniejszym naszym parafianom zostanie udzielone specjalne b\u0142ogos\u0142awie\u0144stwo.<\/li>\n<li>W drugi dzie\u0144 \u015bwi\u0105t Bo\u017cego Narodzenia tradycyjnie sk\u0142adamy ofiary na potrzeby uczelni i szk\u00f3\u0142 katolickich. Polecam zbi\u00f3rk\u0119 ofiarno\u015bci Parafian.<\/li>\n<\/ol>\n<p>&nbsp;<\/p>\n<p>&nbsp;<\/p>\n","protected":false},"excerpt":{"rendered":"<p>OG\u0141OSZENIA DUSZPASTERSKIE \u017byczenia na Bo\u017ce Narodzenie: Podczas Mszy \u015awi\u0119tej w Bo\u017ce Narodzenie z wielk\u0105 rado\u015bci\u0105 \u015bpiewamy \u201eChwa\u0142a na wysoko\u015bci Bogu\u2026\u201d. S\u0142owami tego hymnu uwielbiamy Boga wszechmog\u0105cego za dar narodzin Syna, kt\u00f3ry sta\u0142 si\u0119 jednym z nas. Niech te \u015bwi\u0119ta dla wszystkich Drogich Parafian i\u00a0Go\u015bci b\u0119d\u0105 pe\u0142ne Bo\u017cego b\u0142ogos\u0142awie\u0144stwa i mi\u0142o\u015bci, kt\u00f3r\u0105 przynosi ze sob\u0105 Syn &hellip; <\/p>\n<p><a class=\"more-link btn\" href=\"https:\/\/parafiasmardzewo.pl\/?p=10495\">Kontynuuj czytanie<\/a><\/p>\n","protected":false},"author":2,"featured_media":4205,"comment_status":"open","ping_status":"open","sticky":false,"template":"","format":"standard","meta":[],"categories":[2],"tags":[],"_links":{"self":[{"href":"https:\/\/parafiasmardzewo.pl\/index.php?rest_route=\/wp\/v2\/posts\/10495"}],"collection":[{"href":"https:\/\/parafiasmardzewo.pl\/index.php?rest_route=\/wp\/v2\/posts"}],"about":[{"href":"https:\/\/parafiasmardzewo.pl\/index.php?rest_route=\/wp\/v2\/types\/post"}],"author":[{"embeddable":true,"href":"https:\/\/parafiasmardzewo.pl\/index.php?rest_route=\/wp\/v2\/users\/2"}],"replies":[{"embeddable":true,"href":"https:\/\/parafiasmardzewo.pl\/index.php?rest_route=%2Fwp%2Fv2%2Fcomments&post=10495"}],"version-history":[{"count":1,"href":"https:\/\/parafiasmardzewo.pl\/index.php?rest_route=\/wp\/v2\/posts\/10495\/revisions"}],"predecessor-version":[{"id":10496,"href":"https:\/\/parafiasmardzewo.pl\/index.php?rest_route=\/wp\/v2\/posts\/10495\/revisions\/10496"}],"wp:featuredmedia":[{"embeddable":true,"href":"https:\/\/parafiasmardzewo.pl\/index.php?rest_route=\/wp\/v2\/media\/4205"}],"wp:attachment":[{"href":"https:\/\/parafiasmardzewo.pl\/index.php?rest_route=%2Fwp%2Fv2%2Fmedia&parent=10495"}],"wp:term":[{"taxonomy":"category","embeddable":true,"href":"https:\/\/parafiasmardzewo.pl\/index.php?rest_route=%2Fwp%2Fv2%2Fcategories&post=10495"},{"taxonomy":"post_tag","embeddable":true,"href":"https:\/\/parafiasmardzewo.pl\/index.php?rest_route=%2Fwp%2Fv2%2Ftags&post=10495"}],"curies":[{"name":"wp","href":"https:\/\/api.w.org\/{rel}","templated":true}]}}