{"id":10497,"date":"2025-12-24T20:53:41","date_gmt":"2025-12-24T19:53:41","guid":{"rendered":"https:\/\/parafiasmardzewo.pl\/?p=10497"},"modified":"2025-12-24T20:54:22","modified_gmt":"2025-12-24T19:54:22","slug":"slowo","status":"publish","type":"post","link":"https:\/\/parafiasmardzewo.pl\/?p=10497","title":{"rendered":"S\u0142owo"},"content":{"rendered":"<p><strong>Drogie Siostry i Drodzy Bracia!\u00a0 \u00a0 \u00a0 \u00a0 \u00a0 \u00a0 \u00a0 \u00a0 \u00a0 \u00a0 \u00a0 \u00a0 \u00a0 \u00a0 \u00a0 \u00a0 \u00a0 \u00a0 \u00a0 \u00a0 \u00a0 \u00a0 \u00a0 \u00a0 \u00a0 \u00a0 \u00a0 \u00a0 \u00a0 \u00a0 \u00a0 \u00a0 \u00a0 \u00a0 \u00a0 \u00a0 \u00a0 \u00a0 \u00a0 \u00a0 \u00a0 \u00a0 \u00a0 \u00a0 \u00a0 \u00a0 \u00a0 \u00a0 \u00a0 \u00a0 \u00a0 \u00a0 \u00a0 \u00a0 \u00a0 \u00a0 \u00a0 \u00a0 \u00a0 \u00a0 \u00a0 \u00a0 \u00a0 \u00a0 \u00a0 \u00a0 \u00a0 \u00a0 \u00a0 \u00a0 \u00a0 \u00a0 \u00a0 \u00a0 \u00a0 \u00a0 \u00a0 \u00a0 \u00a0 \u00a0 \u00a0 \u00a0 \u00a0 \u00a0 \u00a0 \u00a0 \u00a0 <\/strong>W liturgicznym czasie \u015awi\u0105t Narodzenia Pa\u0144skiego zako\u0144czymy dwa jubileusze: w Ko\u015bciele powszechnym jubileusz odkupienia i w naszej diecezji 950-lecia jej istnienia. Zach\u0119ceni przez papie\u017ca Franciszka i prowadzeni dalej przez papie\u017ca Leona XIV odkrywamy prawd\u0119 o nas samych, jako pielgrzymach nadziei. Ten, kt\u00f3rego Narodzenie \u015bwi\u0119tujemy jest \u017ar\u00f3d\u0142em naszej nadziei, kt\u00f3ra nie zawodzi,\u00a0<em>bo mi\u0142o\u015b\u0107, jak\u0105 B\u00f3g nas umi\u0142owa\u0142, nape\u0142nia nasze serca dzi\u0119ki Duchowi \u015awi\u0119temu, kt\u00f3rego otrzymali\u015bmy<\/em>\u00a0(por. Rz 5, 5).<\/p>\n<p>Jezus przyszed\u0142 na \u015bwiat, poniewa\u017c cz\u0142owiek \u2013 odwracaj\u0105c si\u0119 od Boga \u2013 zawi\u00f3d\u0142 Nadziej\u0119. Niech Bo\u017ce Narodzenie b\u0119dzie dla nas czasem pog\u0142\u0119biania zaufania do Boga, kt\u00f3ry nas kocha i chce naszego szcz\u0119\u015bcia. S\u0142owo Bo\u017ce poucza nas, \u017ce\u00a0<em>ci, kt\u00f3rzy zaufali Panu nowych si\u0142 nabior\u0105, wzbij\u0105 si\u0119 jak or\u0142y na skrzyd\u0142ach! Biec b\u0119d\u0105, ale si\u0119 nie zm\u0119cz\u0105, p\u00f3jd\u0105, a nie ustan\u0105!<\/em>\u00a0(por. Iz 40, 31)<\/p>\n<p>Zapraszam Was, Siostry i Bracia, na zako\u0144czenie Roku Jubileuszowego naszej diecezji w Uroczysto\u015b\u0107 Objawienia Pa\u0144skiego, 6 stycznia 2026 roku, na godzin\u0119 10.00 do P\u0142ocka. Przejdziemy razem w Orszaku Trzech Kr\u00f3li spod ratusza do katedry, gdzie celebrowa\u0107 b\u0119dziemy dzi\u0119kczynn\u0105 Msz\u0119 \u015awi\u0119t\u0105 pod przewodnictwem Nuncjusza Apostolskiego Arcybiskupa Antonio Guido Filipazziego. B\u0105d\u017amy tego dnia razem, bo dzielona rado\u015b\u0107 jest podw\u00f3jn\u0105 rado\u015bci\u0105!\u00a0\u00a0\u00a0\u00a0\u00a0\u00a0\u00a0\u00a0\u00a0\u00a0\u00a0 B\u0142ogos\u0142awionych \u015awi\u0105t Narodzenia Pa\u0144skiego i Szcz\u0119\u015bliwego Nowego Roku!,\u00a0 \u00a0 \u00a0 \u00a0 \u00a0 \u00a0 \u00a0 \u00a0 \u00a0 \u00a0 \u00a0 \u00a0 \u00a0 \u00a0 \u00a0 \u00a0 \u00a0 \u00a0 \u00a0 \u00a0 \u00a0 \u00a0 \u00a0 \u00a0 \u00a0 \u00a0 \u00a0 \u00a0 \u00a0 \u00a0 \u00a0 \u00a0 \u00a0 \u00a0 \u00a0 \u00a0 \u00a0 \u00a0 \u00a0 \u00a0 \u00a0 \u00a0 \u00a0 \u00a0 \u00a0 \u00a0 \u00a0 \u00a0 \u00a0 \u00a0 \u00a0 \u00a0 \u00a0 \u00a0 \u00a0 \u00a0 \u00a0 \u00a0 \u00a0 \u00a0 \u00a0 \u00a0 \u00a0 \u00a0 \u00a0 \u00a0 \u00a0 \u00a0 \u00a0 \u00a0 \u00a0 \u00a0 \u00a0 \u00a0 \u00a0 \u00a0 \u00a0 \u00a0 \u00a0 \u00a0 \u00a0 \u00a0 \u00a0 \u00a0 \u00a0 \u00a0 \u00a0P\u0142ock, Narodzenie Pa\u0144skie 2025 r.<\/p>\n<p>\u2020\u00a0<em>Szymon Stu\u0142kowski<\/em><br \/>\n<em>Biskup P\u0142ocki<\/em><\/p>\n","protected":false},"excerpt":{"rendered":"<p>Drogie Siostry i Drodzy Bracia!\u00a0 \u00a0 \u00a0 \u00a0 \u00a0 \u00a0 \u00a0 \u00a0 \u00a0 \u00a0 \u00a0 \u00a0 \u00a0 \u00a0 \u00a0 \u00a0 \u00a0 \u00a0 \u00a0 \u00a0 \u00a0 \u00a0 \u00a0 \u00a0 \u00a0 \u00a0 \u00a0 \u00a0 \u00a0 \u00a0 \u00a0 \u00a0 \u00a0 \u00a0 \u00a0 \u00a0 \u00a0 \u00a0 \u00a0 \u00a0 \u00a0 \u00a0 \u00a0 \u00a0 \u00a0 \u00a0 \u00a0 \u00a0 \u00a0 \u00a0 \u00a0 &hellip; <\/p>\n<p><a class=\"more-link btn\" href=\"https:\/\/parafiasmardzewo.pl\/?p=10497\">Kontynuuj czytanie<\/a><\/p>\n","protected":false},"author":2,"featured_media":8408,"comment_status":"open","ping_status":"open","sticky":false,"template":"","format":"standard","meta":[],"categories":[1],"tags":[],"_links":{"self":[{"href":"https:\/\/parafiasmardzewo.pl\/index.php?rest_route=\/wp\/v2\/posts\/10497"}],"collection":[{"href":"https:\/\/parafiasmardzewo.pl\/index.php?rest_route=\/wp\/v2\/posts"}],"about":[{"href":"https:\/\/parafiasmardzewo.pl\/index.php?rest_route=\/wp\/v2\/types\/post"}],"author":[{"embeddable":true,"href":"https:\/\/parafiasmardzewo.pl\/index.php?rest_route=\/wp\/v2\/users\/2"}],"replies":[{"embeddable":true,"href":"https:\/\/parafiasmardzewo.pl\/index.php?rest_route=%2Fwp%2Fv2%2Fcomments&post=10497"}],"version-history":[{"count":3,"href":"https:\/\/parafiasmardzewo.pl\/index.php?rest_route=\/wp\/v2\/posts\/10497\/revisions"}],"predecessor-version":[{"id":10500,"href":"https:\/\/parafiasmardzewo.pl\/index.php?rest_route=\/wp\/v2\/posts\/10497\/revisions\/10500"}],"wp:featuredmedia":[{"embeddable":true,"href":"https:\/\/parafiasmardzewo.pl\/index.php?rest_route=\/wp\/v2\/media\/8408"}],"wp:attachment":[{"href":"https:\/\/parafiasmardzewo.pl\/index.php?rest_route=%2Fwp%2Fv2%2Fmedia&parent=10497"}],"wp:term":[{"taxonomy":"category","embeddable":true,"href":"https:\/\/parafiasmardzewo.pl\/index.php?rest_route=%2Fwp%2Fv2%2Fcategories&post=10497"},{"taxonomy":"post_tag","embeddable":true,"href":"https:\/\/parafiasmardzewo.pl\/index.php?rest_route=%2Fwp%2Fv2%2Ftags&post=10497"}],"curies":[{"name":"wp","href":"https:\/\/api.w.org\/{rel}","templated":true}]}}