{"id":10501,"date":"2025-12-25T20:17:42","date_gmt":"2025-12-25T19:17:42","guid":{"rendered":"https:\/\/parafiasmardzewo.pl\/?p=10501"},"modified":"2025-12-25T20:23:48","modified_gmt":"2025-12-25T19:23:48","slug":"list-rektora-wyzszego-seminarium-duchownego-w-plocku-3","status":"publish","type":"post","link":"https:\/\/parafiasmardzewo.pl\/?p=10501","title":{"rendered":"LIST REKTORA WY\u017bSZEGO SEMINARIUM DUCHOWNEGO W P\u0141OCKU"},"content":{"rendered":"<p><strong>\u00a0 \u00a0 \u00a0 \u00a0 \u00a0 \u00a0 \u00a0 \u00a0 \u00a0 \u00a0 \u00a0 \u00a0 \u00a0 \u00a0 \u00a0 \u00a0 \u00a0 \u00a0 \u00a0 \u00a0 \u00a0 \u00a0 \u00a0 \u00a0 \u00a0 \u00a0 \u00a0 \u00a0 \u00a0 \u00a0 \u00a0 \u00a0 \u00a0 \u00a0 \u00a0 \u00a0 \u00a0 Siostry i Bracia!\u00a0\u00a0\u00a0\u00a0\u00a0\u00a0\u00a0\u00a0\u00a0\u00a0\u00a0\u00a0\u00a0\u00a0\u00a0\u00a0\u00a0\u00a0\u00a0\u00a0\u00a0\u00a0\u00a0\u00a0\u00a0\u00a0\u00a0\u00a0\u00a0\u00a0\u00a0\u00a0\u00a0\u00a0\u00a0\u00a0\u00a0\u00a0\u00a0\u00a0\u00a0\u00a0\u00a0\u00a0\u00a0\u00a0\u00a0\u00a0\u00a0\u00a0\u00a0\u00a0\u00a0\u00a0\u00a0\u00a0\u00a0\u00a0\u00a0\u00a0\u00a0\u00a0\u00a0\u00a0\u00a0\u00a0\u00a0\u00a0\u00a0\u00a0\u00a0\u00a0\u00a0\u00a0\u00a0\u00a0\u00a0\u00a0\u00a0\u00a0\u00a0\u00a0 <\/strong><\/p>\n<p><strong>\u00a0\u00a0\u00a0\u00a0 <\/strong>W drugi dzie\u0144 oktawy Bo\u017cego Narodzenia obchodzimy wspomnienie \u015bw. Szczepana. Niekt\u00f3rzy powiadaj\u0105, \u017ce jest on do\u015b\u0107 k\u0142opotliwym \u015bwi\u0105tecznym go\u015bciem, gdy\u017c nie bardzo pasuje do atmosfery tworzonej przez kol\u0119dy, kolorowe ozdoby \u015bwi\u0105teczne czy choink\u0119 i \u017c\u0142\u00f3bek. 26 grudnia nie jest dat\u0105 upami\u0119tniaj\u0105c\u0105 \u015bmier\u0107 pierwszego m\u0119czennika, jak go cz\u0119sto nazywamy. Jest to rocznica odnalezienia jego grobu w Jerozolimie. Ot\u00f3\u017c po czterech wiekach, bo 26 grudnia 415 roku odnaleziono jego relikwie i w uroczysty spos\u00f3b przeniesiono do bazyliki na g\u00f3rze Syjon w Jerozolimie. O \u017cyciu \u015bw. Szczepana wiemy niewiele. Nie wiemy, ani kiedy, ani gdzie si\u0119 urodzi\u0142. Jego greckie imi\u0119 wskazuje, \u017ce by\u0142 zhellenizowanym \u017bydem pochodz\u0105cym z diaspory, czyli pos\u0142uguj\u0105cym si\u0119 na co dzie\u0144 j\u0119zykiem greckim. Na kartach Dziej\u00f3w Apostolskich pojawia si\u0119 po raz pierwszy, kiedy zosta\u0142 wybrany na diakona. Aposto\u0142owie pod wp\u0142ywem sugestii \u015bw. Piotra wybrali siedmiu diakon\u00f3w dla pos\u0142ugi ubogim, aby w ten spos\u00f3b mogli bardziej po\u015bwi\u0119ci\u0107 si\u0119 g\u0142oszeniu Ewangelii. W gronie siedmiu wybranych do tej pos\u0142ugi znalaz\u0142 si\u0119 Szczepan. Jak si\u0119 dowiadujemy z Dziej\u00f3w Apostolskich, jego dzia\u0142alno\u015b\u0107 nie ograniczy\u0142a si\u0119 wy\u0142\u0105cznie do ubogich. Wspominaj\u0105, \u017ce: \u201epe\u0142en \u0142aski i mocy Ducha \u015awi\u0119tego\u201d g\u0142osi\u0142 Ewangeli\u0119 z m\u0105dro\u015bci\u0105, kt\u00f3rej nikt nie m\u00f3g\u0142 si\u0119 przeciwstawi\u0107. Dlatego zosta\u0142 oskar\u017cony przez Sanhedryn, \u017ce wyst\u0119puje przeciw Prawu i \u015awi\u0105tyni. Jako pierwszy z po\u015br\u00f3d wyznawc\u00f3w Jezusa za publiczne wyznanie wiary w Chrystusa, zosta\u0142 ukamienowany i dlatego cz\u0119sto jest okre\u015blany jako <em>Protomartyr<\/em>\u00a0 &#8211; \u00a0pierwszy m\u0119czennik.<strong>\u00a0\u00a0\u00a0\u00a0\u00a0\u00a0\u00a0\u00a0\u00a0\u00a0\u00a0\u00a0\u00a0\u00a0\u00a0\u00a0\u00a0\u00a0\u00a0\u00a0\u00a0\u00a0\u00a0\u00a0\u00a0\u00a0\u00a0\u00a0\u00a0\u00a0\u00a0\u00a0\u00a0\u00a0\u00a0\u00a0\u00a0\u00a0\u00a0\u00a0\u00a0\u00a0\u00a0\u00a0\u00a0\u00a0\u00a0\u00a0\u00a0\u00a0\u00a0\u00a0\u00a0\u00a0\u00a0\u00a0\u00a0\u00a0\u00a0\u00a0\u00a0\u00a0\u00a0\u00a0\u00a0\u00a0\u00a0\u00a0\u00a0\u00a0 \u00a0\u00a0\u00a0\u00a0\u00a0\u00a0\u00a0\u00a0<\/strong><\/p>\n<p><strong>\u00a0\u00a0\u00a0\u00a0\u00a0\u00a0\u00a0\u00a0\u00a0\u00a0\u00a0\u00a0\u00a0\u00a0\u00a0\u00a0\u00a0\u00a0\u00a0\u00a0\u00a0\u00a0\u00a0\u00a0\u00a0\u00a0\u00a0\u00a0\u00a0\u00a0\u00a0\u00a0\u00a0\u00a0\u00a0\u00a0\u00a0\u00a0 Siostry i Bracia! \u00a0\u00a0\u00a0\u00a0\u00a0\u00a0\u00a0\u00a0\u00a0\u00a0\u00a0\u00a0\u00a0\u00a0\u00a0\u00a0\u00a0\u00a0\u00a0\u00a0\u00a0\u00a0\u00a0\u00a0\u00a0\u00a0\u00a0\u00a0\u00a0\u00a0\u00a0\u00a0\u00a0\u00a0\u00a0\u00a0\u00a0\u00a0\u00a0\u00a0\u00a0\u00a0\u00a0\u00a0\u00a0\u00a0\u00a0\u00a0\u00a0\u00a0\u00a0\u00a0\u00a0\u00a0\u00a0\u00a0\u00a0\u00a0\u00a0\u00a0\u00a0\u00a0\u00a0\u00a0\u00a0\u00a0\u00a0\u00a0\u00a0\u00a0\u00a0\u00a0\u00a0\u00a0\u00a0\u00a0\u00a0\u00a0\u00a0\u00a0\u00a0\u00a0\u00a0\u00a0\u00a0\u00a0\u00a0\u00a0\u00a0\u00a0\u00a0\u00a0\u00a0\u00a0\u00a0\u00a0\u00a0\u00a0\u00a0\u00a0\u00a0\u00a0\u00a0\u00a0\u00a0\u00a0\u00a0\u00a0\u00a0\u00a0\u00a0\u00a0\u00a0\u00a0\u00a0\u00a0\u00a0\u00a0\u00a0\u00a0\u00a0\u00a0\u00a0\u00a0\u00a0\u00a0\u00a0\u00a0\u00a0\u00a0\u00a0\u00a0\u00a0\u00a0\u00a0\u00a0\u00a0\u00a0\u00a0\u00a0<\/strong><\/p>\n<p><strong>\u00a0\u00a0\u00a0\u00a0 \u00a0<\/strong>Cho\u0107 wspominanie \u015bw. Szczepana z pozoru w tym dniu wydaje si\u0119 przypadkowe, jednak ma swoj\u0105 g\u0142\u0119bi\u0119. Ot\u00f3\u017c prawda o narodzeniu Zbawiciela, prawda o \u017c\u0142\u00f3bku, gwie\u017adzie betlejemskiej i o tym, \u017ce B\u00f3g narodzi\u0142 si\u0119 po\u015br\u00f3d ub\u00f3stwa i przyni\u00f3s\u0142 \u015bwiatu pok\u00f3j, przetrwa\u0142a do naszych czas\u00f3w dzi\u0119ki tym, kt\u00f3rzy nie obawiali si\u0119 za ni\u0105 odda\u0107 \u017cycie. Ko\u015bci\u00f3\u0142 od pocz\u0105tku swego istnienia u\u015bwiadamia\u0142 sobie, \u017ce ofiara z\u0142o\u017cona z mi\u0142o\u015bci do cz\u0142owieka przez Syna Bo\u017cego, poci\u0105ga za sob\u0105 konieczno\u015b\u0107 sk\u0142adania jej tak\u017ce przez nas, nawet wtedy, kiedy wymaga\u0142oby to krwi m\u0119cze\u0144stwa. Wspominanie m\u0119cze\u0144stwa Szczepana po\u015brodku bo\u017conarodzeniowej rado\u015bci uczy nas, \u017ce dar pokoju i rado\u015bci przyniesiony przez Nowonarodzonego, mo\u017ce by\u0107 prze\u017cywany po\u015br\u00f3d najr\u00f3\u017cniejszych zawirowa\u0144, prze\u015bladowa\u0144 i niesprzyjaj\u0105cych czas\u00f3w. Znany angielski pisarz Chesterton tak to uj\u0105\u0142: <em><strong>\u017cycie chrze\u015bcijanina cz\u0119sto jest naznaczone pozornymi sprzeczno\u015bciami. W naszych sercach spotyka si\u0119 rado\u015b\u0107 z powag\u0105, szcz\u0119\u015bcie ze smutkiem, a waleczno\u015b\u0107 z umi\u0142owaniem pokoju<\/strong><\/em><strong>.<\/strong> Rzeczywi\u015bcie, jak\u017ce cz\u0119sto rado\u015b\u0107 p\u0142yn\u0105ca z Bo\u017cego Narodzenia miesza si\u0119 z do\u015bwiadczeniem smutku z powodu utraty bliskiej osoby, cierpieniem czy samotno\u015bci\u0105 i odrzuceniem nawet przez najbli\u017cszych. Tegoroczny okres Bo\u017cego Narodzenia jest dla nas szczeg\u00f3lny, gdy\u017c ko\u0144czy Jubileusz Ko\u015bcio\u0142a oraz jubileusz 950-lecia naszej diecezji. U progu ko\u0144ca tych wydarze\u0144, podobnie jak w czasie wielkiego Jubileuszu 2000 roku, powinni\u015bmy powt\u00f3rzy\u0107 za Janem Paw\u0142em II: \u00a0<em><strong>\u201eNadszed\u0142 teraz czas, aby spojrze\u0107 przed siebie\u201d<\/strong><\/em> \u00a0(homilia z Mszy na zako\u0144czenie Jubileuszu 2000). To spojrzenie w przysz\u0142o\u015b\u0107 domaga si\u0119 odwagi dzia\u0142ania i umiej\u0119tnego czytania znak\u00f3w czasu. Ko\u015bci\u00f3\u0142 w Polsce\u00a0 i w naszej diecezji staje przed nowymi wyzwaniami. Z jednej strony obserwujemy systematyczny spadek liczby powo\u0142a\u0144 do s\u0142u\u017cby kap\u0142a\u0144skiej, z drugiej widoczne jest o\u017cywienie i zainteresowanie wielu os\u00f3b \u015bwieckich pos\u0142ug\u0105 w Ko\u015bciele. Czasami m\u00f3wi si\u0119, \u017ce pierwsze tysi\u0105clecie Ko\u015bcio\u0142a nale\u017ca\u0142o do ojc\u00f3w Ko\u015bcio\u0142a \u2013 niezwyk\u0142ych teolog\u00f3w i my\u015blicieli; drugie by\u0142o okresem niezwyk\u0142ego rozwoju zakon\u00f3w, kt\u00f3re wywar\u0142y ogromny wp\u0142yw nie tylko na \u017cycie duchowe Ko\u015bcio\u0142a, ale ukszta\u0142towa\u0142y \u017cycie spo\u0142eczne i gospodarcze \u00f3wczesnego \u015bwiata. Obecne, trzecie tysi\u0105clecie, wydaje si\u0119, \u017ce mo\u017ce by\u0107 naznaczone rozkwitem aktywno\u015bci ludzi \u015bwieckich w Ko\u015bciele. Zauwa\u017cmy, jak tajemnica Bo\u017cego Narodzenia w przedziwny spos\u00f3b przyci\u0105ga anio\u0142\u00f3w i ludzi, pasterzy i m\u0119drc\u00f3w. W Betlejemskiej grocie Nowo narodzony Jezus nie pozostaje tylko z Maryj\u0105 i J\u00f3zefem. Wok\u00f3\u0142 \u017c\u0142\u00f3bka powstaje niezwyk\u0142a wsp\u00f3lnota zadziwienia i modlitwy, spe\u0142nionych Bo\u017cych obietnic i nowych dr\u00f3g, kt\u00f3re otwieraj\u0105 si\u0119 nie tylko przed M\u0119drcami. Kto bowiem oddaje Jezusowi z\u0142oto swych talent\u00f3w i my\u015bli, kadzid\u0142o swych marze\u0144 i najlepszych pragnie\u0144 oraz mirr\u0119 swego cz\u0142owiecze\u0144stwa, tak\u017ce dzi\u015b mo\u017ce odnale\u017a\u0107 swe niepowtarzalne miejsce w Ko\u015bciele, by poczu\u0107 si\u0119 jak pasterz czy m\u0119drzec przy \u017c\u0142\u00f3bku Jezusa. Potrzeba tylko Mu ofiarowa\u0107 sw\u0105 pokorn\u0105 dyspozycyjno\u015b\u0107 i bogactwo talent\u00f3w. W\u0142a\u015bnie w \u015bwietle tajemnicy Wcielenia warto rozwa\u017cy\u0107 znaczenie i aktualno\u015b\u0107 pos\u0142ug, kt\u00f3re mog\u0105 podj\u0105\u0107 we wsp\u00f3lnocie wiary wierni \u015bwieccy. Nie przez przypadek w dzisiejszych czasach Ko\u015bci\u00f3\u0142 co raz \u015bmielej wraca do staro\u017cytnych pos\u0142ug lektor\u00f3w, akolit\u00f3w, katechist\u00f3w czy diakon\u00f3w. Ponownie u\u015bwiadamiamy sobie, \u017ce nie musz\u0105 one by\u0107 jedynie stopniami prowadz\u0105cymi do przyj\u0119cia \u015bwi\u0119ce\u0144 kap\u0142a\u0144skich, ale mog\u0105 by\u0107 sta\u0142ymi formami oddania si\u0119 na s\u0142u\u017cb\u0119 Ko\u015bcio\u0142owi, zar\u00f3wno kobiet jak i m\u0119\u017cczyzn. Nasze parafie opr\u00f3cz kap\u0142an\u00f3w potrzebuj\u0105 bowiem lektor\u00f3w, czyli osoby, kt\u00f3re podczas Mszy \u015bw. czytaj\u0105 s\u0142owo Bo\u017ce. Dzi\u015b lepiej rozumiemy, \u017ce ich pos\u0142uga mo\u017ce obejmowa\u0107 wsp\u00f3\u0142czesne wyzwania, jak promocja chrze\u015bcija\u0144skich tre\u015bci w parafialnych gazetkach czy na stronach internetowych. W ten spos\u00f3b mog\u0105 sta\u0107 si\u0119 ewangelizatorami i promotorami wiary, nadziei i mi\u0142o\u015bci we wsp\u00f3lnotach lokalnych. Nasz Ko\u015bci\u00f3\u0142 diecezjalny co raz bardziej b\u0119dzie potrzebowa\u0142 akolit\u00f3w, czyli tych, kt\u00f3rzy zostan\u0105 ustanowieni nadzwyczajnymi szafarzami \u015bw. Eucharystii \u2013 b\u0119d\u0105 udziela\u0107 Komunii \u015bwi\u0119tej i animowa\u0107 \u017cycie religijne poprzez organizowanie nabo\u017ce\u0144stw i modlitw we wsp\u00f3lnotach parafialnych. W dzie\u0142o ewangelizacji mog\u0105 by\u0107 w\u0142\u0105czeni katechi\u015bci, kt\u00f3rych zadaniem b\u0119dzie przygotowanie wiernych do g\u0142\u0119bszego przyj\u0119cia sakrament\u00f3w \u015bwi\u0119tych. Mog\u0105 pomaga\u0107 w przygotowaniu do przyj\u0119cia chrztu, sakramentu bierzmowania czy Pierwszej Komunii \u015bw. W ko\u0144cu otwiera si\u0119 potrzeba na pos\u0142ug\u0119 sta\u0142ych diakon\u00f3w, kt\u00f3rzy jak dzisiejszy patron oddadz\u0105 si\u0119 pos\u0142udze ubogim oraz pos\u0142udze S\u0142owa. Narastaj\u0105cy brak kap\u0142an\u00f3w mo\u017ce by\u0107 wype\u0142niony gorliw\u0105 pos\u0142ug\u0105 wypr\u00f3bowanych m\u0119\u017cczyzn, kt\u00f3rzy najpierw sprawdzili si\u0119 jako m\u0119\u017cowie i ojcowie. Ich obecno\u015b\u0107 w niedalekiej przysz\u0142o\u015bci b\u0119dzie nieodzowna. To oni b\u0119d\u0105 mogli animowa\u0107 \u017cycie religijne, sakramentalne i liturgiczne we wsp\u00f3lnotach parafialnych. My\u015bl o obecno\u015bci sta\u0142ych diakon\u00f3w w Ko\u015bciele nie jest nowa. Ponad sze\u015b\u0107dziesi\u0105t lat temu polski episkopat przygotowuj\u0105c si\u0119 do udzia\u0142u w Soborze Watyka\u0144skim II dostrzega\u0142 potrzeb\u0119 sta\u0142ego diakonatu, szczeg\u00f3lnie w du\u017cych o\u015brodkach miejskich. Dlatego w murach naszego seminarium coraz cz\u0119\u015bciej goszcz\u0105 osoby \u015bwieckie, kt\u00f3re wyra\u017caj\u0105 gotowo\u015b\u0107 pe\u0142nienia takich pos\u0142ug. Od p\u00f3\u0142tora roku trwa formacja kandydat\u00f3w na katechist\u00f3w, lektor\u00f3w i akolit\u00f3w. Ta\u00a0 niemal osiemdziesi\u0119cioosobowa grupa wiernych \u015bwieckich z r\u00f3\u017cnych parafii naszej diecezji, po odpowiednim przygotowaniu, w przysz\u0142ym roku zostanie pos\u0142ana przez Biskupa P\u0142ockiego do pe\u0142nienia pos\u0142ugi przy s\u0142owie Bo\u017cym, przy o\u0142tarzu, i dla dzie\u0142a odnowionej katechezy parafialnej doros\u0142ych. B\u0119d\u0105 to czynili w \u015bcis\u0142ej wsp\u00f3\u0142pracy ze swymi ksi\u0119\u017cmi proboszczami, aby nasze parafie jeszcze bardziej sta\u0142y si\u0119 \u017cywymi wsp\u00f3lnotami ludzi zaanga\u017cowanych w dzie\u0142o wiary. Nadziej\u0105 napawa r\u00f3wnie\u017c grupa jedenastu m\u0119\u017cczyzn, kt\u00f3rzy od tego roku, jako pierwsi rozpocz\u0119li przygotowanie do przyj\u0119cia diakonatu sta\u0142ego.<\/p>\n<p><strong>\u00a0\u00a0\u00a0\u00a0\u00a0\u00a0\u00a0\u00a0\u00a0\u00a0\u00a0\u00a0\u00a0\u00a0\u00a0\u00a0\u00a0\u00a0\u00a0\u00a0\u00a0\u00a0\u00a0\u00a0\u00a0 \u00a0\u00a0\u00a0\u00a0Siostry i Bracia!<\/strong><\/p>\n<p>\u017byjemy w bardzo dynamicznie zmieniaj\u0105cej si\u0119 rzeczywisto\u015bci. Pojawiaj\u0105 si\u0119 nowe wyzwania i trzeba rozwi\u0105zywa\u0107 najr\u00f3\u017cniejsze problemy. Jednak nie chodzi wy\u0142\u0105cznie o praktyczne rozwi\u0105zania, kt\u00f3re maj\u0105 pom\u00f3c w stawianiu czo\u0142a nowym potrzebom. Chodzi raczej o szersz\u0105 wizj\u0119 Ko\u015bcio\u0142a, w kt\u00f3rym wszyscy czuj\u0105 si\u0119 jak u siebie w domu; gdzie ka\u017cdy ma swoje miejsce i czuje si\u0119 potrzebny. Wielo\u015b\u0107 pos\u0142ug i powo\u0142a\u0144 mo\u017ce pog\u0142\u0119bi\u0107 nasze rozumienie Ko\u015bcio\u0142a i jeszcze bardziej anga\u017cowa\u0107 w jego \u017cycie. Jednak musimy mie\u0107 \u015bwiadomo\u015b\u0107, \u017ce nadal b\u0119dziemy potrzebowa\u0107 kap\u0142an\u00f3w, kt\u00f3rzy na co dzie\u0144 b\u0119d\u0105 sprawowa\u0107 sakramenty i g\u0142osi\u0107 s\u0142owo Bo\u017ce. Ich powo\u0142ania nikt i nic nie mo\u017ce zast\u0105pi\u0107. Dlatego anga\u017cowanie os\u00f3b \u015bwieckich w \u017cycie naszych wsp\u00f3lnot musi i\u015b\u0107 w parze z g\u0142\u0119bok\u0105 trosk\u0105 o powo\u0142ania kap\u0142a\u0144skie. Nie mo\u017ce zabrakn\u0105\u0107 naszej modlitwy w tej intencji i konkretnych dzia\u0142a\u0144. Nie mo\u017ce zabrakn\u0105\u0107 przyk\u0142adu \u017cycia w naszych rodzinach i zach\u0119ty do s\u0142u\u017cby kap\u0142a\u0144skiej skierowanej do m\u0142odych ludzi.<\/p>\n<p><strong>\u00a0\u00a0\u00a0\u00a0\u00a0\u00a0\u00a0\u00a0\u00a0\u00a0\u00a0\u00a0\u00a0\u00a0\u00a0\u00a0\u00a0\u00a0\u00a0\u00a0\u00a0\u00a0\u00a0\u00a0\u00a0\u00a0 \u00a0\u00a0\u00a0\u00a0\u00a0\u00a0\u00a0Siostry i Bracia!<\/strong><\/p>\n<p>W tym szczeg\u00f3lnym dniu pragn\u0119 podzi\u0119kowa\u0107 za Wasze nieustanne wspieranie p\u0142ockiego seminarium, zar\u00f3wno w wymiarze duchowym jak i materialnym. Wasza troska zobowi\u0105zuje nas do wdzi\u0119czno\u015bci i sk\u0142adania dzi\u0119kczynienia Bogu za Wasze hojne dary. \u017bycz\u0119 ka\u017cdej i ka\u017cdemu z Was, by za wstawiennictwem\u00a0 \u015bw. Szczepana, B\u00f3g darzy\u0142 pragnieniem nieustannego szukania Jezusa w codzienno\u015bci, i dawania \u015bwiadectwa wsz\u0119dzie tam, gdzie Bo\u017ca Opatrzno\u015b\u0107 Was postawi.<\/p>\n<p><strong>P\u0142ock, dnia 22 grudnia 2025 r. <\/strong><em><strong>Ks. Marek Jarosz<\/strong><\/em><strong><em>\u00a0 &#8211; <\/em><\/strong><em><strong>Rektor Wy\u017cszego Seminarium Duchownego w P\u0142ocku<\/strong><\/em><\/p>\n<p>&nbsp;<\/p>\n<p>&nbsp;<\/p>\n","protected":false},"excerpt":{"rendered":"<p>\u00a0 \u00a0 \u00a0 \u00a0 \u00a0 \u00a0 \u00a0 \u00a0 \u00a0 \u00a0 \u00a0 \u00a0 \u00a0 \u00a0 \u00a0 \u00a0 \u00a0 \u00a0 \u00a0 \u00a0 \u00a0 \u00a0 \u00a0 \u00a0 \u00a0 \u00a0 \u00a0 \u00a0 \u00a0 \u00a0 \u00a0 \u00a0 \u00a0 \u00a0 \u00a0 \u00a0 \u00a0 Siostry i Bracia!\u00a0\u00a0\u00a0\u00a0\u00a0\u00a0\u00a0\u00a0\u00a0\u00a0\u00a0\u00a0\u00a0\u00a0\u00a0\u00a0\u00a0\u00a0\u00a0\u00a0\u00a0\u00a0\u00a0\u00a0\u00a0\u00a0\u00a0\u00a0\u00a0\u00a0\u00a0\u00a0\u00a0\u00a0\u00a0\u00a0\u00a0\u00a0\u00a0\u00a0\u00a0\u00a0\u00a0\u00a0\u00a0\u00a0\u00a0\u00a0\u00a0\u00a0\u00a0\u00a0\u00a0\u00a0\u00a0\u00a0\u00a0\u00a0\u00a0\u00a0\u00a0\u00a0\u00a0\u00a0\u00a0\u00a0\u00a0\u00a0\u00a0\u00a0\u00a0\u00a0\u00a0\u00a0\u00a0\u00a0\u00a0\u00a0\u00a0\u00a0\u00a0\u00a0 \u00a0\u00a0\u00a0\u00a0 W drugi dzie\u0144 oktawy Bo\u017cego Narodzenia obchodzimy wspomnienie \u015bw. Szczepana. Niekt\u00f3rzy powiadaj\u0105, \u017ce jest &hellip; <\/p>\n<p><a class=\"more-link btn\" href=\"https:\/\/parafiasmardzewo.pl\/?p=10501\">Kontynuuj czytanie<\/a><\/p>\n","protected":false},"author":2,"featured_media":9534,"comment_status":"open","ping_status":"open","sticky":false,"template":"","format":"standard","meta":[],"categories":[6],"tags":[],"_links":{"self":[{"href":"https:\/\/parafiasmardzewo.pl\/index.php?rest_route=\/wp\/v2\/posts\/10501"}],"collection":[{"href":"https:\/\/parafiasmardzewo.pl\/index.php?rest_route=\/wp\/v2\/posts"}],"about":[{"href":"https:\/\/parafiasmardzewo.pl\/index.php?rest_route=\/wp\/v2\/types\/post"}],"author":[{"embeddable":true,"href":"https:\/\/parafiasmardzewo.pl\/index.php?rest_route=\/wp\/v2\/users\/2"}],"replies":[{"embeddable":true,"href":"https:\/\/parafiasmardzewo.pl\/index.php?rest_route=%2Fwp%2Fv2%2Fcomments&post=10501"}],"version-history":[{"count":2,"href":"https:\/\/parafiasmardzewo.pl\/index.php?rest_route=\/wp\/v2\/posts\/10501\/revisions"}],"predecessor-version":[{"id":10503,"href":"https:\/\/parafiasmardzewo.pl\/index.php?rest_route=\/wp\/v2\/posts\/10501\/revisions\/10503"}],"wp:featuredmedia":[{"embeddable":true,"href":"https:\/\/parafiasmardzewo.pl\/index.php?rest_route=\/wp\/v2\/media\/9534"}],"wp:attachment":[{"href":"https:\/\/parafiasmardzewo.pl\/index.php?rest_route=%2Fwp%2Fv2%2Fmedia&parent=10501"}],"wp:term":[{"taxonomy":"category","embeddable":true,"href":"https:\/\/parafiasmardzewo.pl\/index.php?rest_route=%2Fwp%2Fv2%2Fcategories&post=10501"},{"taxonomy":"post_tag","embeddable":true,"href":"https:\/\/parafiasmardzewo.pl\/index.php?rest_route=%2Fwp%2Fv2%2Ftags&post=10501"}],"curies":[{"name":"wp","href":"https:\/\/api.w.org\/{rel}","templated":true}]}}