{"id":10504,"date":"2025-12-27T20:31:12","date_gmt":"2025-12-27T19:31:12","guid":{"rendered":"https:\/\/parafiasmardzewo.pl\/?p=10504"},"modified":"2025-12-28T08:34:30","modified_gmt":"2025-12-28T07:34:30","slug":"niedziela-swietej-rodziny-jezusa-maryi-i-jozea-28-grudnia-2025","status":"publish","type":"post","link":"https:\/\/parafiasmardzewo.pl\/?p=10504","title":{"rendered":"NIEDZIELA \u015aWI\u0118TEJ RODZINY: JEZUSA, MARYI I J\u00d3ZEA &#8211; 28 grudnia 2025"},"content":{"rendered":"<p><strong>\u00a0 \u00a0 \u00a0 \u00a0 \u00a0 <\/strong><strong>OG\u0141OSZENIA DUSZPASTERSKIE<\/strong><\/p>\n<ol>\n<li>Dzisiejsza, ostatnia niedziela 2025 roku, jest \u015bwi\u0119tem \u015awi\u0119tej Rodziny Nazareta\u0144skiej: Jezusa, Maryi i J\u00f3zefa. Wpatruj\u0105c si\u0119 w \u015awi\u0119t\u0105 Rodzin\u0119, \u0142atwiej zrozumiemy nasze powo\u0142anie do \u017cycia w rodzinie. Ona jest wzorem dla naszych rodzin. Zawieraj\u0105c autentyczn\u0105 przyja\u017a\u0144 ze \u015awi\u0119t\u0105 Rodzin\u0105, uczmy si\u0119 sztuki budowania wi\u0119zi w oparciu o\u00a0prawdziw\u0105 mi\u0142o\u015b\u0107.<\/li>\n<li>Zbli\u017ca si\u0119 koniec roku kalendarzowego 2025. Podobnie jak wszystkie ostatnie lata by\u0142 brzemienny w wydarzenia w Ko\u015bciele powszechnym i naszej lokalnej wsp\u00f3lnoty, w naszej Ojczy\u017anie i w naszych rodzinach. Warto pochyli\u0107 si\u0119 nad rado\u015bciami, sukcesami, ale tak\u017ce nad najtrudniejszymi momentami i do\u015bwiadczeniami tego czasu.<\/li>\n<li>W \u015brod\u0119, 31 grudnia, podczas specjalnego nabo\u017ce\u0144stwa dzi\u0119kczynno-przeb\u0142agalnego w\u00a0naszym ko\u015bciele, kt\u00f3re b\u0119dziemy celebrowali o godz. 16.00, podzi\u0119kujemy Bogu \u2013 dobremu Ojcu, za miniony czas i za otrzymane dobro. Przeprosimy za pope\u0142nione grzechy. B\u0119dziemy r\u00f3wnie\u017c prosi\u0107 o b\u0142ogos\u0142awie\u0144stwo nad nami, naszymi rodzinami i nad nasz\u0105 Ojczyzn\u0105. Za publiczne od\u015bpiewanie hymnu \u201eCiebie, Boga, wys\u0142awiamy\u201d podczas tego nabo\u017ce\u0144stwa b\u0119dzie mo\u017cna uzyska\u0107 odpust zupe\u0142ny.<\/li>\n<li>W najbli\u017cszy czwartek, 1 stycznia, z Maryj\u0105 \u2013 Bo\u017c\u0105 Rodzicielk\u0105 wejdziemy w Nowy Rok Pa\u0144ski 2026. Tego dnia w szczeg\u00f3lny spos\u00f3b b\u0119dziemy modlili si\u0119 o pok\u00f3j na \u015bwiecie. <strong>Porz\u0105dek Mszy \u015awi\u0119tych w naszym ko\u015bciele b\u0119dzie nast\u0119puj\u0105cy: godz. 10.00 i 16.00.<\/strong><\/li>\n<li>W sobot\u0119, 3 stycznia, w liturgii wspominamy Naj\u015bwi\u0119tsze Imi\u0119 Jezus. Oddajemy cze\u015b\u0107 Imieniu Jezus, kt\u00f3re przynosi zbawienie i ukazuje mi\u0142o\u015b\u0107 Boga do cz\u0142owieka. Imi\u0119 Jezus pochodzi z j\u0119zyka hebrajskiego i oznacza \u201eB\u00f3g zbawia\u201d lub \u201eB\u00f3g jest zbawieniem\u201d.<\/li>\n<li>W tym tygodniu przypada tak\u017ce pierwszy czwartek, pierwszy pi\u0105tek i pierwsza sobota miesi\u0105ca. W pierwszy czwartek (1 stycznia) b\u0119dziemy dzi\u0119kowali Panu Bogu za dar Eucharystii, b\u0119dziemy si\u0119 te\u017c modlili o liczne i\u00a0\u015bwi\u0119te powo\u0142ania kap\u0142a\u0144skie i\u00a0zakonne. W pierwszy pi\u0105tek miesi\u0105ca spowied\u017a od godz.15.30. Eucharystia o godz. 16.00 i adoracja Naj\u015bwi\u0119tszego Sakramentu. Przypominam, \u017ce kandydaci do sakramentu bierzmowania powinni odprawi\u0107 pierwsze pi\u0105tki miesi\u0105ca. Bardzo prosz\u0119, aby rozpocz\u0105\u0107 w najbli\u017cszy pi\u0105tek.<\/li>\n<li>Od poniedzia\u0142ku (29 XII) rozpocznie si\u0119 wizyta duszpasterska \u2013 kol\u0119da. <strong>Poniedzia\u0142ek<\/strong> \u2013 Podsmardzewo od godz. 9.30; <strong>wtorek<\/strong> \u2013 Milewo cz. I od Pani Olczak, od godz. 9.30<strong>; \u015broda<\/strong> \u2013 Koliszewo Po\u0142udnie \u2013 od godz. 9.30; <strong>pi\u0105tek<\/strong> &#8211; Smardzewo Kolonia\u00a0 od godz. 9.30; <strong>sobota<\/strong> \u2013 Milewo cz. II od Pana Sta\u0144czaka, od godz. 9.30..<\/li>\n<li><strong>W styczniu i lutym Msze \u015awi\u0119te w niedziele, w naszym ko\u015bciele, \u00a0b\u0119d\u0105 sprawowane o godz. 9.00 i 10.45. Eucharystii o godz. 16.00 nie b\u0119dzie<\/strong>. Msza \u015awi\u0119ta sprawowana o godz. 16.00 w sobot\u0119 b\u0119dzie z niedzieli. Ci, kt\u00f3rzy nie b\u0119d\u0105 mogli uczestniczy\u0107 w niedziel\u0119 mog\u0105 korzysta\u0107 z Eucharystii w sobot\u0119. W czasie tej Mszy \u015awi\u0119tej liturgia jest z niedzieli: 3 czytania Pisma \u015bwi\u0119tego, homilia, Wyznanie wiary.<\/li>\n<li>Za tydzie\u0144 (4 stycznia) zapraszam na op\u0142atek cz\u0142onk\u00f3w grup dzia\u0142aj\u0105cych w naszej parafii: Rada Duszpasterska, Rada Gospodarcza, Asysta procesyjna i inne. O godz. 15.00 b\u0119dzie dodatkowa Msza \u015awi\u0119ta i spotkanie op\u0142atkowe na plebanii.<\/li>\n<li>Przy ubieraniu \u017c\u0142\u00f3bka i strojeniu choinek pomagali: Danuta Kr\u00f3l, Henryk Kr\u00f3l, Robert Skwarski, Julia Skwarska, Stanis\u0142aw Skwarski, Dominik Kardaczka, Wincenty Sta\u0144czak i Tomasz Geller. Przy ubieraniu o\u0142tarzy pomaga\u0142a Bo\u017cena Chojnacka, choinki przywi\u00f3z\u0142 Tadeusz Kmieci\u0144ski. Serdecznie dzi\u0119kuj\u0119 za pomoc w przygotowaniu \u015bwi\u0105tyni na \u015bwi\u0119ta Bo\u017cego Narodzenia. Bardzo serdecznie dzi\u0119kuj\u0119 te\u017c Panu Januszowi Chmielewskiemu, le\u015bniczemu z K\u0119py za drzewka choinkowe.<\/li>\n<\/ol>\n<p>10.Zach\u0119cam do nabycia prasy katolickiej.<\/p>\n<p>&nbsp;<\/p>\n<p>&nbsp;<\/p>\n","protected":false},"excerpt":{"rendered":"<p>\u00a0 \u00a0 \u00a0 \u00a0 \u00a0 OG\u0141OSZENIA DUSZPASTERSKIE Dzisiejsza, ostatnia niedziela 2025 roku, jest \u015bwi\u0119tem \u015awi\u0119tej Rodziny Nazareta\u0144skiej: Jezusa, Maryi i J\u00f3zefa. Wpatruj\u0105c si\u0119 w \u015awi\u0119t\u0105 Rodzin\u0119, \u0142atwiej zrozumiemy nasze powo\u0142anie do \u017cycia w rodzinie. Ona jest wzorem dla naszych rodzin. Zawieraj\u0105c autentyczn\u0105 przyja\u017a\u0144 ze \u015awi\u0119t\u0105 Rodzin\u0105, uczmy si\u0119 sztuki budowania wi\u0119zi w oparciu o\u00a0prawdziw\u0105 mi\u0142o\u015b\u0107. &hellip; <\/p>\n<p><a class=\"more-link btn\" href=\"https:\/\/parafiasmardzewo.pl\/?p=10504\">Kontynuuj czytanie<\/a><\/p>\n","protected":false},"author":2,"featured_media":10404,"comment_status":"open","ping_status":"open","sticky":false,"template":"","format":"standard","meta":[],"categories":[2],"tags":[],"_links":{"self":[{"href":"https:\/\/parafiasmardzewo.pl\/index.php?rest_route=\/wp\/v2\/posts\/10504"}],"collection":[{"href":"https:\/\/parafiasmardzewo.pl\/index.php?rest_route=\/wp\/v2\/posts"}],"about":[{"href":"https:\/\/parafiasmardzewo.pl\/index.php?rest_route=\/wp\/v2\/types\/post"}],"author":[{"embeddable":true,"href":"https:\/\/parafiasmardzewo.pl\/index.php?rest_route=\/wp\/v2\/users\/2"}],"replies":[{"embeddable":true,"href":"https:\/\/parafiasmardzewo.pl\/index.php?rest_route=%2Fwp%2Fv2%2Fcomments&post=10504"}],"version-history":[{"count":7,"href":"https:\/\/parafiasmardzewo.pl\/index.php?rest_route=\/wp\/v2\/posts\/10504\/revisions"}],"predecessor-version":[{"id":10515,"href":"https:\/\/parafiasmardzewo.pl\/index.php?rest_route=\/wp\/v2\/posts\/10504\/revisions\/10515"}],"wp:featuredmedia":[{"embeddable":true,"href":"https:\/\/parafiasmardzewo.pl\/index.php?rest_route=\/wp\/v2\/media\/10404"}],"wp:attachment":[{"href":"https:\/\/parafiasmardzewo.pl\/index.php?rest_route=%2Fwp%2Fv2%2Fmedia&parent=10504"}],"wp:term":[{"taxonomy":"category","embeddable":true,"href":"https:\/\/parafiasmardzewo.pl\/index.php?rest_route=%2Fwp%2Fv2%2Fcategories&post=10504"},{"taxonomy":"post_tag","embeddable":true,"href":"https:\/\/parafiasmardzewo.pl\/index.php?rest_route=%2Fwp%2Fv2%2Ftags&post=10504"}],"curies":[{"name":"wp","href":"https:\/\/api.w.org\/{rel}","templated":true}]}}