{"id":10516,"date":"2026-01-03T20:21:27","date_gmt":"2026-01-03T19:21:27","guid":{"rendered":"https:\/\/parafiasmardzewo.pl\/?p=10516"},"modified":"2026-01-03T20:22:11","modified_gmt":"2026-01-03T19:22:11","slug":"druga-niedziela-po-narodzeniu-panskim-4-stycznia-2026","status":"publish","type":"post","link":"https:\/\/parafiasmardzewo.pl\/?p=10516","title":{"rendered":"DRUGA NIEDZIELA PO NARODZENIU PA\u0143SKIM &#8211; 4 stycznia 2026"},"content":{"rendered":"<p><strong>OG\u0141OSZENIA DUSZPASTERSKIE<\/strong><\/p>\n<ol>\n<li>Prze\u017cywamy rado\u015b\u0107 z narodzenia Pa\u0144skiego, cho\u0107 to ju\u017c druga niedziela po \u015bwi\u0119tach Bo\u017cego Narodzenia.<\/li>\n<li>W najbli\u017cszy wtorek, 6 stycznia, przypada uroczysto\u015b\u0107 Objawienia Pa\u0144skiego, w\u00a0naszej tradycji zwana \u015bwi\u0119tem Trzech Kr\u00f3li, kt\u00f3ra przypomina, \u017ce Syn Bo\u017cy przyszed\u0142 do ludzi wszystkich narod\u00f3w, ras i j\u0119zyk\u00f3w. Tego dnia w\u00a0ko\u015bciele pob\u0142ogos\u0142awimy kadzid\u0142o i\u00a0kred\u0119, kt\u00f3r\u0105 \u2013 zgodnie z dawnym polskim zwyczajem \u2013 na drzwiach naszych dom\u00f3w kre\u015blimy pierwsze litery imion M\u0119drc\u00f3w ze Wschodu: Kacpra, Melchiora i Baltazara (C\u00a0+\u00a0M\u00a0+ B), dodaj\u0105c cyfry roku Pa\u0144skiego (2026). Ten zapis t\u0142umaczymy te\u017c jako pro\u015bb\u0119, aby Chrystus pob\u0142ogos\u0142awi\u0142 nasz dom: \u201eChristus mansionem benedicat\u201d. Takie oznakowanie drzwi naszych dom\u00f3w stanowi \u015bwiadectwo wiary wobec naszych braci i si\u00f3str.<\/li>\n<li>W uroczysto\u015b\u0107 Objawienia Pa\u0144skiego obchodzimy Dzie\u0144 Pomocy Misjom i Misyjny Dzie\u0144 Dzieci. Dlatego do puszek tego dnia b\u0119d\u0105 zbierane ofiary na Krajowy Fundusz Misyjny. Polecam t\u0119 sk\u0142adk\u0119 ofiarno\u015bci Parafian.<\/li>\n<li>Jednocze\u015bnie w t\u0119 uroczysto\u015b\u0107, 6 stycznia, oficjalnie zostanie zako\u0144czony Rok Jubileuszowy 2025. Papie\u017c Leon XIV symbolicznie dokona zamkni\u0119cia Drzwi \u015awi\u0119tych w\u00a0Bazylice \u015awi\u0119tego Piotra na Watykanie.<\/li>\n<li>Pi\u0119kn\u0105 tradycj\u0105 zwi\u0105zan\u0105 z t\u0105 uroczysto\u015bci\u0105 staje si\u0119 te\u017c organizowany w naszych miejskich i wiejskich parafiach Orszak Trzech Kr\u00f3li. W to wsp\u00f3lnotowe \u015bwi\u0119towanie w\u0142\u0105cza si\u0119 wiele polskich rodzin, doros\u0142ych i dzieci, wsp\u00f3lnot parafialnych. Jest to wspania\u0142a publiczna manifestacja wiary i rado\u015bci z przyj\u015bcia Zbawiciela na \u015bwiat.<\/li>\n<li>W naszej \u015bwi\u0105tyni 6 stycznia (wtorek) dzieci ze Szko\u0142y Podstawowej im. Powsta\u0144c\u00f3w Styczniowych 1863 r. w Smardzewie przedstawi\u0105 jase\u0142ka, po Mszy \u015awi\u0119tej o godz. 10.45. Serdecznie zapraszam parafian i go\u015bci. W poniedzia\u0142ek, 5 stycznia, o godz. 10.30 b\u0119dzie pr\u00f3ba dla dzieci, kt\u00f3re bior\u0105 udzia\u0142 w jase\u0142kach.<\/li>\n<li>W przysz\u0142\u0105 niedziel\u0119 b\u0119dziemy obchodzi\u0107 \u015bwi\u0119to Chrztu Pa\u0144skiego, kt\u00f3re ko\u0144czy liturgiczny okres Narodzenia Pa\u0144skiego.<\/li>\n<li>W naszej parafii trwaj\u0105 doroczne odwiedziny duszpasterskie, tak zwana kol\u0119da. Program kol\u0119dy jest nast\u0119puj\u0105cy: <strong>poniedzia\u0142ek, wtorek i \u015broda<\/strong>\u00a0 bez kol\u0119dy; <strong>czwartek<\/strong> \u2013 Wierzb\u00f3wiec od godz. 9.30; <strong>pi\u0105tek<\/strong> \u2013 Kolonia S\u0142oszewo od godz. 11.00; <strong>sobota<\/strong> &#8211; \u0106wiklinek od godz. 9.30.<\/li>\n<li>Zach\u0119cam do nabycia prasy katolickiej.<\/li>\n<\/ol>\n<p>W tym tygodniu z naszej wsp\u00f3lnoty odesz\u0142a do wieczno\u015bci \u015bw. p. Katarzyna Cichocka, kt\u00f3ra prze\u017cy\u0142a 52 lata. Od uczestnik\u00f3w pogrzebu b\u0119dzie odprawionych 35 Mszy \u015awi\u0119tych. Zmar\u0142\u0105 parafiank\u0119 pole\u0107my mi\u0142osierdziu Bo\u017cemu: <em>Dobry Jezu, a nasz Panie, daj im wieczne spoczywanie\u00a0\u00a0\u00a0\u00a0\u00a0\u00a0\u00a0\u00a0\u00a0\u00a0\u00a0\u00a0\u00a0\u00a0\u00a0\u00a0\u00a0\u00a0\u00a0\u00a0\u00a0\u00a0\u00a0\u00a0\u00a0\u00a0\u00a0\u00a0\u00a0\u00a0\u00a0\u00a0\u00a0\u00a0\u00a0\u00a0\u00a0\u00a0\u00a0\u00a0\u00a0\u00a0\u00a0\u00a0\u00a0\u00a0\u00a0\u00a0\u00a0\u00a0\u00a0\u00a0\u00a0\u00a0\u00a0\u00a0\u00a0\u00a0\u00a0\u00a0\u00a0\u00a0\u00a0\u00a0\u00a0\u00a0\u00a0\u00a0\u00a0\u00a0\u00a0\u00a0\u00a0\u00a0\u00a0\u00a0\u00a0\u00a0\u00a0\u00a0\u00a0\u00a0\u00a0\u00a0\u00a0\u00a0\u00a0\u00a0\u00a0\u00a0\u00a0\u00a0\u00a0\u00a0\u00a0\u00a0\u00a0\u00a0\u00a0\u00a0\u00a0\u00a0\u00a0\u00a0\u00a0\u00a0\u00a0\u00a0\u00a0\u00a0\u00a0\u00a0\u00a0\u00a0\u00a0\u00a0\u00a0\u00a0\u00a0\u00a0\u00a0\u00a0\u00a0\u00a0\u00a0\u00a0 <\/em><\/p>\n","protected":false},"excerpt":{"rendered":"<p>OG\u0141OSZENIA DUSZPASTERSKIE Prze\u017cywamy rado\u015b\u0107 z narodzenia Pa\u0144skiego, cho\u0107 to ju\u017c druga niedziela po \u015bwi\u0119tach Bo\u017cego Narodzenia. W najbli\u017cszy wtorek, 6 stycznia, przypada uroczysto\u015b\u0107 Objawienia Pa\u0144skiego, w\u00a0naszej tradycji zwana \u015bwi\u0119tem Trzech Kr\u00f3li, kt\u00f3ra przypomina, \u017ce Syn Bo\u017cy przyszed\u0142 do ludzi wszystkich narod\u00f3w, ras i j\u0119zyk\u00f3w. Tego dnia w\u00a0ko\u015bciele pob\u0142ogos\u0142awimy kadzid\u0142o i\u00a0kred\u0119, kt\u00f3r\u0105 \u2013 zgodnie z dawnym &hellip; <\/p>\n<p><a class=\"more-link btn\" href=\"https:\/\/parafiasmardzewo.pl\/?p=10516\">Kontynuuj czytanie<\/a><\/p>\n","protected":false},"author":2,"featured_media":10404,"comment_status":"open","ping_status":"open","sticky":false,"template":"","format":"standard","meta":[],"categories":[2],"tags":[],"_links":{"self":[{"href":"https:\/\/parafiasmardzewo.pl\/index.php?rest_route=\/wp\/v2\/posts\/10516"}],"collection":[{"href":"https:\/\/parafiasmardzewo.pl\/index.php?rest_route=\/wp\/v2\/posts"}],"about":[{"href":"https:\/\/parafiasmardzewo.pl\/index.php?rest_route=\/wp\/v2\/types\/post"}],"author":[{"embeddable":true,"href":"https:\/\/parafiasmardzewo.pl\/index.php?rest_route=\/wp\/v2\/users\/2"}],"replies":[{"embeddable":true,"href":"https:\/\/parafiasmardzewo.pl\/index.php?rest_route=%2Fwp%2Fv2%2Fcomments&post=10516"}],"version-history":[{"count":2,"href":"https:\/\/parafiasmardzewo.pl\/index.php?rest_route=\/wp\/v2\/posts\/10516\/revisions"}],"predecessor-version":[{"id":10518,"href":"https:\/\/parafiasmardzewo.pl\/index.php?rest_route=\/wp\/v2\/posts\/10516\/revisions\/10518"}],"wp:featuredmedia":[{"embeddable":true,"href":"https:\/\/parafiasmardzewo.pl\/index.php?rest_route=\/wp\/v2\/media\/10404"}],"wp:attachment":[{"href":"https:\/\/parafiasmardzewo.pl\/index.php?rest_route=%2Fwp%2Fv2%2Fmedia&parent=10516"}],"wp:term":[{"taxonomy":"category","embeddable":true,"href":"https:\/\/parafiasmardzewo.pl\/index.php?rest_route=%2Fwp%2Fv2%2Fcategories&post=10516"},{"taxonomy":"post_tag","embeddable":true,"href":"https:\/\/parafiasmardzewo.pl\/index.php?rest_route=%2Fwp%2Fv2%2Ftags&post=10516"}],"curies":[{"name":"wp","href":"https:\/\/api.w.org\/{rel}","templated":true}]}}